{"id":1123,"date":"2020-09-17T15:18:00","date_gmt":"2020-09-17T13:18:00","guid":{"rendered":"https:\/\/charlotteabicyclette.com\/?p=1123"},"modified":"2021-04-16T10:17:18","modified_gmt":"2021-04-16T08:17:18","slug":"velodyssee-canal-nantes-carhaix","status":"publish","type":"post","link":"https:\/\/charlotteabicyclette.com\/index.php\/2020\/09\/17\/velodyssee-canal-nantes-carhaix\/","title":{"rendered":"La V\u00e9lodyss\u00e9e en Bretagne sur le canal de Nantes \u00e0 Carhaix"},"content":{"rendered":"\n<p>Durant mes vacances de l\u2019\u00e9t\u00e9 2020, apr\u00e8s la <a href=\"https:\/\/charlotteabicyclette.com\/index.php\/2020\/08\/25\/flowvelo-4j-a-velo-le-long-de-la-charente\/\" target=\"_blank\" rel=\"noreferrer noopener\">Flowv\u00e9lo<\/a> et la <a href=\"https:\/\/charlotteabicyclette.com\/index.php\/2020\/09\/14\/la-velodyssee-rochefort-pornic-6j-a-velo-cote-atlantique\/\" target=\"_blank\" rel=\"noreferrer noopener\">V\u00e9lodyss\u00e9e sur la c\u00f4te Atlantique<\/a>, j\u2019arrivais \u00e0 Nantes pour entamer ma deuxi\u00e8me semaine de voyage. Pour cette nouvelle semaine en Bretagne, je suis toujours l\u2019itin\u00e9raire de la <a href=\"https:\/\/www.lavelodyssee.com\/\" target=\"_blank\" rel=\"noreferrer noopener\">V\u00e9lodyss\u00e9e<\/a> qui, au d\u00e9part de Nantes, suit le canal de Nantes \u00e0 Brest.<\/p>\n\n\n\t\t\t<style>\r\n                #foogallery-gallery-1167.fg-justified .fg-item {\r\n                    margin-right: 2px;\r\n                    margin-bottom: 2px;\r\n                }\r\n\r\n                #foogallery-gallery-1167.fg-justified .fg-image {\r\n                    height: 250px;\r\n                }\r\n\t\t\t<\/style>\r\n\t\t\t<div class=\"foogallery foogallery-container foogallery-justified foogallery-lightbox-foobox fg-justified fg-light fg-loading-trail fg-loaded-fade-in fg-caption-always fg-hover-fade fg-ready\" id=\"foogallery-gallery-1167\" data-foogallery=\"{&quot;item&quot;:{&quot;showCaptionTitle&quot;:false,&quot;showCaptionDescription&quot;:true},&quot;lazy&quot;:true,&quot;template&quot;:{&quot;rowHeight&quot;:250,&quot;maxRowHeight&quot;:375,&quot;margins&quot;:2,&quot;align&quot;:&quot;center&quot;,&quot;lastRow&quot;:&quot;smart&quot;}}\" >\r\n\t<div class=\"fg-item fg-type-image fg-idle\"><figure class=\"fg-item-inner\"><a href=\"https:\/\/charlotteabicyclette.com\/wp-content\/uploads\/2021\/04\/DSCF2482-scaled.jpg\" data-attachment-id=\"1166\" data-type=\"image\" class=\"fg-thumb\"><span class=\"fg-image-wrap\"><img fetchpriority=\"high\" decoding=\"async\" height=\"375\" width=\"562\" class=\"skip-lazy fg-image\" data-src-fg=\"https:\/\/charlotteabicyclette.com\/wp-content\/uploads\/cache\/2021\/04\/DSCF2482-scaled\/2369826224.jpg\" data-srcset-fg=\"https:\/\/charlotteabicyclette.com\/wp-content\/uploads\/cache\/2021\/04\/DSCF2482-scaled\/3743610707.jpg 4x\" src=\"data:image\/svg+xml,%3Csvg%20xmlns%3D%22http%3A%2F%2Fwww.w3.org%2F2000%2Fsvg%22%20width%3D%22562%22%20height%3D%22375%22%20viewBox%3D%220%200%20562%20375%22%3E%3C%2Fsvg%3E\" loading=\"eager\"><\/span><span class=\"fg-image-overlay\"><\/span><\/a><figcaption class=\"fg-caption\"><div class=\"fg-caption-inner\"><\/div><\/figcaption><\/figure><div class=\"fg-loader\"><\/div><\/div><\/div>\r\n\n\n\n<div style=\"height:26px\" aria-hidden=\"true\" class=\"wp-block-spacer\"><\/div>\n\n\n\n<p>Apr\u00e8s diff\u00e9rents amis crois\u00e9s lors de ma premi\u00e8re semaine, cette semaine sera pass\u00e9e avec Graziella, avant ma troisi\u00e8me semaine avec H\u00e9l\u00e8ne.<\/p>\n\n\n\n<h2 class=\"has-text-color wp-block-heading\" style=\"color:#0092b3\">En quelques mots<\/h2>\n\n\n\n<p>Le trac\u00e9 de l\u2019itin\u00e9raire est disponible <a href=\"https:\/\/www.lavelodyssee.com\/itineraire\" target=\"_blank\" rel=\"noreferrer noopener\">ici<\/a>. L\u2019itin\u00e9raire est tr\u00e8s bien balis\u00e9, il n\u2019est pas indispensable d\u2019avoir un gps pour se rep\u00e9rer.<\/p>\n\n\n\n<p>Pour cette portion en Bretagne de La V\u00e9lodyss\u00e9e, il suffit de <strong><span style=\"color:#ffb126\" class=\"has-inline-color\">suivre le chemin de halage du canal au d\u00e9part de Nantes.<\/span><\/strong> J\u2019avais d\u00e9j\u00e0 d\u00e9couvert ce canal et visit\u00e9 le mus\u00e9e tr\u00e8s instructif \u00e0 son sujet lors de ma <a href=\"https:\/\/charlotteabicyclette.com\/index.php\/2018\/09\/08\/traversee-bretagne-5j-microaventure-a-velo\/\" target=\"_blank\" rel=\"noreferrer noopener\">travers\u00e9e nord-sud de la Bretagne<\/a>. C\u2019est un parcours parfaitement plat (sauf en arrivant sur M\u00fbr-de-Bretagne) et quasiment sans voitures.<strong><span style=\"color:#ffb126\" class=\"has-inline-color\"> Il est \u00e0 la port\u00e9e de tous, y compris en famille.<\/span><\/strong> Les paysages ne sont pas particuli\u00e8rement vari\u00e9s mais toujours plaisants.<\/p>\n\n\n\t\t\t<style>\r\n                #foogallery-gallery-1201.fg-justified .fg-item {\r\n                    margin-right: 2px;\r\n                    margin-bottom: 2px;\r\n                }\r\n\r\n                #foogallery-gallery-1201.fg-justified .fg-image {\r\n                    height: 250px;\r\n                }\r\n\t\t\t<\/style>\r\n\t\t\t<div class=\"foogallery foogallery-container foogallery-justified foogallery-lightbox-foobox fg-justified fg-light fg-loading-trail fg-loaded-fade-in fg-caption-always fg-hover-fade fg-ready\" id=\"foogallery-gallery-1201\" data-foogallery=\"{&quot;item&quot;:{&quot;showCaptionTitle&quot;:false,&quot;showCaptionDescription&quot;:true},&quot;lazy&quot;:true,&quot;template&quot;:{&quot;rowHeight&quot;:250,&quot;maxRowHeight&quot;:375,&quot;margins&quot;:2,&quot;align&quot;:&quot;center&quot;,&quot;lastRow&quot;:&quot;smart&quot;}}\" >\r\n\t<div class=\"fg-item fg-type-image fg-idle\"><figure class=\"fg-item-inner\"><a href=\"https:\/\/charlotteabicyclette.com\/wp-content\/uploads\/2021\/04\/DSCF2499-scaled.jpg\" data-caption-desc=\"Vaches et clocher au bord du canal de Nantes \u00e0 Brest\" data-attachment-id=\"1200\" data-type=\"image\" class=\"fg-thumb\"><span class=\"fg-image-wrap\"><img decoding=\"async\" height=\"375\" width=\"562\" class=\"skip-lazy fg-image\" data-src-fg=\"https:\/\/charlotteabicyclette.com\/wp-content\/uploads\/cache\/2021\/04\/DSCF2499-scaled\/3438894965.jpg\" data-srcset-fg=\"https:\/\/charlotteabicyclette.com\/wp-content\/uploads\/cache\/2021\/04\/DSCF2499-scaled\/2660959638.jpg 4x\" src=\"data:image\/svg+xml,%3Csvg%20xmlns%3D%22http%3A%2F%2Fwww.w3.org%2F2000%2Fsvg%22%20width%3D%22562%22%20height%3D%22375%22%20viewBox%3D%220%200%20562%20375%22%3E%3C%2Fsvg%3E\" loading=\"eager\"><\/span><span class=\"fg-image-overlay\"><\/span><\/a><figcaption class=\"fg-caption\"><div class=\"fg-caption-inner\"><div class=\"fg-caption-desc\">Vaches et clocher au bord du canal de Nantes \u00e0 Brest<\/div><\/div><\/figcaption><\/figure><div class=\"fg-loader\"><\/div><\/div><\/div>\r\n\n\n\n<div style=\"height:21px\" aria-hidden=\"true\" class=\"wp-block-spacer\"><\/div>\n\n\n\n<p>Pas de difficult\u00e9s particuli\u00e8res pour l\u2019h\u00e9bergement. Attention, quand on s\u2019approche du c\u0153ur de la Bretagne, moins touristique, les h\u00e9bergements sont plus rares. Il faut parfois anticiper.<\/p>\n\n\n\n<h2 class=\"has-text-color wp-block-heading\" style=\"color:#0092b3\">Le d\u00e9tail du parcours<\/h2>\n\n\n\n<h3 class=\"wp-block-heading\">1er jour en Bretagne \/ 10\u00e8me jour du voyage : Nantes &#8211; Nort-sur-Erdre<\/h3>\n\n\n\n<p>Cette portion d\u00e9marre \u00e0 Nantes o\u00f9 je m\u2019\u00e9tais arr\u00eat\u00e9e deux jours me reposer apr\u00e8s ma premi\u00e8re semaine de voyage. Nantes est parfaite pour une halte, il y a beaucoup de choses \u00e0 y faire. En particulier, chaque \u00e9t\u00e9 s\u2019y d\u00e9roule le <a href=\"https:\/\/www.levoyageanantes.fr\/\" target=\"_blank\" rel=\"noreferrer noopener\">Voyage \u00e0 Nantes<\/a>. Des oeuvres d\u2019art contemporain sont diss\u00e9min\u00e9es dans toute la ville, \u00e0 retrouver en suivant la ligne verte. Rafra\u00eechissant !<\/p>\n\n\n\n<p>Nous d\u00e9marrons donc notre p\u00e9riple sur la V\u00e9lodyss\u00e9e en Bretagne en milieu d\u2019apr\u00e8s-midi apr\u00e8s quelques visites \u00e0 Nantes. En suivant les petits panneaux, nous arrivons jusqu\u2019\u00e0 Nort-sur-Erdre pour y passer la nuit.<\/p>\n\n\n\t\t\t<style>\r\n                #foogallery-gallery-1170.fg-justified .fg-item {\r\n                    margin-right: 2px;\r\n                    margin-bottom: 2px;\r\n                }\r\n\r\n                #foogallery-gallery-1170.fg-justified .fg-image {\r\n                    height: 250px;\r\n                }\r\n\t\t\t<\/style>\r\n\t\t\t<div class=\"foogallery foogallery-container foogallery-justified foogallery-lightbox-foobox fg-justified fg-light fg-loading-trail fg-loaded-fade-in fg-caption-always fg-hover-fade fg-ready\" id=\"foogallery-gallery-1170\" data-foogallery=\"{&quot;item&quot;:{&quot;showCaptionTitle&quot;:false,&quot;showCaptionDescription&quot;:true},&quot;lazy&quot;:true,&quot;template&quot;:{&quot;rowHeight&quot;:250,&quot;maxRowHeight&quot;:375,&quot;margins&quot;:2,&quot;align&quot;:&quot;center&quot;,&quot;lastRow&quot;:&quot;smart&quot;}}\" >\r\n\t<div class=\"fg-item fg-type-image fg-idle\"><figure class=\"fg-item-inner\"><a href=\"https:\/\/charlotteabicyclette.com\/wp-content\/uploads\/2021\/04\/DSCF2472-scaled.jpg\" data-attachment-id=\"1168\" data-type=\"image\" class=\"fg-thumb\"><span class=\"fg-image-wrap\"><img decoding=\"async\" height=\"375\" width=\"562\" class=\"skip-lazy fg-image\" data-src-fg=\"https:\/\/charlotteabicyclette.com\/wp-content\/uploads\/cache\/2021\/04\/DSCF2472-scaled\/2167814183.jpg\" data-srcset-fg=\"https:\/\/charlotteabicyclette.com\/wp-content\/uploads\/cache\/2021\/04\/DSCF2472-scaled\/3545522884.jpg 4x\" src=\"data:image\/svg+xml,%3Csvg%20xmlns%3D%22http%3A%2F%2Fwww.w3.org%2F2000%2Fsvg%22%20width%3D%22562%22%20height%3D%22375%22%20viewBox%3D%220%200%20562%20375%22%3E%3C%2Fsvg%3E\" loading=\"eager\"><\/span><span class=\"fg-image-overlay\"><\/span><\/a><figcaption class=\"fg-caption\"><div class=\"fg-caption-inner\"><\/div><\/figcaption><\/figure><div class=\"fg-loader\"><\/div><\/div><div class=\"fg-item fg-type-image fg-idle\"><figure class=\"fg-item-inner\"><a href=\"https:\/\/charlotteabicyclette.com\/wp-content\/uploads\/2021\/04\/IMG_3919-scaled.jpg\" data-caption-desc=\"Au camping de Nort-sur-Erdre\" data-attachment-id=\"1169\" data-type=\"image\" class=\"fg-thumb\"><span class=\"fg-image-wrap\"><img decoding=\"async\" height=\"375\" width=\"500\" class=\"skip-lazy fg-image\" data-src-fg=\"https:\/\/charlotteabicyclette.com\/wp-content\/uploads\/cache\/2021\/04\/IMG_3919-scaled\/3177777812.jpg\" data-srcset-fg=\"https:\/\/charlotteabicyclette.com\/wp-content\/uploads\/cache\/2021\/04\/IMG_3919-scaled\/607111736.jpg 4x\" src=\"data:image\/svg+xml,%3Csvg%20xmlns%3D%22http%3A%2F%2Fwww.w3.org%2F2000%2Fsvg%22%20width%3D%22500%22%20height%3D%22375%22%20viewBox%3D%220%200%20500%20375%22%3E%3C%2Fsvg%3E\" loading=\"eager\"><\/span><span class=\"fg-image-overlay\"><\/span><\/a><figcaption class=\"fg-caption\"><div class=\"fg-caption-inner\"><div class=\"fg-caption-desc\">Au camping de Nort-sur-Erdre<\/div><\/div><\/figcaption><\/figure><div class=\"fg-loader\"><\/div><\/div><\/div>\r\n\n\n\n<div style=\"height:18px\" aria-hidden=\"true\" class=\"wp-block-spacer\"><\/div>\n\n\n\n<p>Total de la journ\u00e9e : 28 km<\/p>\n\n\n\n<h3 class=\"wp-block-heading\">J2 : Nort-sur-Erdre &#8211; Le Bellion<\/h3>\n\n\n\n<p>La journ\u00e9e s\u2019\u00e9coule paisiblement toujours en p\u00e9dalant le long du canal. On voit <strong><span style=\"color:#ffb126\" class=\"has-inline-color\">des \u00e9cluses, des arbres, des vaches, des galettes saucisses<\/span><\/strong>, etc.<\/p>\n\n\n\t\t\t<style>\r\n                #foogallery-gallery-1172.fg-justified .fg-item {\r\n                    margin-right: 2px;\r\n                    margin-bottom: 2px;\r\n                }\r\n\r\n                #foogallery-gallery-1172.fg-justified .fg-image {\r\n                    height: 250px;\r\n                }\r\n\t\t\t<\/style>\r\n\t\t\t<div class=\"foogallery foogallery-container foogallery-justified foogallery-lightbox-foobox fg-justified fg-light fg-loading-trail fg-loaded-fade-in fg-caption-always fg-hover-fade fg-ready\" id=\"foogallery-gallery-1172\" data-foogallery=\"{&quot;item&quot;:{&quot;showCaptionTitle&quot;:false,&quot;showCaptionDescription&quot;:true},&quot;lazy&quot;:true,&quot;template&quot;:{&quot;rowHeight&quot;:250,&quot;maxRowHeight&quot;:750,&quot;margins&quot;:2,&quot;align&quot;:&quot;center&quot;,&quot;lastRow&quot;:&quot;smart&quot;}}\" >\r\n\t<div class=\"fg-item fg-type-image fg-idle\"><figure class=\"fg-item-inner\"><a href=\"https:\/\/charlotteabicyclette.com\/wp-content\/uploads\/2021\/04\/IMG_3936-scaled.jpg\" data-caption-desc=\"Galette saucisse au march\u00e9 : un incontournable de la Bretagne\" data-attachment-id=\"1174\" data-type=\"image\" class=\"fg-thumb\"><span class=\"fg-image-wrap\"><img decoding=\"async\" height=\"750\" width=\"563\" class=\"skip-lazy fg-image\" data-src-fg=\"https:\/\/charlotteabicyclette.com\/wp-content\/uploads\/cache\/2021\/04\/IMG_3936-scaled\/1387124561.jpg\" src=\"data:image\/svg+xml,%3Csvg%20xmlns%3D%22http%3A%2F%2Fwww.w3.org%2F2000%2Fsvg%22%20width%3D%22563%22%20height%3D%22750%22%20viewBox%3D%220%200%20563%20750%22%3E%3C%2Fsvg%3E\" loading=\"eager\"><\/span><span class=\"fg-image-overlay\"><\/span><\/a><figcaption class=\"fg-caption\"><div class=\"fg-caption-inner\"><div class=\"fg-caption-desc\">Galette saucisse au march\u00e9 : un incontournable de la Bretagne<\/div><\/div><\/figcaption><\/figure><div class=\"fg-loader\"><\/div><\/div><div class=\"fg-item fg-type-image fg-idle\"><figure class=\"fg-item-inner\"><a href=\"https:\/\/charlotteabicyclette.com\/wp-content\/uploads\/2021\/04\/DSCF2496-scaled.jpg\" data-caption-title=\"Oiseau, vaches et canal\" data-attachment-id=\"1173\" data-type=\"image\" class=\"fg-thumb\"><span class=\"fg-image-wrap\"><img decoding=\"async\" title=\"Oiseau, vaches et canal\" height=\"750\" width=\"1125\" class=\"skip-lazy fg-image\" data-src-fg=\"https:\/\/charlotteabicyclette.com\/wp-content\/uploads\/cache\/2021\/04\/DSCF2496-scaled\/2099110374.jpg\" src=\"data:image\/svg+xml,%3Csvg%20xmlns%3D%22http%3A%2F%2Fwww.w3.org%2F2000%2Fsvg%22%20width%3D%221125%22%20height%3D%22750%22%20viewBox%3D%220%200%201125%20750%22%3E%3C%2Fsvg%3E\" loading=\"eager\"><\/span><span class=\"fg-image-overlay\"><\/span><\/a><figcaption class=\"fg-caption\"><div class=\"fg-caption-inner\"><\/div><\/figcaption><\/figure><div class=\"fg-loader\"><\/div><\/div><\/div>\r\n\n\n\n<div style=\"height:20px\" aria-hidden=\"true\" class=\"wp-block-spacer\"><\/div>\n\n\n\n<p>Au moment de chercher un camping pour la nuit, nous d\u00e9couvrons au bord du chemin de halage un <strong><span style=\"color:#ffb126\" class=\"has-inline-color\">lieu de bivouac de r\u00eave !<\/span><\/strong> Il s\u2019agit de la Halte de la Carri\u00e8re qui a \u00e9t\u00e9 am\u00e9nag\u00e9e par des riverains. On y trouve une grande table abrit\u00e9e de la pluie (important en Bretagne), un espace barbecue avec du bois, un \u00e9vier avec de l\u2019eau courante, un champ \u00e0 l\u2019arri\u00e8re pour planter la tente et m\u00eame des toilettes s\u00e8ches ! Quel luxe. M\u00eame le gros orage de la nuit ne nous fera pas changer d\u2019avis sur ce lieu de paradis pour cyclorandonneur.<\/p>\n\n\n\t\t\t<style>\r\n                #foogallery-gallery-1175.fg-justified .fg-item {\r\n                    margin-right: 2px;\r\n                    margin-bottom: 2px;\r\n                }\r\n\r\n                #foogallery-gallery-1175.fg-justified .fg-image {\r\n                    height: 250px;\r\n                }\r\n\t\t\t<\/style>\r\n\t\t\t<div class=\"foogallery foogallery-container foogallery-justified foogallery-lightbox-foobox fg-justified fg-light fg-loading-trail fg-loaded-fade-in fg-caption-always fg-hover-fade fg-ready\" id=\"foogallery-gallery-1175\" data-foogallery=\"{&quot;item&quot;:{&quot;showCaptionTitle&quot;:false,&quot;showCaptionDescription&quot;:true},&quot;lazy&quot;:true,&quot;template&quot;:{&quot;rowHeight&quot;:250,&quot;maxRowHeight&quot;:375,&quot;margins&quot;:2,&quot;align&quot;:&quot;center&quot;,&quot;lastRow&quot;:&quot;smart&quot;}}\" >\r\n\t<div class=\"fg-item fg-type-image fg-idle\"><figure class=\"fg-item-inner\"><a href=\"https:\/\/charlotteabicyclette.com\/wp-content\/uploads\/2021\/04\/14E1D8A4700DEEE2B0CB42CAE3D16BA5-scaled.jpg\" data-caption-desc=\"Halte de la Carri\u00e8re : un paradis pour cyclorandonneur\" data-attachment-id=\"1178\" data-type=\"image\" class=\"fg-thumb\"><span class=\"fg-image-wrap\"><img decoding=\"async\" height=\"375\" width=\"500\" class=\"skip-lazy fg-image\" data-src-fg=\"https:\/\/charlotteabicyclette.com\/wp-content\/uploads\/cache\/2021\/04\/14E1D8A4700DEEE2B0CB42CAE3D16BA5-scaled\/2321691911.jpg\" data-srcset-fg=\"https:\/\/charlotteabicyclette.com\/wp-content\/uploads\/cache\/2021\/04\/14E1D8A4700DEEE2B0CB42CAE3D16BA5-scaled\/4153985862.jpg 4x\" src=\"data:image\/svg+xml,%3Csvg%20xmlns%3D%22http%3A%2F%2Fwww.w3.org%2F2000%2Fsvg%22%20width%3D%22500%22%20height%3D%22375%22%20viewBox%3D%220%200%20500%20375%22%3E%3C%2Fsvg%3E\" loading=\"eager\"><\/span><span class=\"fg-image-overlay\"><\/span><\/a><figcaption class=\"fg-caption\"><div class=\"fg-caption-inner\"><div class=\"fg-caption-desc\">Halte de la Carri\u00e8re : un paradis pour cyclorandonneur<\/div><\/div><\/figcaption><\/figure><div class=\"fg-loader\"><\/div><\/div><div class=\"fg-item fg-type-image fg-idle\"><figure class=\"fg-item-inner\"><a href=\"https:\/\/charlotteabicyclette.com\/wp-content\/uploads\/2021\/04\/IMG_3960-scaled.jpg\" data-caption-desc=\"La halte de la Carri\u00e8re au Bellion, le long du chemin de halage\" data-attachment-id=\"1176\" data-type=\"image\" class=\"fg-thumb\"><span class=\"fg-image-wrap\"><img decoding=\"async\" height=\"375\" width=\"500\" class=\"skip-lazy fg-image\" data-src-fg=\"https:\/\/charlotteabicyclette.com\/wp-content\/uploads\/cache\/2021\/04\/IMG_3960-scaled\/455400093.jpg\" data-srcset-fg=\"https:\/\/charlotteabicyclette.com\/wp-content\/uploads\/cache\/2021\/04\/IMG_3960-scaled\/2187467313.jpg 4x\" src=\"data:image\/svg+xml,%3Csvg%20xmlns%3D%22http%3A%2F%2Fwww.w3.org%2F2000%2Fsvg%22%20width%3D%22500%22%20height%3D%22375%22%20viewBox%3D%220%200%20500%20375%22%3E%3C%2Fsvg%3E\" loading=\"eager\"><\/span><span class=\"fg-image-overlay\"><\/span><\/a><figcaption class=\"fg-caption\"><div class=\"fg-caption-inner\"><div class=\"fg-caption-desc\">La halte de la Carri\u00e8re au Bellion, le long du chemin de halage<\/div><\/div><\/figcaption><\/figure><div class=\"fg-loader\"><\/div><\/div><div class=\"fg-item fg-type-image fg-idle\"><figure class=\"fg-item-inner\"><a href=\"https:\/\/charlotteabicyclette.com\/wp-content\/uploads\/2021\/04\/C2CB8D2A687E4A5598A2AB436F9D0382-scaled.jpg\" data-caption-desc=\"Halte de la Carri\u00e8re : barbecue en pr\u00e9paration\" data-attachment-id=\"1177\" data-type=\"image\" class=\"fg-thumb\"><span class=\"fg-image-wrap\"><img decoding=\"async\" height=\"375\" width=\"500\" class=\"skip-lazy fg-image\" data-src-fg=\"https:\/\/charlotteabicyclette.com\/wp-content\/uploads\/cache\/2021\/04\/C2CB8D2A687E4A5598A2AB436F9D0382-scaled\/969459125.jpg\" data-srcset-fg=\"https:\/\/charlotteabicyclette.com\/wp-content\/uploads\/cache\/2021\/04\/C2CB8D2A687E4A5598A2AB436F9D0382-scaled\/1144142836.jpg 4x\" src=\"data:image\/svg+xml,%3Csvg%20xmlns%3D%22http%3A%2F%2Fwww.w3.org%2F2000%2Fsvg%22%20width%3D%22500%22%20height%3D%22375%22%20viewBox%3D%220%200%20500%20375%22%3E%3C%2Fsvg%3E\" loading=\"eager\"><\/span><span class=\"fg-image-overlay\"><\/span><\/a><figcaption class=\"fg-caption\"><div class=\"fg-caption-inner\"><div class=\"fg-caption-desc\">Halte de la Carri\u00e8re : barbecue en pr\u00e9paration<\/div><\/div><\/figcaption><\/figure><div class=\"fg-loader\"><\/div><\/div><\/div>\r\n\n\n\n<div style=\"height:26px\" aria-hidden=\"true\" class=\"wp-block-spacer\"><\/div>\n\n\n\n<p>Pour tout savoir sur le bivouac, Mila du blog Un Monde \u00e0 V\u00e9lo \u00e0 fait un <a href=\"https:\/\/un-monde-a-velo.com\/bivouac\/\" target=\"_blank\" rel=\"noreferrer noopener\">article<\/a> tr\u00e8s complet.<\/p>\n\n\n\n<p>Total de la journ\u00e9e : 67 km<\/p>\n\n\n\n<h3 class=\"wp-block-heading\">J3 : Le Bellion &#8211; Rohan<\/h3>\n\n\n\n<p>Le lendemain, nous arrivons rapidement \u00e0 Redon. A partir de l\u00e0, je suis en terrain connu. Car j\u2019ai d\u00e9j\u00e0 fait cette portion de la V\u00e9lodyss\u00e9e lors de mon <a href=\"https:\/\/charlotteabicyclette.com\/wp-admin\/post.php?post=739&amp;action=edit\" target=\"_blank\" rel=\"noreferrer noopener\">s\u00e9jour de 5 jours \u00e0 travers la Bretagne<\/a> (mais dans l\u2019autre sens). Pas trop de surprise donc sur le parcours m\u00eame si \u00e7a reste un plaisir de d\u00e9couvrir le <strong><span style=\"color:#ffb126\" class=\"has-inline-color\">ch\u00e2teau de Josselin<\/span><\/strong> au d\u00e9tour d\u2019une boucle du canal.<\/p>\n\n\n\t\t\t<style>\r\n                #foogallery-gallery-1180.fg-justified .fg-item {\r\n                    margin-right: 2px;\r\n                    margin-bottom: 2px;\r\n                }\r\n\r\n                #foogallery-gallery-1180.fg-justified .fg-image {\r\n                    height: 250px;\r\n                }\r\n\t\t\t<\/style>\r\n\t\t\t<div class=\"foogallery foogallery-container foogallery-justified foogallery-lightbox-foobox fg-justified fg-light fg-loading-trail fg-loaded-fade-in fg-caption-always fg-hover-fade fg-ready\" id=\"foogallery-gallery-1180\" data-foogallery=\"{&quot;item&quot;:{&quot;showCaptionTitle&quot;:false,&quot;showCaptionDescription&quot;:true},&quot;lazy&quot;:true,&quot;template&quot;:{&quot;rowHeight&quot;:250,&quot;maxRowHeight&quot;:375,&quot;margins&quot;:2,&quot;align&quot;:&quot;center&quot;,&quot;lastRow&quot;:&quot;smart&quot;}}\" >\r\n\t<div class=\"fg-item fg-type-image fg-idle\"><figure class=\"fg-item-inner\"><a href=\"https:\/\/charlotteabicyclette.com\/wp-content\/uploads\/2021\/04\/DSCF2550-scaled.jpg\" data-attachment-id=\"1179\" data-type=\"image\" class=\"fg-thumb\"><span class=\"fg-image-wrap\"><img decoding=\"async\" height=\"375\" width=\"562\" class=\"skip-lazy fg-image\" data-src-fg=\"https:\/\/charlotteabicyclette.com\/wp-content\/uploads\/cache\/2021\/04\/DSCF2550-scaled\/1484032457.jpg\" data-srcset-fg=\"https:\/\/charlotteabicyclette.com\/wp-content\/uploads\/cache\/2021\/04\/DSCF2550-scaled\/169268010.jpg 4x\" src=\"data:image\/svg+xml,%3Csvg%20xmlns%3D%22http%3A%2F%2Fwww.w3.org%2F2000%2Fsvg%22%20width%3D%22562%22%20height%3D%22375%22%20viewBox%3D%220%200%20562%20375%22%3E%3C%2Fsvg%3E\" loading=\"eager\"><\/span><span class=\"fg-image-overlay\"><\/span><\/a><figcaption class=\"fg-caption\"><div class=\"fg-caption-inner\"><\/div><\/figcaption><\/figure><div class=\"fg-loader\"><\/div><\/div><\/div>\r\n\n\n\n<div style=\"height:23px\" aria-hidden=\"true\" class=\"wp-block-spacer\"><\/div>\n\n\n\n<p>Nous terminons la journ\u00e9e au camping de Rohan, avec 96 km au compteur.<\/p>\n\n\n\n<h3 class=\"wp-block-heading\">J4 : Rohan &#8211; abbaye de Bon-Repos<\/h3>\n\n\n\n<p>Le parcours suit toujours le canal et je d\u00e9passe la partie que j\u2019avais d\u00e9j\u00e0 faite pour entrer en terre inconnue. Nous arrivons \u00e0 Pontivy o\u00f9 la V\u00e9lodyss\u00e9e semble faire quasiment demi-tour. C\u2019est normal, nous suivons maintenant la rivi\u00e8re le Balvet. Pass\u00e9s quelques km et surtout la mont\u00e9e du barrage du M\u00fbr-de-Bretagne, nous arrivons \u00e0 l\u2019abbaye de Bon-Repos o\u00f9 nous avons lou\u00e9 un g\u00eete. Et comme son nom l\u2019indique, nous avons bien dormi !<\/p>\n\n\n\t\t\t<style>\r\n                #foogallery-gallery-1183.fg-justified .fg-item {\r\n                    margin-right: 2px;\r\n                    margin-bottom: 2px;\r\n                }\r\n\r\n                #foogallery-gallery-1183.fg-justified .fg-image {\r\n                    height: 250px;\r\n                }\r\n\t\t\t<\/style>\r\n\t\t\t<div class=\"foogallery foogallery-container foogallery-justified foogallery-lightbox-foobox fg-justified fg-light fg-loading-trail fg-loaded-fade-in fg-caption-always fg-hover-fade fg-ready\" id=\"foogallery-gallery-1183\" data-foogallery=\"{&quot;item&quot;:{&quot;showCaptionTitle&quot;:false,&quot;showCaptionDescription&quot;:true},&quot;lazy&quot;:true,&quot;template&quot;:{&quot;rowHeight&quot;:250,&quot;maxRowHeight&quot;:750,&quot;margins&quot;:2,&quot;align&quot;:&quot;center&quot;,&quot;lastRow&quot;:&quot;smart&quot;}}\" >\r\n\t<div class=\"fg-item fg-type-image fg-idle\"><figure class=\"fg-item-inner\"><a href=\"https:\/\/charlotteabicyclette.com\/wp-content\/uploads\/2021\/04\/DSCF2538-scaled.jpg\" data-caption-desc=\"Une succession impressionnante d\u2019\u00e9cluses\" data-attachment-id=\"1181\" data-type=\"image\" class=\"fg-thumb\"><span class=\"fg-image-wrap\"><img decoding=\"async\" height=\"750\" width=\"500\" class=\"skip-lazy fg-image\" data-src-fg=\"https:\/\/charlotteabicyclette.com\/wp-content\/uploads\/cache\/2021\/04\/DSCF2538-scaled\/3817381501.jpg\" src=\"data:image\/svg+xml,%3Csvg%20xmlns%3D%22http%3A%2F%2Fwww.w3.org%2F2000%2Fsvg%22%20width%3D%22500%22%20height%3D%22750%22%20viewBox%3D%220%200%20500%20750%22%3E%3C%2Fsvg%3E\" loading=\"eager\"><\/span><span class=\"fg-image-overlay\"><\/span><\/a><figcaption class=\"fg-caption\"><div class=\"fg-caption-inner\"><div class=\"fg-caption-desc\">Une succession impressionnante d\u2019\u00e9cluses<\/div><\/div><\/figcaption><\/figure><div class=\"fg-loader\"><\/div><\/div><div class=\"fg-item fg-type-image fg-idle\"><figure class=\"fg-item-inner\"><a href=\"https:\/\/charlotteabicyclette.com\/wp-content\/uploads\/2021\/04\/DSCF2556-scaled.jpg\" data-caption-desc=\"L\u2019Abbaye de Bon Repos\" data-attachment-id=\"1182\" data-type=\"image\" class=\"fg-thumb\"><span class=\"fg-image-wrap\"><img decoding=\"async\" height=\"750\" width=\"1125\" class=\"skip-lazy fg-image\" data-src-fg=\"https:\/\/charlotteabicyclette.com\/wp-content\/uploads\/cache\/2021\/04\/DSCF2556-scaled\/1752586101.jpg\" src=\"data:image\/svg+xml,%3Csvg%20xmlns%3D%22http%3A%2F%2Fwww.w3.org%2F2000%2Fsvg%22%20width%3D%221125%22%20height%3D%22750%22%20viewBox%3D%220%200%201125%20750%22%3E%3C%2Fsvg%3E\" loading=\"eager\"><\/span><span class=\"fg-image-overlay\"><\/span><\/a><figcaption class=\"fg-caption\"><div class=\"fg-caption-inner\"><div class=\"fg-caption-desc\">L\u2019Abbaye de Bon Repos<\/div><\/div><\/figcaption><\/figure><div class=\"fg-loader\"><\/div><\/div><\/div>\r\n\n\n\n<div style=\"height:26px\" aria-hidden=\"true\" class=\"wp-block-spacer\"><\/div>\n\n\n\n<p>Total de la journ\u00e9e : 61 km<\/p>\n\n\n\n<h3 class=\"wp-block-heading\">J5 : abbaye de Bon-Repos &#8211; Carhaix-Plouguer<\/h3>\n\n\n\n<p>D\u00e9part tardif le lendemain matin. Apr\u00e8s une pause \u00e0 Rostrenen, nous arrivons tranquillement \u00e0 <strong><span style=\"color:#ffb126\" class=\"has-inline-color\">Carhaix<\/span><\/strong> apr\u00e8s 53 petits km. Carhaix n\u2019est pas dans une zone plate et il nous faut monter un peu pour arriver au camping.<\/p>\n\n\n\t\t\t<style>\r\n                #foogallery-gallery-1185.fg-justified .fg-item {\r\n                    margin-right: 2px;\r\n                    margin-bottom: 2px;\r\n                }\r\n\r\n                #foogallery-gallery-1185.fg-justified .fg-image {\r\n                    height: 250px;\r\n                }\r\n\t\t\t<\/style>\r\n\t\t\t<div class=\"foogallery foogallery-container foogallery-justified foogallery-lightbox-foobox fg-justified fg-light fg-loading-trail fg-loaded-fade-in fg-caption-always fg-hover-fade fg-ready\" id=\"foogallery-gallery-1185\" data-foogallery=\"{&quot;item&quot;:{&quot;showCaptionTitle&quot;:false,&quot;showCaptionDescription&quot;:true},&quot;lazy&quot;:true,&quot;template&quot;:{&quot;rowHeight&quot;:250,&quot;maxRowHeight&quot;:375,&quot;margins&quot;:2,&quot;align&quot;:&quot;center&quot;,&quot;lastRow&quot;:&quot;smart&quot;}}\" >\r\n\t<div class=\"fg-item fg-type-image fg-idle\"><figure class=\"fg-item-inner\"><a href=\"https:\/\/charlotteabicyclette.com\/wp-content\/uploads\/2021\/04\/DSCF2493-scaled.jpg\" data-attachment-id=\"1184\" data-type=\"image\" class=\"fg-thumb\"><span class=\"fg-image-wrap\"><img decoding=\"async\" height=\"375\" width=\"562\" class=\"skip-lazy fg-image\" data-src-fg=\"https:\/\/charlotteabicyclette.com\/wp-content\/uploads\/cache\/2021\/04\/DSCF2493-scaled\/1875109066.jpg\" data-srcset-fg=\"https:\/\/charlotteabicyclette.com\/wp-content\/uploads\/cache\/2021\/04\/DSCF2493-scaled\/1034010153.jpg 4x\" src=\"data:image\/svg+xml,%3Csvg%20xmlns%3D%22http%3A%2F%2Fwww.w3.org%2F2000%2Fsvg%22%20width%3D%22562%22%20height%3D%22375%22%20viewBox%3D%220%200%20562%20375%22%3E%3C%2Fsvg%3E\" loading=\"eager\"><\/span><span class=\"fg-image-overlay\"><\/span><\/a><figcaption class=\"fg-caption\"><div class=\"fg-caption-inner\"><\/div><\/figcaption><\/figure><div class=\"fg-loader\"><\/div><\/div><\/div>\r\n\n\n\n<div style=\"height:23px\" aria-hidden=\"true\" class=\"wp-block-spacer\"><\/div>\n\n\n\n<p>C\u2019est ainsi que se termine mon parcours sur la V\u00e9lodyss\u00e9e en Bretagne sur le canal entre Nantes et Carhaix.<\/p>\n\n\n\n<h3 class=\"wp-block-heading\">J6-7-8 : Kreiz Breizh et Guingamp<\/h3>\n\n\n\n<p>Pour les 3 jours suivants et le d\u00e9but de ma troisi\u00e8me semaine de voyage, c\u2019est le retour des aventures solitaires. Je quitte la V\u00e9lodyss\u00e9e pour rejoindre Guingamp en p\u00e9dalant \u00e0 travers le c\u0153ur de la Bretagne, <strong><span style=\"color:#ffb126\" class=\"has-inline-color\">Kreiz Breizh.<\/span><\/strong> On sent que les hivers y sont rudes et ce n\u2019est pas tr\u00e8s peupl\u00e9. J\u2019ai litt\u00e9ralement le camping pour moi toute seule \u00e0 Bulat-Pestivien.<\/p>\n\n\n\t\t\t<style>\r\n                #foogallery-gallery-1188.fg-justified .fg-item {\r\n                    margin-right: 2px;\r\n                    margin-bottom: 2px;\r\n                }\r\n\r\n                #foogallery-gallery-1188.fg-justified .fg-image {\r\n                    height: 250px;\r\n                }\r\n\t\t\t<\/style>\r\n\t\t\t<div class=\"foogallery foogallery-container foogallery-justified foogallery-lightbox-foobox fg-justified fg-light fg-loading-trail fg-loaded-fade-in fg-caption-always fg-hover-fade fg-ready\" id=\"foogallery-gallery-1188\" data-foogallery=\"{&quot;item&quot;:{&quot;showCaptionTitle&quot;:false,&quot;showCaptionDescription&quot;:true},&quot;lazy&quot;:true,&quot;template&quot;:{&quot;rowHeight&quot;:250,&quot;maxRowHeight&quot;:750,&quot;margins&quot;:2,&quot;align&quot;:&quot;center&quot;,&quot;lastRow&quot;:&quot;smart&quot;}}\" >\r\n\t<div class=\"fg-item fg-type-image fg-idle\"><figure class=\"fg-item-inner\"><a href=\"https:\/\/charlotteabicyclette.com\/wp-content\/uploads\/2021\/04\/DSCF2580-scaled.jpg\" data-caption-desc=\"Kreiz Breizh : le c\u0153ur de la Bretagne\" data-attachment-id=\"1186\" data-type=\"image\" class=\"fg-thumb\"><span class=\"fg-image-wrap\"><img decoding=\"async\" height=\"750\" width=\"1125\" class=\"skip-lazy fg-image\" data-src-fg=\"https:\/\/charlotteabicyclette.com\/wp-content\/uploads\/cache\/2021\/04\/DSCF2580-scaled\/4114561092.jpg\" src=\"data:image\/svg+xml,%3Csvg%20xmlns%3D%22http%3A%2F%2Fwww.w3.org%2F2000%2Fsvg%22%20width%3D%221125%22%20height%3D%22750%22%20viewBox%3D%220%200%201125%20750%22%3E%3C%2Fsvg%3E\" loading=\"eager\"><\/span><span class=\"fg-image-overlay\"><\/span><\/a><figcaption class=\"fg-caption\"><div class=\"fg-caption-inner\"><div class=\"fg-caption-desc\">Kreiz Breizh : le c\u0153ur de la Bretagne<\/div><\/div><\/figcaption><\/figure><div class=\"fg-loader\"><\/div><\/div><div class=\"fg-item fg-type-image fg-idle\"><figure class=\"fg-item-inner\"><a href=\"https:\/\/charlotteabicyclette.com\/wp-content\/uploads\/2021\/04\/IMG_4008-scaled.jpg\" data-caption-desc=\"Pas grand monde au camping en plein c\u0153ur de la Bretagne\" data-attachment-id=\"1187\" data-type=\"image\" class=\"fg-thumb\"><span class=\"fg-image-wrap\"><img decoding=\"async\" height=\"750\" width=\"563\" class=\"skip-lazy fg-image\" data-src-fg=\"https:\/\/charlotteabicyclette.com\/wp-content\/uploads\/cache\/2021\/04\/IMG_4008-scaled\/4288795615.jpg\" src=\"data:image\/svg+xml,%3Csvg%20xmlns%3D%22http%3A%2F%2Fwww.w3.org%2F2000%2Fsvg%22%20width%3D%22563%22%20height%3D%22750%22%20viewBox%3D%220%200%20563%20750%22%3E%3C%2Fsvg%3E\" loading=\"eager\"><\/span><span class=\"fg-image-overlay\"><\/span><\/a><figcaption class=\"fg-caption\"><div class=\"fg-caption-inner\"><div class=\"fg-caption-desc\">Pas grand monde au camping en plein c\u0153ur de la Bretagne<\/div><\/div><\/figcaption><\/figure><div class=\"fg-loader\"><\/div><\/div><div class=\"fg-item fg-type-image fg-idle\"><figure class=\"fg-item-inner\"><a href=\"https:\/\/charlotteabicyclette.com\/wp-content\/uploads\/2021\/04\/DSCF2585-scaled.jpg\" data-caption-desc=\"Kreiz Breizh : j\u2019ai crois\u00e9 plus de vaches que d\u2019habitants\" data-attachment-id=\"1203\" data-type=\"image\" class=\"fg-thumb\"><span class=\"fg-image-wrap\"><img decoding=\"async\" height=\"750\" width=\"1125\" class=\"skip-lazy fg-image\" data-src-fg=\"https:\/\/charlotteabicyclette.com\/wp-content\/uploads\/cache\/2021\/04\/DSCF2585-scaled\/2404837975.jpg\" src=\"data:image\/svg+xml,%3Csvg%20xmlns%3D%22http%3A%2F%2Fwww.w3.org%2F2000%2Fsvg%22%20width%3D%221125%22%20height%3D%22750%22%20viewBox%3D%220%200%201125%20750%22%3E%3C%2Fsvg%3E\" loading=\"eager\"><\/span><span class=\"fg-image-overlay\"><\/span><\/a><figcaption class=\"fg-caption\"><div class=\"fg-caption-inner\"><div class=\"fg-caption-desc\">Kreiz Breizh : j\u2019ai crois\u00e9 plus de vaches que d\u2019habitants<\/div><\/div><\/figcaption><\/figure><div class=\"fg-loader\"><\/div><\/div><\/div>\r\n\n\n\n<div style=\"height:23px\" aria-hidden=\"true\" class=\"wp-block-spacer\"><\/div>\n\n\n\n<p>Arriv\u00e9e \u00e0 <strong><span style=\"color:#ffb126\" class=\"has-inline-color\">Guingamp<\/span><\/strong>, j\u2019y passe 2 jours pour m\u2019y reposer, faire des lessives et prendre le temps de visiter cette ville, injustement m\u00e9connue. C\u2019est une <strong><span style=\"color:#ffb126\" class=\"has-inline-color\">tr\u00e8s jolie ville<\/span><\/strong>, avec un vrai centre historique, des fortifications, un ch\u00e2teau fort du XV\u00e8me si\u00e8cle, une basilique, des maisons \u00e0 colombage, etc. Elle dispose du label \u00ab&nbsp;petite cit\u00e9 de caract\u00e8re&nbsp;\u00bb, \u00e0 juste titre.<\/p>\n\n\n\t\t\t<style>\r\n                #foogallery-gallery-1198.fg-justified .fg-item {\r\n                    margin-right: 2px;\r\n                    margin-bottom: 2px;\r\n                }\r\n\r\n                #foogallery-gallery-1198.fg-justified .fg-image {\r\n                    height: 250px;\r\n                }\r\n\t\t\t<\/style>\r\n\t\t\t<div class=\"foogallery foogallery-container foogallery-justified foogallery-lightbox-foobox fg-justified fg-light fg-loading-trail fg-loaded-fade-in fg-caption-always fg-hover-fade fg-ready\" id=\"foogallery-gallery-1198\" data-foogallery=\"{&quot;item&quot;:{&quot;showCaptionTitle&quot;:false,&quot;showCaptionDescription&quot;:true},&quot;lazy&quot;:true,&quot;template&quot;:{&quot;rowHeight&quot;:250,&quot;maxRowHeight&quot;:750,&quot;margins&quot;:2,&quot;align&quot;:&quot;center&quot;,&quot;lastRow&quot;:&quot;smart&quot;}}\" >\r\n\t<div class=\"fg-item fg-type-image fg-idle\"><figure class=\"fg-item-inner\"><a href=\"https:\/\/charlotteabicyclette.com\/wp-content\/uploads\/2021\/04\/DSCF2629-scaled.jpg\" data-caption-desc=\"La place principale de Guingamp\" data-attachment-id=\"1191\" data-type=\"image\" class=\"fg-thumb\"><span class=\"fg-image-wrap\"><img decoding=\"async\" height=\"750\" width=\"1125\" class=\"skip-lazy fg-image\" data-src-fg=\"https:\/\/charlotteabicyclette.com\/wp-content\/uploads\/cache\/2021\/04\/DSCF2629-scaled\/3300069542.jpg\" src=\"data:image\/svg+xml,%3Csvg%20xmlns%3D%22http%3A%2F%2Fwww.w3.org%2F2000%2Fsvg%22%20width%3D%221125%22%20height%3D%22750%22%20viewBox%3D%220%200%201125%20750%22%3E%3C%2Fsvg%3E\" loading=\"eager\"><\/span><span class=\"fg-image-overlay\"><\/span><\/a><figcaption class=\"fg-caption\"><div class=\"fg-caption-inner\"><div class=\"fg-caption-desc\">La place principale de Guingamp<\/div><\/div><\/figcaption><\/figure><div class=\"fg-loader\"><\/div><\/div><div class=\"fg-item fg-type-image fg-idle\"><figure class=\"fg-item-inner\"><a href=\"https:\/\/charlotteabicyclette.com\/wp-content\/uploads\/2021\/04\/DSCF2632-scaled.jpg\" data-caption-desc=\"Guingamp et ses maisons \u00e0 colombage\" data-attachment-id=\"1192\" data-type=\"image\" class=\"fg-thumb\"><span class=\"fg-image-wrap\"><img decoding=\"async\" height=\"750\" width=\"1125\" class=\"skip-lazy fg-image\" data-src-fg=\"https:\/\/charlotteabicyclette.com\/wp-content\/uploads\/cache\/2021\/04\/DSCF2632-scaled\/2167643984.jpg\" src=\"data:image\/svg+xml,%3Csvg%20xmlns%3D%22http%3A%2F%2Fwww.w3.org%2F2000%2Fsvg%22%20width%3D%221125%22%20height%3D%22750%22%20viewBox%3D%220%200%201125%20750%22%3E%3C%2Fsvg%3E\" loading=\"eager\"><\/span><span class=\"fg-image-overlay\"><\/span><\/a><figcaption class=\"fg-caption\"><div class=\"fg-caption-inner\"><div class=\"fg-caption-desc\">Guingamp et ses maisons \u00e0 colombage<\/div><\/div><\/figcaption><\/figure><div class=\"fg-loader\"><\/div><\/div><div class=\"fg-item fg-type-image fg-idle\"><figure class=\"fg-item-inner\"><a href=\"https:\/\/charlotteabicyclette.com\/wp-content\/uploads\/2021\/04\/DSCF2609-scaled.jpg\" data-caption-desc=\"Guigamp, ses fortifications, sa basilique et ses oeuvres d\u2019art\" data-attachment-id=\"1193\" data-type=\"image\" class=\"fg-thumb\"><span class=\"fg-image-wrap\"><img decoding=\"async\" height=\"750\" width=\"500\" class=\"skip-lazy fg-image\" data-src-fg=\"https:\/\/charlotteabicyclette.com\/wp-content\/uploads\/cache\/2021\/04\/DSCF2609-scaled\/3553945364.jpg\" src=\"data:image\/svg+xml,%3Csvg%20xmlns%3D%22http%3A%2F%2Fwww.w3.org%2F2000%2Fsvg%22%20width%3D%22500%22%20height%3D%22750%22%20viewBox%3D%220%200%20500%20750%22%3E%3C%2Fsvg%3E\" loading=\"eager\"><\/span><span class=\"fg-image-overlay\"><\/span><\/a><figcaption class=\"fg-caption\"><div class=\"fg-caption-inner\"><div class=\"fg-caption-desc\">Guigamp, ses fortifications, sa basilique et ses oeuvres d\u2019art<\/div><\/div><\/figcaption><\/figure><div class=\"fg-loader\"><\/div><\/div><div class=\"fg-item fg-type-image fg-idle\"><figure class=\"fg-item-inner\"><a href=\"https:\/\/charlotteabicyclette.com\/wp-content\/uploads\/2021\/04\/IMG_4033-scaled.jpg\" data-caption-desc=\"Galette au bl\u00e9 noir et bi\u00e8re locale \u00e0 Guingamp\" data-attachment-id=\"1196\" data-type=\"image\" class=\"fg-thumb\"><span class=\"fg-image-wrap\"><img decoding=\"async\" height=\"750\" width=\"563\" class=\"skip-lazy fg-image\" data-src-fg=\"https:\/\/charlotteabicyclette.com\/wp-content\/uploads\/cache\/2021\/04\/IMG_4033-scaled\/2188603076.jpg\" src=\"data:image\/svg+xml,%3Csvg%20xmlns%3D%22http%3A%2F%2Fwww.w3.org%2F2000%2Fsvg%22%20width%3D%22563%22%20height%3D%22750%22%20viewBox%3D%220%200%20563%20750%22%3E%3C%2Fsvg%3E\" loading=\"eager\"><\/span><span class=\"fg-image-overlay\"><\/span><\/a><figcaption class=\"fg-caption\"><div class=\"fg-caption-inner\"><div class=\"fg-caption-desc\">Galette au bl\u00e9 noir et bi\u00e8re locale \u00e0 Guingamp<\/div><\/div><\/figcaption><\/figure><div class=\"fg-loader\"><\/div><\/div><div class=\"fg-item fg-type-image fg-idle\"><figure class=\"fg-item-inner\"><a href=\"https:\/\/charlotteabicyclette.com\/wp-content\/uploads\/2021\/04\/DSCF2653-scaled.jpg\" data-caption-desc=\"Guingamp au bord du Trieux\" data-attachment-id=\"1194\" data-type=\"image\" class=\"fg-thumb\"><span class=\"fg-image-wrap\"><img decoding=\"async\" height=\"750\" width=\"1125\" class=\"skip-lazy fg-image\" data-src-fg=\"https:\/\/charlotteabicyclette.com\/wp-content\/uploads\/cache\/2021\/04\/DSCF2653-scaled\/23092334.jpg\" src=\"data:image\/svg+xml,%3Csvg%20xmlns%3D%22http%3A%2F%2Fwww.w3.org%2F2000%2Fsvg%22%20width%3D%221125%22%20height%3D%22750%22%20viewBox%3D%220%200%201125%20750%22%3E%3C%2Fsvg%3E\" loading=\"eager\"><\/span><span class=\"fg-image-overlay\"><\/span><\/a><figcaption class=\"fg-caption\"><div class=\"fg-caption-inner\"><div class=\"fg-caption-desc\">Guingamp au bord du Trieux<\/div><\/div><\/figcaption><\/figure><div class=\"fg-loader\"><\/div><\/div><div class=\"fg-item fg-type-image fg-idle\"><figure class=\"fg-item-inner\"><a href=\"https:\/\/charlotteabicyclette.com\/wp-content\/uploads\/2021\/04\/DSCF2603-scaled.jpg\" data-attachment-id=\"1195\" data-type=\"image\" class=\"fg-thumb\"><span class=\"fg-image-wrap\"><img decoding=\"async\" height=\"750\" width=\"1125\" class=\"skip-lazy fg-image\" data-src-fg=\"https:\/\/charlotteabicyclette.com\/wp-content\/uploads\/cache\/2021\/04\/DSCF2603-scaled\/3739413296.jpg\" src=\"data:image\/svg+xml,%3Csvg%20xmlns%3D%22http%3A%2F%2Fwww.w3.org%2F2000%2Fsvg%22%20width%3D%221125%22%20height%3D%22750%22%20viewBox%3D%220%200%201125%20750%22%3E%3C%2Fsvg%3E\" loading=\"eager\"><\/span><span class=\"fg-image-overlay\"><\/span><\/a><figcaption class=\"fg-caption\"><div class=\"fg-caption-inner\"><\/div><\/figcaption><\/figure><div class=\"fg-loader\"><\/div><\/div><div class=\"fg-item fg-type-image fg-idle\"><figure class=\"fg-item-inner\"><a href=\"https:\/\/charlotteabicyclette.com\/wp-content\/uploads\/2021\/04\/DSCF2664-scaled.jpg\" data-caption-desc=\"Lavoir commun\" data-attachment-id=\"1197\" data-type=\"image\" class=\"fg-thumb\"><span class=\"fg-image-wrap\"><img decoding=\"async\" height=\"750\" width=\"500\" class=\"skip-lazy fg-image\" data-src-fg=\"https:\/\/charlotteabicyclette.com\/wp-content\/uploads\/cache\/2021\/04\/DSCF2664-scaled\/2260033311.jpg\" src=\"data:image\/svg+xml,%3Csvg%20xmlns%3D%22http%3A%2F%2Fwww.w3.org%2F2000%2Fsvg%22%20width%3D%22500%22%20height%3D%22750%22%20viewBox%3D%220%200%20500%20750%22%3E%3C%2Fsvg%3E\" loading=\"eager\"><\/span><span class=\"fg-image-overlay\"><\/span><\/a><figcaption class=\"fg-caption\"><div class=\"fg-caption-inner\"><div class=\"fg-caption-desc\">Lavoir commun<\/div><\/div><\/figcaption><\/figure><div class=\"fg-loader\"><\/div><\/div><\/div>\r\n\n\n\n<div style=\"height:31px\" aria-hidden=\"true\" class=\"wp-block-spacer\"><\/div>\n\n\n\n<p>Apr\u00e8s cette pause, mon amie H\u00e9l\u00e8ne me rejoint et nous partons <a href=\"https:\/\/charlotteabicyclette.com\/index.php\/2020\/10\/01\/3-jours-velo-velomaritime-bretagne-nord\/\" target=\"_blank\" rel=\"noreferrer noopener\">d\u00e9couvrir la V\u00e9lomaritime<\/a> pour la derni\u00e8re portion du voyage.<\/p>\n","protected":false},"excerpt":{"rendered":"<p>Durant mes vacances de l\u2019\u00e9t\u00e9 2020, apr\u00e8s la Flowv\u00e9lo et la V\u00e9lodyss\u00e9e sur la c\u00f4te Atlantique, j\u2019arrivais \u00e0 Nantes pour entamer ma deuxi\u00e8me semaine de voyage. Pour cette nouvelle semaine en Bretagne, je suis toujours l\u2019itin\u00e9raire de la V\u00e9lodyss\u00e9e qui, au d\u00e9part de Nantes, suit le canal de Nantes \u00e0 Brest. Apr\u00e8s diff\u00e9rents amis crois\u00e9s [&hellip;]<\/p>\n","protected":false},"author":1,"featured_media":1166,"comment_status":"open","ping_status":"open","sticky":false,"template":"","format":"standard","meta":{"footnotes":""},"categories":[30,2],"tags":[28,53,60],"class_list":["post-1123","post","type-post","status-publish","format-standard","has-post-thumbnail","hentry","category-aventures-au-long-cours","category-microaventures","tag-bretagne","tag-canal","tag-velodyssee"],"yoast_head":"<!-- This site is optimized with the Yoast SEO plugin v24.9 - https:\/\/yoast.com\/wordpress\/plugins\/seo\/ -->\n<title>La V\u00e9lodyss\u00e9e en Bretagne sur le canal de Nantes \u00e0 Carhaix - CHARLOTTE A BICYCLETTE<\/title>\n<meta name=\"description\" content=\"R\u00e9cit et parcours de 5j de voyage ou microaventure \u00e0 v\u00e9lo sur la V\u00e9lodyss\u00e9e en Bretagne de Nantes \u00e0 Carhaix sur le canal de Nantes \u00e0 Brest\" \/>\n<meta name=\"robots\" content=\"index, follow, max-snippet:-1, max-image-preview:large, max-video-preview:-1\" \/>\n<link rel=\"canonical\" href=\"https:\/\/charlotteabicyclette.com\/index.php\/2020\/09\/17\/velodyssee-canal-nantes-carhaix\/\" \/>\n<meta property=\"og:locale\" content=\"en_US\" \/>\n<meta property=\"og:type\" content=\"article\" \/>\n<meta property=\"og:title\" content=\"La V\u00e9lodyss\u00e9e en Bretagne sur le canal de Nantes \u00e0 Carhaix - CHARLOTTE A BICYCLETTE\" \/>\n<meta property=\"og:description\" content=\"R\u00e9cit et parcours de 5j de voyage ou microaventure \u00e0 v\u00e9lo sur la V\u00e9lodyss\u00e9e en Bretagne de Nantes \u00e0 Carhaix sur le canal de Nantes \u00e0 Brest\" \/>\n<meta property=\"og:url\" content=\"https:\/\/charlotteabicyclette.com\/index.php\/2020\/09\/17\/velodyssee-canal-nantes-carhaix\/\" \/>\n<meta property=\"og:site_name\" content=\"CHARLOTTE A BICYCLETTE\" \/>\n<meta property=\"article:publisher\" content=\"http:\/\/fb.me\/charlotteabicyclette\" \/>\n<meta property=\"article:published_time\" content=\"2020-09-17T13:18:00+00:00\" \/>\n<meta property=\"article:modified_time\" content=\"2021-04-16T08:17:18+00:00\" \/>\n<meta property=\"og:image\" content=\"https:\/\/charlotteabicyclette.com\/wp-content\/uploads\/2021\/04\/DSCF2482-scaled.jpg\" \/>\n\t<meta property=\"og:image:width\" content=\"2560\" \/>\n\t<meta property=\"og:image:height\" content=\"1707\" \/>\n\t<meta property=\"og:image:type\" content=\"image\/jpeg\" \/>\n<meta name=\"author\" content=\"Charlotte\" \/>\n<meta name=\"twitter:card\" content=\"summary_large_image\" \/>\n<meta name=\"twitter:label1\" content=\"Written by\" \/>\n\t<meta name=\"twitter:data1\" content=\"Charlotte\" \/>\n\t<meta name=\"twitter:label2\" content=\"Est. reading time\" \/>\n\t<meta name=\"twitter:data2\" content=\"4 minutes\" \/>\n<script type=\"application\/ld+json\" class=\"yoast-schema-graph\">{\"@context\":\"https:\/\/schema.org\",\"@graph\":[{\"@type\":\"Article\",\"@id\":\"https:\/\/charlotteabicyclette.com\/index.php\/2020\/09\/17\/velodyssee-canal-nantes-carhaix\/#article\",\"isPartOf\":{\"@id\":\"https:\/\/charlotteabicyclette.com\/index.php\/2020\/09\/17\/velodyssee-canal-nantes-carhaix\/\"},\"author\":{\"name\":\"Charlotte\",\"@id\":\"https:\/\/charlotteabicyclette.com\/#\/schema\/person\/43150260ccd3fa1831cfe26d9ce7b447\"},\"headline\":\"La V\u00e9lodyss\u00e9e en Bretagne sur le canal de Nantes \u00e0 Carhaix\",\"datePublished\":\"2020-09-17T13:18:00+00:00\",\"dateModified\":\"2021-04-16T08:17:18+00:00\",\"mainEntityOfPage\":{\"@id\":\"https:\/\/charlotteabicyclette.com\/index.php\/2020\/09\/17\/velodyssee-canal-nantes-carhaix\/\"},\"wordCount\":979,\"commentCount\":0,\"publisher\":{\"@id\":\"https:\/\/charlotteabicyclette.com\/#organization\"},\"image\":{\"@id\":\"https:\/\/charlotteabicyclette.com\/index.php\/2020\/09\/17\/velodyssee-canal-nantes-carhaix\/#primaryimage\"},\"thumbnailUrl\":\"https:\/\/charlotteabicyclette.com\/wp-content\/uploads\/2021\/04\/DSCF2482-scaled.jpg\",\"keywords\":[\"Bretagne\",\"canal\",\"V\u00e9lodyss\u00e9e\"],\"articleSection\":[\"Aventures au long cours\",\"Microaventures\"],\"inLanguage\":\"en-US\",\"potentialAction\":[{\"@type\":\"CommentAction\",\"name\":\"Comment\",\"target\":[\"https:\/\/charlotteabicyclette.com\/index.php\/2020\/09\/17\/velodyssee-canal-nantes-carhaix\/#respond\"]}]},{\"@type\":\"WebPage\",\"@id\":\"https:\/\/charlotteabicyclette.com\/index.php\/2020\/09\/17\/velodyssee-canal-nantes-carhaix\/\",\"url\":\"https:\/\/charlotteabicyclette.com\/index.php\/2020\/09\/17\/velodyssee-canal-nantes-carhaix\/\",\"name\":\"La V\u00e9lodyss\u00e9e en Bretagne sur le canal de Nantes \u00e0 Carhaix - CHARLOTTE A BICYCLETTE\",\"isPartOf\":{\"@id\":\"https:\/\/charlotteabicyclette.com\/#website\"},\"primaryImageOfPage\":{\"@id\":\"https:\/\/charlotteabicyclette.com\/index.php\/2020\/09\/17\/velodyssee-canal-nantes-carhaix\/#primaryimage\"},\"image\":{\"@id\":\"https:\/\/charlotteabicyclette.com\/index.php\/2020\/09\/17\/velodyssee-canal-nantes-carhaix\/#primaryimage\"},\"thumbnailUrl\":\"https:\/\/charlotteabicyclette.com\/wp-content\/uploads\/2021\/04\/DSCF2482-scaled.jpg\",\"datePublished\":\"2020-09-17T13:18:00+00:00\",\"dateModified\":\"2021-04-16T08:17:18+00:00\",\"description\":\"R\u00e9cit et parcours de 5j de voyage ou microaventure \u00e0 v\u00e9lo sur la V\u00e9lodyss\u00e9e en Bretagne de Nantes \u00e0 Carhaix sur le canal de Nantes \u00e0 Brest\",\"breadcrumb\":{\"@id\":\"https:\/\/charlotteabicyclette.com\/index.php\/2020\/09\/17\/velodyssee-canal-nantes-carhaix\/#breadcrumb\"},\"inLanguage\":\"en-US\",\"potentialAction\":[{\"@type\":\"ReadAction\",\"target\":[\"https:\/\/charlotteabicyclette.com\/index.php\/2020\/09\/17\/velodyssee-canal-nantes-carhaix\/\"]}]},{\"@type\":\"ImageObject\",\"inLanguage\":\"en-US\",\"@id\":\"https:\/\/charlotteabicyclette.com\/index.php\/2020\/09\/17\/velodyssee-canal-nantes-carhaix\/#primaryimage\",\"url\":\"https:\/\/charlotteabicyclette.com\/wp-content\/uploads\/2021\/04\/DSCF2482-scaled.jpg\",\"contentUrl\":\"https:\/\/charlotteabicyclette.com\/wp-content\/uploads\/2021\/04\/DSCF2482-scaled.jpg\",\"width\":2560,\"height\":1707},{\"@type\":\"BreadcrumbList\",\"@id\":\"https:\/\/charlotteabicyclette.com\/index.php\/2020\/09\/17\/velodyssee-canal-nantes-carhaix\/#breadcrumb\",\"itemListElement\":[{\"@type\":\"ListItem\",\"position\":1,\"name\":\"Accueil\",\"item\":\"https:\/\/charlotteabicyclette.com\/\"},{\"@type\":\"ListItem\",\"position\":2,\"name\":\"La V\u00e9lodyss\u00e9e en Bretagne sur le canal de Nantes \u00e0 Carhaix\"}]},{\"@type\":\"WebSite\",\"@id\":\"https:\/\/charlotteabicyclette.com\/#website\",\"url\":\"https:\/\/charlotteabicyclette.com\/\",\"name\":\"CHARLOTTE A BICYCLETTE\",\"description\":\"Aventures \u00e0 v\u00e9lo\",\"publisher\":{\"@id\":\"https:\/\/charlotteabicyclette.com\/#organization\"},\"potentialAction\":[{\"@type\":\"SearchAction\",\"target\":{\"@type\":\"EntryPoint\",\"urlTemplate\":\"https:\/\/charlotteabicyclette.com\/?s={search_term_string}\"},\"query-input\":{\"@type\":\"PropertyValueSpecification\",\"valueRequired\":true,\"valueName\":\"search_term_string\"}}],\"inLanguage\":\"en-US\"},{\"@type\":\"Organization\",\"@id\":\"https:\/\/charlotteabicyclette.com\/#organization\",\"name\":\"Charlotte \u00e0 bicyclette\",\"url\":\"https:\/\/charlotteabicyclette.com\/\",\"logo\":{\"@type\":\"ImageObject\",\"inLanguage\":\"en-US\",\"@id\":\"https:\/\/charlotteabicyclette.com\/#\/schema\/logo\/image\/\",\"url\":\"https:\/\/charlotteabicyclette.com\/wp-content\/uploads\/2020\/02\/Charlotte-\u00e0-bicyclette-logo-A4-1.png\",\"contentUrl\":\"https:\/\/charlotteabicyclette.com\/wp-content\/uploads\/2020\/02\/Charlotte-\u00e0-bicyclette-logo-A4-1.png\",\"width\":8334,\"height\":8335,\"caption\":\"Charlotte \u00e0 bicyclette\"},\"image\":{\"@id\":\"https:\/\/charlotteabicyclette.com\/#\/schema\/logo\/image\/\"},\"sameAs\":[\"http:\/\/fb.me\/charlotteabicyclette\",\"https:\/\/www.instagram.com\/charlotteabicyclette\/\"]},{\"@type\":\"Person\",\"@id\":\"https:\/\/charlotteabicyclette.com\/#\/schema\/person\/43150260ccd3fa1831cfe26d9ce7b447\",\"name\":\"Charlotte\",\"image\":{\"@type\":\"ImageObject\",\"inLanguage\":\"en-US\",\"@id\":\"https:\/\/charlotteabicyclette.com\/#\/schema\/person\/image\/\",\"url\":\"https:\/\/secure.gravatar.com\/avatar\/20fd74ff441eb3d0fd0a228c0f0c07db?s=96&d=mm&r=g\",\"contentUrl\":\"https:\/\/secure.gravatar.com\/avatar\/20fd74ff441eb3d0fd0a228c0f0c07db?s=96&d=mm&r=g\",\"caption\":\"Charlotte\"}}]}<\/script>\n<!-- \/ Yoast SEO plugin. -->","yoast_head_json":{"title":"La V\u00e9lodyss\u00e9e en Bretagne sur le canal de Nantes \u00e0 Carhaix - CHARLOTTE A BICYCLETTE","description":"R\u00e9cit et parcours de 5j de voyage ou microaventure \u00e0 v\u00e9lo sur la V\u00e9lodyss\u00e9e en Bretagne de Nantes \u00e0 Carhaix sur le canal de Nantes \u00e0 Brest","robots":{"index":"index","follow":"follow","max-snippet":"max-snippet:-1","max-image-preview":"max-image-preview:large","max-video-preview":"max-video-preview:-1"},"canonical":"https:\/\/charlotteabicyclette.com\/index.php\/2020\/09\/17\/velodyssee-canal-nantes-carhaix\/","og_locale":"en_US","og_type":"article","og_title":"La V\u00e9lodyss\u00e9e en Bretagne sur le canal de Nantes \u00e0 Carhaix - CHARLOTTE A BICYCLETTE","og_description":"R\u00e9cit et parcours de 5j de voyage ou microaventure \u00e0 v\u00e9lo sur la V\u00e9lodyss\u00e9e en Bretagne de Nantes \u00e0 Carhaix sur le canal de Nantes \u00e0 Brest","og_url":"https:\/\/charlotteabicyclette.com\/index.php\/2020\/09\/17\/velodyssee-canal-nantes-carhaix\/","og_site_name":"CHARLOTTE A BICYCLETTE","article_publisher":"http:\/\/fb.me\/charlotteabicyclette","article_published_time":"2020-09-17T13:18:00+00:00","article_modified_time":"2021-04-16T08:17:18+00:00","og_image":[{"width":2560,"height":1707,"url":"https:\/\/charlotteabicyclette.com\/wp-content\/uploads\/2021\/04\/DSCF2482-scaled.jpg","type":"image\/jpeg"}],"author":"Charlotte","twitter_card":"summary_large_image","twitter_misc":{"Written by":"Charlotte","Est. reading time":"4 minutes"},"schema":{"@context":"https:\/\/schema.org","@graph":[{"@type":"Article","@id":"https:\/\/charlotteabicyclette.com\/index.php\/2020\/09\/17\/velodyssee-canal-nantes-carhaix\/#article","isPartOf":{"@id":"https:\/\/charlotteabicyclette.com\/index.php\/2020\/09\/17\/velodyssee-canal-nantes-carhaix\/"},"author":{"name":"Charlotte","@id":"https:\/\/charlotteabicyclette.com\/#\/schema\/person\/43150260ccd3fa1831cfe26d9ce7b447"},"headline":"La V\u00e9lodyss\u00e9e en Bretagne sur le canal de Nantes \u00e0 Carhaix","datePublished":"2020-09-17T13:18:00+00:00","dateModified":"2021-04-16T08:17:18+00:00","mainEntityOfPage":{"@id":"https:\/\/charlotteabicyclette.com\/index.php\/2020\/09\/17\/velodyssee-canal-nantes-carhaix\/"},"wordCount":979,"commentCount":0,"publisher":{"@id":"https:\/\/charlotteabicyclette.com\/#organization"},"image":{"@id":"https:\/\/charlotteabicyclette.com\/index.php\/2020\/09\/17\/velodyssee-canal-nantes-carhaix\/#primaryimage"},"thumbnailUrl":"https:\/\/charlotteabicyclette.com\/wp-content\/uploads\/2021\/04\/DSCF2482-scaled.jpg","keywords":["Bretagne","canal","V\u00e9lodyss\u00e9e"],"articleSection":["Aventures au long cours","Microaventures"],"inLanguage":"en-US","potentialAction":[{"@type":"CommentAction","name":"Comment","target":["https:\/\/charlotteabicyclette.com\/index.php\/2020\/09\/17\/velodyssee-canal-nantes-carhaix\/#respond"]}]},{"@type":"WebPage","@id":"https:\/\/charlotteabicyclette.com\/index.php\/2020\/09\/17\/velodyssee-canal-nantes-carhaix\/","url":"https:\/\/charlotteabicyclette.com\/index.php\/2020\/09\/17\/velodyssee-canal-nantes-carhaix\/","name":"La V\u00e9lodyss\u00e9e en Bretagne sur le canal de Nantes \u00e0 Carhaix - CHARLOTTE A BICYCLETTE","isPartOf":{"@id":"https:\/\/charlotteabicyclette.com\/#website"},"primaryImageOfPage":{"@id":"https:\/\/charlotteabicyclette.com\/index.php\/2020\/09\/17\/velodyssee-canal-nantes-carhaix\/#primaryimage"},"image":{"@id":"https:\/\/charlotteabicyclette.com\/index.php\/2020\/09\/17\/velodyssee-canal-nantes-carhaix\/#primaryimage"},"thumbnailUrl":"https:\/\/charlotteabicyclette.com\/wp-content\/uploads\/2021\/04\/DSCF2482-scaled.jpg","datePublished":"2020-09-17T13:18:00+00:00","dateModified":"2021-04-16T08:17:18+00:00","description":"R\u00e9cit et parcours de 5j de voyage ou microaventure \u00e0 v\u00e9lo sur la V\u00e9lodyss\u00e9e en Bretagne de Nantes \u00e0 Carhaix sur le canal de Nantes \u00e0 Brest","breadcrumb":{"@id":"https:\/\/charlotteabicyclette.com\/index.php\/2020\/09\/17\/velodyssee-canal-nantes-carhaix\/#breadcrumb"},"inLanguage":"en-US","potentialAction":[{"@type":"ReadAction","target":["https:\/\/charlotteabicyclette.com\/index.php\/2020\/09\/17\/velodyssee-canal-nantes-carhaix\/"]}]},{"@type":"ImageObject","inLanguage":"en-US","@id":"https:\/\/charlotteabicyclette.com\/index.php\/2020\/09\/17\/velodyssee-canal-nantes-carhaix\/#primaryimage","url":"https:\/\/charlotteabicyclette.com\/wp-content\/uploads\/2021\/04\/DSCF2482-scaled.jpg","contentUrl":"https:\/\/charlotteabicyclette.com\/wp-content\/uploads\/2021\/04\/DSCF2482-scaled.jpg","width":2560,"height":1707},{"@type":"BreadcrumbList","@id":"https:\/\/charlotteabicyclette.com\/index.php\/2020\/09\/17\/velodyssee-canal-nantes-carhaix\/#breadcrumb","itemListElement":[{"@type":"ListItem","position":1,"name":"Accueil","item":"https:\/\/charlotteabicyclette.com\/"},{"@type":"ListItem","position":2,"name":"La V\u00e9lodyss\u00e9e en Bretagne sur le canal de Nantes \u00e0 Carhaix"}]},{"@type":"WebSite","@id":"https:\/\/charlotteabicyclette.com\/#website","url":"https:\/\/charlotteabicyclette.com\/","name":"CHARLOTTE A BICYCLETTE","description":"Aventures \u00e0 v\u00e9lo","publisher":{"@id":"https:\/\/charlotteabicyclette.com\/#organization"},"potentialAction":[{"@type":"SearchAction","target":{"@type":"EntryPoint","urlTemplate":"https:\/\/charlotteabicyclette.com\/?s={search_term_string}"},"query-input":{"@type":"PropertyValueSpecification","valueRequired":true,"valueName":"search_term_string"}}],"inLanguage":"en-US"},{"@type":"Organization","@id":"https:\/\/charlotteabicyclette.com\/#organization","name":"Charlotte \u00e0 bicyclette","url":"https:\/\/charlotteabicyclette.com\/","logo":{"@type":"ImageObject","inLanguage":"en-US","@id":"https:\/\/charlotteabicyclette.com\/#\/schema\/logo\/image\/","url":"https:\/\/charlotteabicyclette.com\/wp-content\/uploads\/2020\/02\/Charlotte-\u00e0-bicyclette-logo-A4-1.png","contentUrl":"https:\/\/charlotteabicyclette.com\/wp-content\/uploads\/2020\/02\/Charlotte-\u00e0-bicyclette-logo-A4-1.png","width":8334,"height":8335,"caption":"Charlotte \u00e0 bicyclette"},"image":{"@id":"https:\/\/charlotteabicyclette.com\/#\/schema\/logo\/image\/"},"sameAs":["http:\/\/fb.me\/charlotteabicyclette","https:\/\/www.instagram.com\/charlotteabicyclette\/"]},{"@type":"Person","@id":"https:\/\/charlotteabicyclette.com\/#\/schema\/person\/43150260ccd3fa1831cfe26d9ce7b447","name":"Charlotte","image":{"@type":"ImageObject","inLanguage":"en-US","@id":"https:\/\/charlotteabicyclette.com\/#\/schema\/person\/image\/","url":"https:\/\/secure.gravatar.com\/avatar\/20fd74ff441eb3d0fd0a228c0f0c07db?s=96&d=mm&r=g","contentUrl":"https:\/\/secure.gravatar.com\/avatar\/20fd74ff441eb3d0fd0a228c0f0c07db?s=96&d=mm&r=g","caption":"Charlotte"}}]}},"_links":{"self":[{"href":"https:\/\/charlotteabicyclette.com\/index.php\/wp-json\/wp\/v2\/posts\/1123","targetHints":{"allow":["GET"]}}],"collection":[{"href":"https:\/\/charlotteabicyclette.com\/index.php\/wp-json\/wp\/v2\/posts"}],"about":[{"href":"https:\/\/charlotteabicyclette.com\/index.php\/wp-json\/wp\/v2\/types\/post"}],"author":[{"embeddable":true,"href":"https:\/\/charlotteabicyclette.com\/index.php\/wp-json\/wp\/v2\/users\/1"}],"replies":[{"embeddable":true,"href":"https:\/\/charlotteabicyclette.com\/index.php\/wp-json\/wp\/v2\/comments?post=1123"}],"version-history":[{"count":7,"href":"https:\/\/charlotteabicyclette.com\/index.php\/wp-json\/wp\/v2\/posts\/1123\/revisions"}],"predecessor-version":[{"id":1256,"href":"https:\/\/charlotteabicyclette.com\/index.php\/wp-json\/wp\/v2\/posts\/1123\/revisions\/1256"}],"wp:featuredmedia":[{"embeddable":true,"href":"https:\/\/charlotteabicyclette.com\/index.php\/wp-json\/wp\/v2\/media\/1166"}],"wp:attachment":[{"href":"https:\/\/charlotteabicyclette.com\/index.php\/wp-json\/wp\/v2\/media?parent=1123"}],"wp:term":[{"taxonomy":"category","embeddable":true,"href":"https:\/\/charlotteabicyclette.com\/index.php\/wp-json\/wp\/v2\/categories?post=1123"},{"taxonomy":"post_tag","embeddable":true,"href":"https:\/\/charlotteabicyclette.com\/index.php\/wp-json\/wp\/v2\/tags?post=1123"}],"curies":[{"name":"wp","href":"https:\/\/api.w.org\/{rel}","templated":true}]}}