{"id":1218,"date":"2020-10-01T10:07:00","date_gmt":"2020-10-01T08:07:00","guid":{"rendered":"https:\/\/charlotteabicyclette.com\/?p=1218"},"modified":"2021-04-16T10:10:14","modified_gmt":"2021-04-16T08:10:14","slug":"3-jours-velo-velomaritime-bretagne-nord","status":"publish","type":"post","link":"https:\/\/charlotteabicyclette.com\/index.php\/2020\/10\/01\/3-jours-velo-velomaritime-bretagne-nord\/","title":{"rendered":"3 jours \u00e0 v\u00e9lo sur la V\u00e9lomaritime en Bretagne nord"},"content":{"rendered":"\n<p>Lors de mes deux semaines de vacances pr\u00e9c\u00e9dentes, j\u2019ai <a href=\"https:\/\/charlotteabicyclette.com\/index.php\/2020\/08\/25\/flowvelo-4j-a-velo-le-long-de-la-charente\/\" target=\"_blank\" rel=\"noreferrer noopener\">suivi la Charente<\/a>, <a href=\"https:\/\/charlotteabicyclette.com\/index.php\/2020\/09\/14\/la-velodyssee-rochefort-pornic-6j-a-velo-cote-atlantique\/\" target=\"_blank\" rel=\"noreferrer noopener\">remont\u00e9 la c\u00f4te Atlantique<\/a> puis <a href=\"https:\/\/charlotteabicyclette.com\/index.php\/2020\/09\/17\/velodyssee-canal-nantes-carhaix\/\" target=\"_blank\" rel=\"noreferrer noopener\">travers\u00e9 la Bretagne<\/a> jusqu\u2019\u00e0 Guingamp. L\u00e0, mon amie H\u00e9l\u00e8ne me rejoint pour que nous partions <strong><span style=\"color:#ffb126\" class=\"has-inline-color\">3 jours \u00e0 v\u00e9lo sur la V\u00e9lomaritime en Bretagne nord,<\/span><\/strong> le long de la Manche entre Plouha et Saint-Cast-le-Guildo.<\/p>\n\n\n\t\t\t<style>\r\n                #foogallery-gallery-1223.fg-justified .fg-item {\r\n                    margin-right: 2px;\r\n                    margin-bottom: 2px;\r\n                }\r\n\r\n                #foogallery-gallery-1223.fg-justified .fg-image {\r\n                    height: 250px;\r\n                }\r\n\t\t\t<\/style>\r\n\t\t\t<div class=\"foogallery foogallery-container foogallery-justified foogallery-lightbox-foobox fg-justified fg-light fg-loading-trail fg-loaded-fade-in fg-caption-always fg-hover-fade fg-ready\" id=\"foogallery-gallery-1223\" data-foogallery=\"{&quot;item&quot;:{&quot;showCaptionTitle&quot;:false,&quot;showCaptionDescription&quot;:true},&quot;lazy&quot;:true,&quot;template&quot;:{&quot;rowHeight&quot;:250,&quot;maxRowHeight&quot;:375,&quot;margins&quot;:2,&quot;align&quot;:&quot;center&quot;,&quot;lastRow&quot;:&quot;smart&quot;}}\" >\r\n\t<div class=\"fg-item fg-type-image fg-idle\"><figure class=\"fg-item-inner\"><a href=\"https:\/\/charlotteabicyclette.com\/wp-content\/uploads\/2021\/04\/DSCF2799-scaled.jpg\" data-caption-desc=\"A v\u00e9lo sur la V\u00e9lomaritime en Bretagne nord\" data-attachment-id=\"1224\" data-type=\"image\" class=\"fg-thumb\"><span class=\"fg-image-wrap\"><img fetchpriority=\"high\" decoding=\"async\" height=\"375\" width=\"562\" class=\"skip-lazy fg-image\" data-src-fg=\"https:\/\/charlotteabicyclette.com\/wp-content\/uploads\/cache\/2021\/04\/DSCF2799-scaled\/507662085.jpg\" data-srcset-fg=\"https:\/\/charlotteabicyclette.com\/wp-content\/uploads\/cache\/2021\/04\/DSCF2799-scaled\/1277171174.jpg 4x\" src=\"data:image\/svg+xml,%3Csvg%20xmlns%3D%22http%3A%2F%2Fwww.w3.org%2F2000%2Fsvg%22%20width%3D%22562%22%20height%3D%22375%22%20viewBox%3D%220%200%20562%20375%22%3E%3C%2Fsvg%3E\" loading=\"eager\"><\/span><span class=\"fg-image-overlay\"><\/span><\/a><figcaption class=\"fg-caption\"><div class=\"fg-caption-inner\"><div class=\"fg-caption-desc\">A v\u00e9lo sur la V\u00e9lomaritime en Bretagne nord<\/div><\/div><\/figcaption><\/figure><div class=\"fg-loader\"><\/div><\/div><\/div>\r\n\n\n\n<div style=\"height:30px\" aria-hidden=\"true\" class=\"wp-block-spacer\"><\/div>\n\n\n\n<h2 class=\"has-text-color wp-block-heading\" style=\"color:#0092b3\">En quelques mots<\/h2>\n\n\n\n<p>La <a href=\"https:\/\/www.lavelomaritime.fr\/\" target=\"_blank\" rel=\"noreferrer noopener\">V\u00e9lomaritime<\/a> est un itin\u00e9raire v\u00e9lo qui suit la c\u00f4te nord de la France, entre Roscoff et la fronti\u00e8re belge au-del\u00e0 de Dunkerque. Nous n\u2019en ferons qu\u2019une petite partie en Bretagne nord, dans les C\u00f4tes d\u2019Armor, <strong><span style=\"color:#ffb126\" class=\"has-inline-color\">le long de la Manche.<\/span><\/strong> Sur ces 3 jours, nous verrons les falaises sur la mer, la baie de Saint-Brieuc, les charmants villages d\u2019Erguy et Pl\u00e9neuf Val-Andr\u00e9 et surtout le Cap Fr\u00e9hel. Et bien s\u00fbr, un certain nombre de plages.<\/p>\n\n\n\t\t\t<style>\r\n                #foogallery-gallery-1227.fg-justified .fg-item {\r\n                    margin-right: 2px;\r\n                    margin-bottom: 2px;\r\n                }\r\n\r\n                #foogallery-gallery-1227.fg-justified .fg-image {\r\n                    height: 250px;\r\n                }\r\n\t\t\t<\/style>\r\n\t\t\t<div class=\"foogallery foogallery-container foogallery-justified foogallery-lightbox-foobox fg-justified fg-light fg-loading-trail fg-loaded-fade-in fg-caption-always fg-hover-fade fg-ready\" id=\"foogallery-gallery-1227\" data-foogallery=\"{&quot;item&quot;:{&quot;showCaptionTitle&quot;:false,&quot;showCaptionDescription&quot;:true},&quot;lazy&quot;:true,&quot;template&quot;:{&quot;rowHeight&quot;:250,&quot;maxRowHeight&quot;:375,&quot;margins&quot;:2,&quot;align&quot;:&quot;center&quot;,&quot;lastRow&quot;:&quot;smart&quot;}}\" >\r\n\t<div class=\"fg-item fg-type-image fg-idle\"><figure class=\"fg-item-inner\"><a href=\"https:\/\/charlotteabicyclette.com\/wp-content\/uploads\/2021\/04\/DSCF2806-scaled.jpg\" data-caption-desc=\"H\u00e9l\u00e8ne face au Cap Fr\u00e9hel\" data-attachment-id=\"1225\" data-type=\"image\" class=\"fg-thumb\"><span class=\"fg-image-wrap\"><img decoding=\"async\" height=\"375\" width=\"562\" class=\"skip-lazy fg-image\" data-src-fg=\"https:\/\/charlotteabicyclette.com\/wp-content\/uploads\/cache\/2021\/04\/DSCF2806-scaled\/3212844681.jpg\" data-srcset-fg=\"https:\/\/charlotteabicyclette.com\/wp-content\/uploads\/cache\/2021\/04\/DSCF2806-scaled\/3991028842.jpg 4x\" src=\"data:image\/svg+xml,%3Csvg%20xmlns%3D%22http%3A%2F%2Fwww.w3.org%2F2000%2Fsvg%22%20width%3D%22562%22%20height%3D%22375%22%20viewBox%3D%220%200%20562%20375%22%3E%3C%2Fsvg%3E\" loading=\"eager\"><\/span><span class=\"fg-image-overlay\"><\/span><\/a><figcaption class=\"fg-caption\"><div class=\"fg-caption-inner\"><div class=\"fg-caption-desc\">H\u00e9l\u00e8ne face au Cap Fr\u00e9hel<\/div><\/div><\/figcaption><\/figure><div class=\"fg-loader\"><\/div><\/div><\/div>\r\n\n\n\n<div style=\"height:25px\" aria-hidden=\"true\" class=\"wp-block-spacer\"><\/div>\n\n\n\n<p>Le parcours est tr\u00e8s bien balis\u00e9, il n\u2019est pas n\u00e9cessaire d\u2019avoir un gps. Le trac\u00e9 n\u2019est pas toujours le long de la mer et il alterne mont\u00e9es et descentes sur certaine portion. Il pourra donc \u00eatre un peu d\u00e9licat avec de jeunes enfants ou avec une remorque, sans assistance \u00e9lectrique.<\/p>\n\n\n\n<p>Pas de souci niveau h\u00e9bergement dans cette portion-ci, la c\u00f4te est tr\u00e8s touristique.<\/p>\n\n\n\n<h2 class=\"has-text-color wp-block-heading\" style=\"color:#0092b3\">Le d\u00e9tail du parcours<\/h2>\n\n\n\n<h3 class=\"wp-block-heading\">1er jour sur la V\u00e9lomaritime \/ 18\u00e8me jour du voyage : Guingamp &#8211; Binic<\/h3>\n\n\n\n<p>Nous partons de Guingamp o\u00f9 je m\u2019\u00e9tais arr\u00eat\u00e9e me reposer apr\u00e8s plus de deux semaines de voyage \u00e0 v\u00e9lo. Retrouvailles faites avec H\u00e9l\u00e8ne sur le quai de la gare, nous nous mettons en route. Direction la c\u00f4te vers Plouha o\u00f9 nous r\u00e9cup\u00e9rons le parcours balis\u00e9 de la V\u00e9lomaritime.<\/p>\n\n\n\n<p>Nous <strong><span style=\"color:#ffb126\" class=\"has-inline-color\">apercevons la mer<\/span><\/strong> pour la premi\u00e8re fois du parcours (\u00e7a ne sera pas la derni\u00e8re) et les reliefs accident\u00e9s qui plongent dans l\u2019eau. Nous nous arr\u00eatons au camping de Binic o\u00f9 nous plantons nos tentes avec probablement <strong><span style=\"color:#ffb126\" class=\"has-inline-color\">l\u2019une des plus belles vues sur la mer.<\/span><\/strong><\/p>\n\n\n\n<p>Total de la journ\u00e9e : 44 km<\/p>\n\n\n\t\t\t<style>\r\n                #foogallery-gallery-1229.fg-justified .fg-item {\r\n                    margin-right: 2px;\r\n                    margin-bottom: 2px;\r\n                }\r\n\r\n                #foogallery-gallery-1229.fg-justified .fg-image {\r\n                    height: 250px;\r\n                }\r\n\t\t\t<\/style>\r\n\t\t\t<div class=\"foogallery foogallery-container foogallery-justified foogallery-lightbox-foobox fg-justified fg-light fg-loading-trail fg-loaded-fade-in fg-caption-always fg-hover-fade fg-ready\" id=\"foogallery-gallery-1229\" data-foogallery=\"{&quot;item&quot;:{&quot;showCaptionTitle&quot;:false,&quot;showCaptionDescription&quot;:true},&quot;lazy&quot;:true,&quot;template&quot;:{&quot;rowHeight&quot;:250,&quot;maxRowHeight&quot;:750,&quot;margins&quot;:2,&quot;align&quot;:&quot;center&quot;,&quot;lastRow&quot;:&quot;smart&quot;}}\" >\r\n\t<div class=\"fg-item fg-type-image fg-idle\"><figure class=\"fg-item-inner\"><a href=\"https:\/\/charlotteabicyclette.com\/wp-content\/uploads\/2021\/04\/DSCF2681-scaled.jpg\" data-caption-desc=\"H\u00e9l\u00e8ne devant la Manche\" data-attachment-id=\"1226\" data-type=\"image\" class=\"fg-thumb\"><span class=\"fg-image-wrap\"><img decoding=\"async\" height=\"750\" width=\"1125\" class=\"skip-lazy fg-image\" data-src-fg=\"https:\/\/charlotteabicyclette.com\/wp-content\/uploads\/cache\/2021\/04\/DSCF2681-scaled\/3421774074.jpg\" src=\"data:image\/svg+xml,%3Csvg%20xmlns%3D%22http%3A%2F%2Fwww.w3.org%2F2000%2Fsvg%22%20width%3D%221125%22%20height%3D%22750%22%20viewBox%3D%220%200%201125%20750%22%3E%3C%2Fsvg%3E\" loading=\"eager\"><\/span><span class=\"fg-image-overlay\"><\/span><\/a><figcaption class=\"fg-caption\"><div class=\"fg-caption-inner\"><div class=\"fg-caption-desc\">H\u00e9l\u00e8ne devant la Manche<\/div><\/div><\/figcaption><\/figure><div class=\"fg-loader\"><\/div><\/div><div class=\"fg-item fg-type-image fg-idle\"><figure class=\"fg-item-inner\"><a href=\"https:\/\/charlotteabicyclette.com\/wp-content\/uploads\/2021\/04\/DSCF2694-scaled.jpg\" data-attachment-id=\"1228\" data-type=\"image\" class=\"fg-thumb\"><span class=\"fg-image-wrap\"><img decoding=\"async\" height=\"750\" width=\"500\" class=\"skip-lazy fg-image\" data-src-fg=\"https:\/\/charlotteabicyclette.com\/wp-content\/uploads\/cache\/2021\/04\/DSCF2694-scaled\/313409365.jpg\" src=\"data:image\/svg+xml,%3Csvg%20xmlns%3D%22http%3A%2F%2Fwww.w3.org%2F2000%2Fsvg%22%20width%3D%22500%22%20height%3D%22750%22%20viewBox%3D%220%200%20500%20750%22%3E%3C%2Fsvg%3E\" loading=\"eager\"><\/span><span class=\"fg-image-overlay\"><\/span><\/a><figcaption class=\"fg-caption\"><div class=\"fg-caption-inner\"><\/div><\/figcaption><\/figure><div class=\"fg-loader\"><\/div><\/div><div class=\"fg-item fg-type-image fg-idle\"><figure class=\"fg-item-inner\"><a href=\"https:\/\/charlotteabicyclette.com\/wp-content\/uploads\/2021\/04\/IMG_4102-scaled.jpg\" data-caption-desc=\"Parfois, \u00e7a monte !\" data-attachment-id=\"1243\" data-type=\"image\" class=\"fg-thumb\"><span class=\"fg-image-wrap\"><img decoding=\"async\" height=\"750\" width=\"563\" class=\"skip-lazy fg-image\" data-src-fg=\"https:\/\/charlotteabicyclette.com\/wp-content\/uploads\/cache\/2021\/04\/IMG_4102-scaled\/4192286282.jpg\" src=\"data:image\/svg+xml,%3Csvg%20xmlns%3D%22http%3A%2F%2Fwww.w3.org%2F2000%2Fsvg%22%20width%3D%22563%22%20height%3D%22750%22%20viewBox%3D%220%200%20563%20750%22%3E%3C%2Fsvg%3E\" loading=\"eager\"><\/span><span class=\"fg-image-overlay\"><\/span><\/a><figcaption class=\"fg-caption\"><div class=\"fg-caption-inner\"><div class=\"fg-caption-desc\">Parfois, \u00e7a monte !<\/div><\/div><\/figcaption><\/figure><div class=\"fg-loader\"><\/div><\/div><div class=\"fg-item fg-type-image fg-idle\"><figure class=\"fg-item-inner\"><a href=\"https:\/\/charlotteabicyclette.com\/wp-content\/uploads\/2021\/04\/DSCF2698-scaled.jpg\" data-attachment-id=\"1230\" data-type=\"image\" class=\"fg-thumb\"><span class=\"fg-image-wrap\"><img decoding=\"async\" height=\"750\" width=\"500\" class=\"skip-lazy fg-image\" data-src-fg=\"https:\/\/charlotteabicyclette.com\/wp-content\/uploads\/cache\/2021\/04\/DSCF2698-scaled\/24495614.jpg\" src=\"data:image\/svg+xml,%3Csvg%20xmlns%3D%22http%3A%2F%2Fwww.w3.org%2F2000%2Fsvg%22%20width%3D%22500%22%20height%3D%22750%22%20viewBox%3D%220%200%20500%20750%22%3E%3C%2Fsvg%3E\" loading=\"eager\"><\/span><span class=\"fg-image-overlay\"><\/span><\/a><figcaption class=\"fg-caption\"><div class=\"fg-caption-inner\"><\/div><\/figcaption><\/figure><div class=\"fg-loader\"><\/div><\/div><div class=\"fg-item fg-type-image fg-idle\"><figure class=\"fg-item-inner\"><a href=\"https:\/\/charlotteabicyclette.com\/wp-content\/uploads\/2021\/04\/DSCF2702-scaled.jpg\" data-caption-desc=\"Arriv\u00e9e \u00e0 Binic\" data-attachment-id=\"1231\" data-type=\"image\" class=\"fg-thumb\"><span class=\"fg-image-wrap\"><img decoding=\"async\" height=\"750\" width=\"500\" class=\"skip-lazy fg-image\" data-src-fg=\"https:\/\/charlotteabicyclette.com\/wp-content\/uploads\/cache\/2021\/04\/DSCF2702-scaled\/2575046461.jpg\" src=\"data:image\/svg+xml,%3Csvg%20xmlns%3D%22http%3A%2F%2Fwww.w3.org%2F2000%2Fsvg%22%20width%3D%22500%22%20height%3D%22750%22%20viewBox%3D%220%200%20500%20750%22%3E%3C%2Fsvg%3E\" loading=\"eager\"><\/span><span class=\"fg-image-overlay\"><\/span><\/a><figcaption class=\"fg-caption\"><div class=\"fg-caption-inner\"><div class=\"fg-caption-desc\">Arriv\u00e9e \u00e0 Binic<\/div><\/div><\/figcaption><\/figure><div class=\"fg-loader\"><\/div><\/div><div class=\"fg-item fg-type-image fg-idle\"><figure class=\"fg-item-inner\"><a href=\"https:\/\/charlotteabicyclette.com\/wp-content\/uploads\/2021\/04\/IMG_4086-scaled.jpg\" data-caption-desc=\"Camping avec vue\" data-attachment-id=\"1232\" data-type=\"image\" class=\"fg-thumb\"><span class=\"fg-image-wrap\"><img decoding=\"async\" height=\"750\" width=\"1000\" class=\"skip-lazy fg-image\" data-src-fg=\"https:\/\/charlotteabicyclette.com\/wp-content\/uploads\/cache\/2021\/04\/IMG_4086-scaled\/2464946004.jpg\" src=\"data:image\/svg+xml,%3Csvg%20xmlns%3D%22http%3A%2F%2Fwww.w3.org%2F2000%2Fsvg%22%20width%3D%221000%22%20height%3D%22750%22%20viewBox%3D%220%200%201000%20750%22%3E%3C%2Fsvg%3E\" loading=\"eager\"><\/span><span class=\"fg-image-overlay\"><\/span><\/a><figcaption class=\"fg-caption\"><div class=\"fg-caption-inner\"><div class=\"fg-caption-desc\">Camping avec vue<\/div><\/div><\/figcaption><\/figure><div class=\"fg-loader\"><\/div><\/div><div class=\"fg-item fg-type-image fg-idle\"><figure class=\"fg-item-inner\"><a href=\"https:\/\/charlotteabicyclette.com\/wp-content\/uploads\/2021\/04\/IMG_4089-scaled.jpg\" data-caption-desc=\"Ap\u00e9ro avec vue\" data-attachment-id=\"1233\" data-type=\"image\" class=\"fg-thumb\"><span class=\"fg-image-wrap\"><img decoding=\"async\" height=\"750\" width=\"563\" class=\"skip-lazy fg-image\" data-src-fg=\"https:\/\/charlotteabicyclette.com\/wp-content\/uploads\/cache\/2021\/04\/IMG_4089-scaled\/1673510529.jpg\" src=\"data:image\/svg+xml,%3Csvg%20xmlns%3D%22http%3A%2F%2Fwww.w3.org%2F2000%2Fsvg%22%20width%3D%22563%22%20height%3D%22750%22%20viewBox%3D%220%200%20563%20750%22%3E%3C%2Fsvg%3E\" loading=\"eager\"><\/span><span class=\"fg-image-overlay\"><\/span><\/a><figcaption class=\"fg-caption\"><div class=\"fg-caption-inner\"><div class=\"fg-caption-desc\">Ap\u00e9ro avec vue<\/div><\/div><\/figcaption><\/figure><div class=\"fg-loader\"><\/div><\/div><\/div>\r\n\n\n\n<div style=\"height:40px\" aria-hidden=\"true\" class=\"wp-block-spacer\"><\/div>\n\n\n\n<h3 class=\"wp-block-heading\">2\u00e8me jour : Binic &#8211; Erquy<\/h3>\n\n\n\n<p>Apr\u00e8s un petit d\u00e9jeuner avec vue sur mer, nous nous contentons de suivre les panneaux du parcours pour cette journ\u00e9e. Nous arrivons assez vite sur un <strong><span style=\"color:#ffb126\" class=\"has-inline-color\">superbe viaduc<\/span><\/strong> qui est l\u2019occasion de sortir le drone.<\/p>\n\n\n\n<p>Par la suite, on traverse la <span style=\"color:#ffb126\" class=\"has-inline-color\"><strong>baie de Saint-Brieuc. <\/strong><\/span>Pass\u00e9 Yffiniac, les <strong><span style=\"color:#ffb126\" class=\"has-inline-color\">vues sur la mer<\/span><\/strong> sont plus belles les unes que les autres. Avec les mont\u00e9es et descentes pour s\u2019approcher et s\u2019\u00e9loigner de la mer, on alterne entre voies le long de l\u2019eau dans les villes le long de la cote et routes au milieu des champs sur les hauteurs. C\u2019est superbe et enl\u00e8ve toute monotonie au voyage.<\/p>\n\n\n\t\t\t<style>\r\n                #foogallery-gallery-1245.fg-justified .fg-item {\r\n                    margin-right: 2px;\r\n                    margin-bottom: 2px;\r\n                }\r\n\r\n                #foogallery-gallery-1245.fg-justified .fg-image {\r\n                    height: 250px;\r\n                }\r\n\t\t\t<\/style>\r\n\t\t\t<div class=\"foogallery foogallery-container foogallery-justified foogallery-lightbox-foobox fg-justified fg-light fg-loading-trail fg-loaded-fade-in fg-caption-always fg-hover-fade fg-ready\" id=\"foogallery-gallery-1245\" data-foogallery=\"{&quot;item&quot;:{&quot;showCaptionTitle&quot;:false,&quot;showCaptionDescription&quot;:true},&quot;lazy&quot;:true,&quot;template&quot;:{&quot;rowHeight&quot;:250,&quot;maxRowHeight&quot;:750,&quot;margins&quot;:2,&quot;align&quot;:&quot;center&quot;,&quot;lastRow&quot;:&quot;smart&quot;}}\" >\r\n\t<div class=\"fg-item fg-type-image fg-idle\"><figure class=\"fg-item-inner\"><a href=\"https:\/\/charlotteabicyclette.com\/wp-content\/uploads\/2021\/04\/DSCF2720-scaled.jpg\" data-caption-desc=\"Caf\u00e9 avec vue\" data-attachment-id=\"1236\" data-type=\"image\" class=\"fg-thumb\"><span class=\"fg-image-wrap\"><img decoding=\"async\" height=\"750\" width=\"500\" class=\"skip-lazy fg-image\" data-src-fg=\"https:\/\/charlotteabicyclette.com\/wp-content\/uploads\/cache\/2021\/04\/DSCF2720-scaled\/2382372976.jpg\" src=\"data:image\/svg+xml,%3Csvg%20xmlns%3D%22http%3A%2F%2Fwww.w3.org%2F2000%2Fsvg%22%20width%3D%22500%22%20height%3D%22750%22%20viewBox%3D%220%200%20500%20750%22%3E%3C%2Fsvg%3E\" loading=\"eager\"><\/span><span class=\"fg-image-overlay\"><\/span><\/a><figcaption class=\"fg-caption\"><div class=\"fg-caption-inner\"><div class=\"fg-caption-desc\">Caf\u00e9 avec vue<\/div><\/div><\/figcaption><\/figure><div class=\"fg-loader\"><\/div><\/div><div class=\"fg-item fg-type-image fg-idle\"><figure class=\"fg-item-inner\"><a href=\"https:\/\/charlotteabicyclette.com\/wp-content\/uploads\/2021\/04\/DA0977CBEBEC75938DFD1F76BEBA7B5F-scaled.jpg\" data-caption-desc=\"Viaduc Harel de la No\u00e9\" data-attachment-id=\"1234\" data-type=\"image\" class=\"fg-thumb\"><span class=\"fg-image-wrap\"><img decoding=\"async\" height=\"750\" width=\"1000\" class=\"skip-lazy fg-image\" data-src-fg=\"https:\/\/charlotteabicyclette.com\/wp-content\/uploads\/cache\/2021\/04\/DA0977CBEBEC75938DFD1F76BEBA7B5F-scaled\/1800607456.jpg\" src=\"data:image\/svg+xml,%3Csvg%20xmlns%3D%22http%3A%2F%2Fwww.w3.org%2F2000%2Fsvg%22%20width%3D%221000%22%20height%3D%22750%22%20viewBox%3D%220%200%201000%20750%22%3E%3C%2Fsvg%3E\" loading=\"eager\"><\/span><span class=\"fg-image-overlay\"><\/span><\/a><figcaption class=\"fg-caption\"><div class=\"fg-caption-inner\"><div class=\"fg-caption-desc\">Viaduc Harel de la No\u00e9<\/div><\/div><\/figcaption><\/figure><div class=\"fg-loader\"><\/div><\/div><div class=\"fg-item fg-type-image fg-idle\"><figure class=\"fg-item-inner\"><a href=\"https:\/\/charlotteabicyclette.com\/wp-content\/uploads\/2021\/04\/DSCF2725-scaled.jpg\" data-attachment-id=\"1237\" data-type=\"image\" class=\"fg-thumb\"><span class=\"fg-image-wrap\"><img decoding=\"async\" height=\"750\" width=\"1125\" class=\"skip-lazy fg-image\" data-src-fg=\"https:\/\/charlotteabicyclette.com\/wp-content\/uploads\/cache\/2021\/04\/DSCF2725-scaled\/408745139.jpg\" src=\"data:image\/svg+xml,%3Csvg%20xmlns%3D%22http%3A%2F%2Fwww.w3.org%2F2000%2Fsvg%22%20width%3D%221125%22%20height%3D%22750%22%20viewBox%3D%220%200%201125%20750%22%3E%3C%2Fsvg%3E\" loading=\"eager\"><\/span><span class=\"fg-image-overlay\"><\/span><\/a><figcaption class=\"fg-caption\"><div class=\"fg-caption-inner\"><\/div><\/figcaption><\/figure><div class=\"fg-loader\"><\/div><\/div><div class=\"fg-item fg-type-image fg-idle\"><figure class=\"fg-item-inner\"><a href=\"https:\/\/charlotteabicyclette.com\/wp-content\/uploads\/2021\/04\/DSCF2734-scaled.jpg\" data-caption-desc=\"R\u00e9serve naturelle de la baie de Saint-Brieuc\" data-attachment-id=\"1238\" data-type=\"image\" class=\"fg-thumb\"><span class=\"fg-image-wrap\"><img decoding=\"async\" height=\"750\" width=\"1125\" class=\"skip-lazy fg-image\" data-src-fg=\"https:\/\/charlotteabicyclette.com\/wp-content\/uploads\/cache\/2021\/04\/DSCF2734-scaled\/4003587127.jpg\" src=\"data:image\/svg+xml,%3Csvg%20xmlns%3D%22http%3A%2F%2Fwww.w3.org%2F2000%2Fsvg%22%20width%3D%221125%22%20height%3D%22750%22%20viewBox%3D%220%200%201125%20750%22%3E%3C%2Fsvg%3E\" loading=\"eager\"><\/span><span class=\"fg-image-overlay\"><\/span><\/a><figcaption class=\"fg-caption\"><div class=\"fg-caption-inner\"><div class=\"fg-caption-desc\">R\u00e9serve naturelle de la baie de Saint-Brieuc<\/div><\/div><\/figcaption><\/figure><div class=\"fg-loader\"><\/div><\/div><div class=\"fg-item fg-type-image fg-idle\"><figure class=\"fg-item-inner\"><a href=\"https:\/\/charlotteabicyclette.com\/wp-content\/uploads\/2021\/04\/DSCF2754-scaled.jpg\" data-caption-desc=\"Pause baignade sur la V\u00e9lomaritime\" data-attachment-id=\"1239\" data-type=\"image\" class=\"fg-thumb\"><span class=\"fg-image-wrap\"><img decoding=\"async\" height=\"750\" width=\"500\" class=\"skip-lazy fg-image\" data-src-fg=\"https:\/\/charlotteabicyclette.com\/wp-content\/uploads\/cache\/2021\/04\/DSCF2754-scaled\/418113435.jpg\" src=\"data:image\/svg+xml,%3Csvg%20xmlns%3D%22http%3A%2F%2Fwww.w3.org%2F2000%2Fsvg%22%20width%3D%22500%22%20height%3D%22750%22%20viewBox%3D%220%200%20500%20750%22%3E%3C%2Fsvg%3E\" loading=\"eager\"><\/span><span class=\"fg-image-overlay\"><\/span><\/a><figcaption class=\"fg-caption\"><div class=\"fg-caption-inner\"><div class=\"fg-caption-desc\">Pause baignade sur la V\u00e9lomaritime<\/div><\/div><\/figcaption><\/figure><div class=\"fg-loader\"><\/div><\/div><div class=\"fg-item fg-type-image fg-idle\"><figure class=\"fg-item-inner\"><a href=\"https:\/\/charlotteabicyclette.com\/wp-content\/uploads\/2021\/04\/DSCF2764-scaled.jpg\" data-caption-desc=\"Arriv\u00e9e \u00e0 Erquy\" data-attachment-id=\"1240\" data-type=\"image\" class=\"fg-thumb\"><span class=\"fg-image-wrap\"><img decoding=\"async\" height=\"750\" width=\"500\" class=\"skip-lazy fg-image\" data-src-fg=\"https:\/\/charlotteabicyclette.com\/wp-content\/uploads\/cache\/2021\/04\/DSCF2764-scaled\/174785183.jpg\" src=\"data:image\/svg+xml,%3Csvg%20xmlns%3D%22http%3A%2F%2Fwww.w3.org%2F2000%2Fsvg%22%20width%3D%22500%22%20height%3D%22750%22%20viewBox%3D%220%200%20500%20750%22%3E%3C%2Fsvg%3E\" loading=\"eager\"><\/span><span class=\"fg-image-overlay\"><\/span><\/a><figcaption class=\"fg-caption\"><div class=\"fg-caption-inner\"><div class=\"fg-caption-desc\">Arriv\u00e9e \u00e0 Erquy<\/div><\/div><\/figcaption><\/figure><div class=\"fg-loader\"><\/div><\/div><div class=\"fg-item fg-type-image fg-idle\"><figure class=\"fg-item-inner\"><a href=\"https:\/\/charlotteabicyclette.com\/wp-content\/uploads\/2021\/04\/DSCF2769-scaled.jpg\" data-caption-desc=\"Vue sur Erquy\" data-attachment-id=\"1241\" data-type=\"image\" class=\"fg-thumb\"><span class=\"fg-image-wrap\"><img decoding=\"async\" height=\"750\" width=\"1125\" class=\"skip-lazy fg-image\" data-src-fg=\"https:\/\/charlotteabicyclette.com\/wp-content\/uploads\/cache\/2021\/04\/DSCF2769-scaled\/1404967643.jpg\" src=\"data:image\/svg+xml,%3Csvg%20xmlns%3D%22http%3A%2F%2Fwww.w3.org%2F2000%2Fsvg%22%20width%3D%221125%22%20height%3D%22750%22%20viewBox%3D%220%200%201125%20750%22%3E%3C%2Fsvg%3E\" loading=\"eager\"><\/span><span class=\"fg-image-overlay\"><\/span><\/a><figcaption class=\"fg-caption\"><div class=\"fg-caption-inner\"><div class=\"fg-caption-desc\">Vue sur Erquy<\/div><\/div><\/figcaption><\/figure><div class=\"fg-loader\"><\/div><\/div><div class=\"fg-item fg-type-image fg-idle\"><figure class=\"fg-item-inner\"><a href=\"https:\/\/charlotteabicyclette.com\/wp-content\/uploads\/2021\/04\/DSCF2785-scaled.jpg\" data-caption-desc=\"Port d\u2019Erquy\" data-attachment-id=\"1242\" data-type=\"image\" class=\"fg-thumb\"><span class=\"fg-image-wrap\"><img decoding=\"async\" height=\"750\" width=\"500\" class=\"skip-lazy fg-image\" data-src-fg=\"https:\/\/charlotteabicyclette.com\/wp-content\/uploads\/cache\/2021\/04\/DSCF2785-scaled\/64355597.jpg\" src=\"data:image\/svg+xml,%3Csvg%20xmlns%3D%22http%3A%2F%2Fwww.w3.org%2F2000%2Fsvg%22%20width%3D%22500%22%20height%3D%22750%22%20viewBox%3D%220%200%20500%20750%22%3E%3C%2Fsvg%3E\" loading=\"eager\"><\/span><span class=\"fg-image-overlay\"><\/span><\/a><figcaption class=\"fg-caption\"><div class=\"fg-caption-inner\"><div class=\"fg-caption-desc\">Port d\u2019Erquy<\/div><\/div><\/figcaption><\/figure><div class=\"fg-loader\"><\/div><\/div><\/div>\r\n\n\n\n<div style=\"height:26px\" aria-hidden=\"true\" class=\"wp-block-spacer\"><\/div>\n\n\n\n<p>En fin de journ\u00e9e, nous nous arr\u00eatons au camping d\u2019<strong><span style=\"color:#ffb126\" class=\"has-inline-color\">Erquy<\/span><\/strong> apr\u00e8s 64 km.<\/p>\n\n\n\n<h3 class=\"wp-block-heading\">3\u00e8me jour : Erquy &#8211; Saint-Cast-le-Guildo<\/h3>\n\n\n\n<p>La journ\u00e9e est marqu\u00e9e par la d\u00e9couverte du joyau de cette partie de la V\u00e9lomaritime : <strong><span style=\"color:#ffb126\" class=\"has-inline-color\">le Cap Fr\u00e9hel, son phare et le superbe cadre naturel qui l\u2019entoure.<\/span><\/strong> Le d\u00e9couvrir en s\u2019approchant doucement \u00e0 la vitesse du voyage \u00e0 v\u00e9lo est vraiment une exp\u00e9rience \u00e0 faire. D\u2019autant que bien qu\u2019\u00e9tant en Bretagne, nous avons eu droit \u00e0 un beau soleil pour nous accompagner dans cette d\u00e9couverte.<\/p>\n\n\n\n<p>Nous nous offrons \u00e9galement le d\u00e9tour jusqu\u2019au Fort-la-Latte (un ch\u00e2teau fort sur une pointe rocheuse) avant de retrouver la V\u00e9lomaritime pour les derniers km jusqu\u2019\u00e0 Matignon. Nous la quittons l\u00e0 pour rejoindre Saint-Cast-le-Guildo et sa <strong><span style=\"color:#ffb126\" class=\"has-inline-color\">plage de sable fin,<\/span><\/strong> \u00e9tape finale de notre aventure \u00e0 v\u00e9lo. Fin de la journ\u00e9e avec 38 km de v\u00e9lo.<\/p>\n\n\n\t\t\t<style>\r\n                #foogallery-gallery-1253.fg-justified .fg-item {\r\n                    margin-right: 2px;\r\n                    margin-bottom: 2px;\r\n                }\r\n\r\n                #foogallery-gallery-1253.fg-justified .fg-image {\r\n                    height: 250px;\r\n                }\r\n\t\t\t<\/style>\r\n\t\t\t<div class=\"foogallery foogallery-container foogallery-justified foogallery-lightbox-foobox fg-justified fg-light fg-loading-trail fg-loaded-fade-in fg-caption-always fg-hover-fade fg-ready\" id=\"foogallery-gallery-1253\" data-foogallery=\"{&quot;item&quot;:{&quot;showCaptionTitle&quot;:false,&quot;showCaptionDescription&quot;:true},&quot;lazy&quot;:true,&quot;template&quot;:{&quot;rowHeight&quot;:250,&quot;maxRowHeight&quot;:750,&quot;margins&quot;:2,&quot;align&quot;:&quot;center&quot;,&quot;lastRow&quot;:&quot;smart&quot;}}\" >\r\n\t<div class=\"fg-item fg-type-image fg-idle\"><figure class=\"fg-item-inner\"><a href=\"https:\/\/charlotteabicyclette.com\/wp-content\/uploads\/2021\/04\/DSCF2802-scaled.jpg\" data-attachment-id=\"1244\" data-type=\"image\" class=\"fg-thumb\"><span class=\"fg-image-wrap\"><img decoding=\"async\" height=\"750\" width=\"500\" class=\"skip-lazy fg-image\" data-src-fg=\"https:\/\/charlotteabicyclette.com\/wp-content\/uploads\/cache\/2021\/04\/DSCF2802-scaled\/2117558227.jpg\" src=\"data:image\/svg+xml,%3Csvg%20xmlns%3D%22http%3A%2F%2Fwww.w3.org%2F2000%2Fsvg%22%20width%3D%22500%22%20height%3D%22750%22%20viewBox%3D%220%200%20500%20750%22%3E%3C%2Fsvg%3E\" loading=\"eager\"><\/span><span class=\"fg-image-overlay\"><\/span><\/a><figcaption class=\"fg-caption\"><div class=\"fg-caption-inner\"><\/div><\/figcaption><\/figure><div class=\"fg-loader\"><\/div><\/div><div class=\"fg-item fg-type-image fg-idle\"><figure class=\"fg-item-inner\"><a href=\"https:\/\/charlotteabicyclette.com\/wp-content\/uploads\/2021\/04\/DSCF2812-scaled.jpg\" data-caption-desc=\"Vue sur le Cap Fr\u00e9hel\" data-attachment-id=\"1246\" data-type=\"image\" class=\"fg-thumb\"><span class=\"fg-image-wrap\"><img decoding=\"async\" height=\"750\" width=\"500\" class=\"skip-lazy fg-image\" data-src-fg=\"https:\/\/charlotteabicyclette.com\/wp-content\/uploads\/cache\/2021\/04\/DSCF2812-scaled\/1083710611.jpg\" src=\"data:image\/svg+xml,%3Csvg%20xmlns%3D%22http%3A%2F%2Fwww.w3.org%2F2000%2Fsvg%22%20width%3D%22500%22%20height%3D%22750%22%20viewBox%3D%220%200%20500%20750%22%3E%3C%2Fsvg%3E\" loading=\"eager\"><\/span><span class=\"fg-image-overlay\"><\/span><\/a><figcaption class=\"fg-caption\"><div class=\"fg-caption-inner\"><div class=\"fg-caption-desc\">Vue sur le Cap Fr\u00e9hel<\/div><\/div><\/figcaption><\/figure><div class=\"fg-loader\"><\/div><\/div><div class=\"fg-item fg-type-image fg-idle\"><figure class=\"fg-item-inner\"><a href=\"https:\/\/charlotteabicyclette.com\/wp-content\/uploads\/2021\/04\/DSCF2820-scaled.jpg\" data-caption-desc=\"H\u00e9l\u00e8ne p\u00e9dalant vers le Cap Fr\u00e9hel\" data-attachment-id=\"1247\" data-type=\"image\" class=\"fg-thumb\"><span class=\"fg-image-wrap\"><img decoding=\"async\" height=\"750\" width=\"1125\" class=\"skip-lazy fg-image\" data-src-fg=\"https:\/\/charlotteabicyclette.com\/wp-content\/uploads\/cache\/2021\/04\/DSCF2820-scaled\/1678603192.jpg\" src=\"data:image\/svg+xml,%3Csvg%20xmlns%3D%22http%3A%2F%2Fwww.w3.org%2F2000%2Fsvg%22%20width%3D%221125%22%20height%3D%22750%22%20viewBox%3D%220%200%201125%20750%22%3E%3C%2Fsvg%3E\" loading=\"eager\"><\/span><span class=\"fg-image-overlay\"><\/span><\/a><figcaption class=\"fg-caption\"><div class=\"fg-caption-inner\"><div class=\"fg-caption-desc\">H\u00e9l\u00e8ne p\u00e9dalant vers le Cap Fr\u00e9hel<\/div><\/div><\/figcaption><\/figure><div class=\"fg-loader\"><\/div><\/div><div class=\"fg-item fg-type-image fg-idle\"><figure class=\"fg-item-inner\"><a href=\"https:\/\/charlotteabicyclette.com\/wp-content\/uploads\/2021\/04\/DSCF2824-scaled.jpg\" data-caption-desc=\"Vue sur le Fort-La-Latte\" data-attachment-id=\"1249\" data-type=\"image\" class=\"fg-thumb\"><span class=\"fg-image-wrap\"><img decoding=\"async\" height=\"750\" width=\"500\" class=\"skip-lazy fg-image\" data-src-fg=\"https:\/\/charlotteabicyclette.com\/wp-content\/uploads\/cache\/2021\/04\/DSCF2824-scaled\/2864981614.jpg\" src=\"data:image\/svg+xml,%3Csvg%20xmlns%3D%22http%3A%2F%2Fwww.w3.org%2F2000%2Fsvg%22%20width%3D%22500%22%20height%3D%22750%22%20viewBox%3D%220%200%20500%20750%22%3E%3C%2Fsvg%3E\" loading=\"eager\"><\/span><span class=\"fg-image-overlay\"><\/span><\/a><figcaption class=\"fg-caption\"><div class=\"fg-caption-inner\"><div class=\"fg-caption-desc\">Vue sur le Fort-La-Latte<\/div><\/div><\/figcaption><\/figure><div class=\"fg-loader\"><\/div><\/div><div class=\"fg-item fg-type-image fg-idle\"><figure class=\"fg-item-inner\"><a href=\"https:\/\/charlotteabicyclette.com\/wp-content\/uploads\/2021\/04\/DSCF2830-scaled.jpg\" data-caption-desc=\"H\u00e9l\u00e8ne arrivant \u00e0 v\u00e9lo au phare du Cap Fr\u00e9hel\" data-attachment-id=\"1250\" data-type=\"image\" class=\"fg-thumb\"><span class=\"fg-image-wrap\"><img decoding=\"async\" height=\"750\" width=\"1125\" class=\"skip-lazy fg-image\" data-src-fg=\"https:\/\/charlotteabicyclette.com\/wp-content\/uploads\/cache\/2021\/04\/DSCF2830-scaled\/2099637147.jpg\" src=\"data:image\/svg+xml,%3Csvg%20xmlns%3D%22http%3A%2F%2Fwww.w3.org%2F2000%2Fsvg%22%20width%3D%221125%22%20height%3D%22750%22%20viewBox%3D%220%200%201125%20750%22%3E%3C%2Fsvg%3E\" loading=\"eager\"><\/span><span class=\"fg-image-overlay\"><\/span><\/a><figcaption class=\"fg-caption\"><div class=\"fg-caption-inner\"><div class=\"fg-caption-desc\">H\u00e9l\u00e8ne arrivant \u00e0 v\u00e9lo au phare du Cap Fr\u00e9hel<\/div><\/div><\/figcaption><\/figure><div class=\"fg-loader\"><\/div><\/div><div class=\"fg-item fg-type-image fg-idle\"><figure class=\"fg-item-inner\"><a href=\"https:\/\/charlotteabicyclette.com\/wp-content\/uploads\/2021\/04\/DSCF2839-scaled.jpg\" data-caption-desc=\"H\u00e9l\u00e8ne parcourt nos derniers km sur la V\u00e9lomaritime\" data-attachment-id=\"1251\" data-type=\"image\" class=\"fg-thumb\"><span class=\"fg-image-wrap\"><img decoding=\"async\" height=\"750\" width=\"1125\" class=\"skip-lazy fg-image\" data-src-fg=\"https:\/\/charlotteabicyclette.com\/wp-content\/uploads\/cache\/2021\/04\/DSCF2839-scaled\/2928449212.jpg\" src=\"data:image\/svg+xml,%3Csvg%20xmlns%3D%22http%3A%2F%2Fwww.w3.org%2F2000%2Fsvg%22%20width%3D%221125%22%20height%3D%22750%22%20viewBox%3D%220%200%201125%20750%22%3E%3C%2Fsvg%3E\" loading=\"eager\"><\/span><span class=\"fg-image-overlay\"><\/span><\/a><figcaption class=\"fg-caption\"><div class=\"fg-caption-inner\"><div class=\"fg-caption-desc\">H\u00e9l\u00e8ne parcourt nos derniers km sur la V\u00e9lomaritime<\/div><\/div><\/figcaption><\/figure><div class=\"fg-loader\"><\/div><\/div><\/div>\r\n\n\n\n<div style=\"height:38px\" aria-hidden=\"true\" class=\"wp-block-spacer\"><\/div>\n\n\n\n<hr class=\"wp-block-separator has-text-color has-background has-cyan-bluish-gray-background-color has-cyan-bluish-gray-color is-style-wide\"\/>\n\n\n\n<h2 class=\"has-text-color wp-block-heading\" style=\"color:#0092b3\">Conclusion<\/h2>\n\n\n\n<p>Ces ultimes coups de p\u00e9dale constituent la fin de mon voyage de 3 semaines \u00e0 v\u00e9lo \u00e0 travers la France. Il m\u2019aura conduite de Thiviers en Dordogne jusqu\u2019\u00e0 Saint-Cast-le-Guildo dans les C\u00f4tes d\u2019Armor :<\/p>\n\n\n\n<ul class=\"wp-block-list\"><li>d\u2019abord sur la <a href=\"https:\/\/charlotteabicyclette.com\/index.php\/2020\/08\/25\/flowvelo-4j-a-velo-le-long-de-la-charente\/\" target=\"_blank\" rel=\"noreferrer noopener\">Flow V\u00e9lo<\/a> o\u00f9 j\u2019ai long\u00e9 la Charente jusqu\u2019\u00e0 la c\u00f4te Atlantique ;<\/li><li>puis sur la <a href=\"https:\/\/charlotteabicyclette.com\/index.php\/2020\/09\/14\/la-velodyssee-rochefort-pornic-6j-a-velo-cote-atlantique\/\" target=\"_blank\" rel=\"noreferrer noopener\">V\u00e9lodyss\u00e9e<\/a> o\u00f9 j\u2019ai remont\u00e9 la c\u00f4te jusqu\u2019\u00e0 Pornic ;<\/li><li>apr\u00e8s un saut en train jusqu\u2019\u00e0 Nantes, c\u2019est toujours sur la V\u00e9lodyss\u00e9e que j\u2019ai <a href=\"https:\/\/charlotteabicyclette.com\/index.php\/2020\/09\/17\/velodyssee-canal-nantes-carhaix\/\" target=\"_blank\" rel=\"noreferrer noopener\">suivi le canal de Nantes \u00e0 Brest<\/a> pour rejoindre Carhaix et le c\u0153ur de la Bretagne. C\u0153ur de la Bretagne que j\u2019ai travers\u00e9 jusqu\u2019\u00e0 rejoindre Guingamp puis les C\u00f4tes d\u2019Armor ;<\/li><li>j\u2019ai ensuite poursuivi ma route \u00e0 v\u00e9lo sur la V\u00e9lomaritime en Bretagne nord le long de la Manche jusqu\u2019\u00e0 Saint-Cast-le-Guildo.<\/li><\/ul>\n\n\n\n<p>Pour un total de <strong><span style=\"color:#ffb126\" class=\"has-inline-color\">plus de 1 110 km effectu\u00e9s \u00e0 v\u00e9lo en 3 semaines !<\/span><\/strong><\/p>\n\n\n\n<p><strong><span style=\"color:#ffb126\" class=\"has-inline-color\">Ce voyage \u00e0 v\u00e9lo au long cours aura \u00e9t\u00e9 une exp\u00e9rience r\u00e9jouissante de bout en bout.<\/span><\/strong> D\u00e9couvrir de superbes paysages vari\u00e9s, d\u00e9guster les sp\u00e9cialit\u00e9s locales de chaque \u00e9tape, dormir sous la tente, avancer lentement \u00e0 la force des coups de p\u00e9dale sont autant de satisfactions de ce type de voyage. Vivement le prochain !<\/p>\n\n\n\t\t\t<style>\r\n                #foogallery-gallery-1254.fg-justified .fg-item {\r\n                    margin-right: 2px;\r\n                    margin-bottom: 2px;\r\n                }\r\n\r\n                #foogallery-gallery-1254.fg-justified .fg-image {\r\n                    height: 250px;\r\n                }\r\n\t\t\t<\/style>\r\n\t\t\t<div class=\"foogallery foogallery-container foogallery-justified foogallery-lightbox-foobox fg-justified fg-light fg-loading-trail fg-loaded-fade-in fg-caption-always fg-hover-fade fg-ready\" id=\"foogallery-gallery-1254\" data-foogallery=\"{&quot;item&quot;:{&quot;showCaptionTitle&quot;:false,&quot;showCaptionDescription&quot;:true},&quot;lazy&quot;:true,&quot;template&quot;:{&quot;rowHeight&quot;:250,&quot;maxRowHeight&quot;:750,&quot;margins&quot;:2,&quot;align&quot;:&quot;center&quot;,&quot;lastRow&quot;:&quot;smart&quot;}}\" >\r\n\t<div class=\"fg-item fg-type-image fg-idle\"><figure class=\"fg-item-inner\"><a href=\"https:\/\/charlotteabicyclette.com\/wp-content\/uploads\/2021\/04\/DSCF2717-scaled.jpg\" data-caption-desc=\"Lever du soleil avec vue sur la V\u00e9lomaritime\" data-attachment-id=\"1252\" data-type=\"image\" class=\"fg-thumb\"><span class=\"fg-image-wrap\"><img decoding=\"async\" height=\"750\" width=\"1125\" class=\"skip-lazy fg-image\" data-src-fg=\"https:\/\/charlotteabicyclette.com\/wp-content\/uploads\/cache\/2021\/04\/DSCF2717-scaled\/2793354601.jpg\" src=\"data:image\/svg+xml,%3Csvg%20xmlns%3D%22http%3A%2F%2Fwww.w3.org%2F2000%2Fsvg%22%20width%3D%221125%22%20height%3D%22750%22%20viewBox%3D%220%200%201125%20750%22%3E%3C%2Fsvg%3E\" loading=\"eager\"><\/span><span class=\"fg-image-overlay\"><\/span><\/a><figcaption class=\"fg-caption\"><div class=\"fg-caption-inner\"><div class=\"fg-caption-desc\">Lever du soleil avec vue sur la V\u00e9lomaritime<\/div><\/div><\/figcaption><\/figure><div class=\"fg-loader\"><\/div><\/div><\/div>\r\n","protected":false},"excerpt":{"rendered":"<p>Lors de mes deux semaines de vacances pr\u00e9c\u00e9dentes, j\u2019ai suivi la Charente, remont\u00e9 la c\u00f4te Atlantique puis travers\u00e9 la Bretagne jusqu\u2019\u00e0 Guingamp. L\u00e0, mon amie H\u00e9l\u00e8ne me rejoint pour que nous partions 3 jours \u00e0 v\u00e9lo sur la V\u00e9lomaritime en Bretagne nord, le long de la Manche entre Plouha et Saint-Cast-le-Guildo. En quelques mots La [&hellip;]<\/p>\n","protected":false},"author":1,"featured_media":1224,"comment_status":"open","ping_status":"open","sticky":false,"template":"","format":"standard","meta":{"footnotes":""},"categories":[30,2],"tags":[28,65],"class_list":["post-1218","post","type-post","status-publish","format-standard","has-post-thumbnail","hentry","category-aventures-au-long-cours","category-microaventures","tag-bretagne","tag-velomaritime"],"yoast_head":"<!-- This site is optimized with the Yoast SEO plugin v24.9 - https:\/\/yoast.com\/wordpress\/plugins\/seo\/ -->\n<title>3 jours \u00e0 v\u00e9lo sur la V\u00e9lomaritime en Bretagne nord - CHARLOTTE A BICYCLETTE<\/title>\n<meta name=\"description\" content=\"R\u00e9cit et parcours de 3 jours \u00e0 v\u00e9lo sur la V\u00e9lomaritime en Bretagne nord, le long de la Manche entre Plouha et Saint-Cast-le-Guildo, dans les c\u00f4tes d\u2019Armor\" \/>\n<meta name=\"robots\" content=\"index, follow, max-snippet:-1, max-image-preview:large, max-video-preview:-1\" \/>\n<link rel=\"canonical\" href=\"https:\/\/charlotteabicyclette.com\/index.php\/2020\/10\/01\/3-jours-velo-velomaritime-bretagne-nord\/\" \/>\n<meta property=\"og:locale\" content=\"en_US\" \/>\n<meta property=\"og:type\" content=\"article\" \/>\n<meta property=\"og:title\" content=\"3 jours \u00e0 v\u00e9lo sur la V\u00e9lomaritime en Bretagne nord - CHARLOTTE A BICYCLETTE\" \/>\n<meta property=\"og:description\" content=\"R\u00e9cit et parcours de 3 jours \u00e0 v\u00e9lo sur la V\u00e9lomaritime en Bretagne nord, le long de la Manche entre Plouha et Saint-Cast-le-Guildo, dans les c\u00f4tes d\u2019Armor\" \/>\n<meta property=\"og:url\" content=\"https:\/\/charlotteabicyclette.com\/index.php\/2020\/10\/01\/3-jours-velo-velomaritime-bretagne-nord\/\" \/>\n<meta property=\"og:site_name\" content=\"CHARLOTTE A BICYCLETTE\" \/>\n<meta property=\"article:publisher\" content=\"http:\/\/fb.me\/charlotteabicyclette\" \/>\n<meta property=\"article:published_time\" content=\"2020-10-01T08:07:00+00:00\" \/>\n<meta property=\"article:modified_time\" content=\"2021-04-16T08:10:14+00:00\" \/>\n<meta property=\"og:image\" content=\"https:\/\/charlotteabicyclette.com\/wp-content\/uploads\/2021\/04\/DSCF2799-scaled.jpg\" \/>\n\t<meta property=\"og:image:width\" content=\"2560\" \/>\n\t<meta property=\"og:image:height\" content=\"1707\" \/>\n\t<meta property=\"og:image:type\" content=\"image\/jpeg\" \/>\n<meta name=\"author\" content=\"Charlotte\" \/>\n<meta name=\"twitter:card\" content=\"summary_large_image\" \/>\n<meta name=\"twitter:label1\" content=\"Written by\" \/>\n\t<meta name=\"twitter:data1\" content=\"Charlotte\" \/>\n\t<meta name=\"twitter:label2\" content=\"Est. reading time\" \/>\n\t<meta name=\"twitter:data2\" content=\"4 minutes\" \/>\n<script type=\"application\/ld+json\" class=\"yoast-schema-graph\">{\"@context\":\"https:\/\/schema.org\",\"@graph\":[{\"@type\":\"Article\",\"@id\":\"https:\/\/charlotteabicyclette.com\/index.php\/2020\/10\/01\/3-jours-velo-velomaritime-bretagne-nord\/#article\",\"isPartOf\":{\"@id\":\"https:\/\/charlotteabicyclette.com\/index.php\/2020\/10\/01\/3-jours-velo-velomaritime-bretagne-nord\/\"},\"author\":{\"name\":\"Charlotte\",\"@id\":\"https:\/\/charlotteabicyclette.com\/#\/schema\/person\/43150260ccd3fa1831cfe26d9ce7b447\"},\"headline\":\"3 jours \u00e0 v\u00e9lo sur la V\u00e9lomaritime en Bretagne nord\",\"datePublished\":\"2020-10-01T08:07:00+00:00\",\"dateModified\":\"2021-04-16T08:10:14+00:00\",\"mainEntityOfPage\":{\"@id\":\"https:\/\/charlotteabicyclette.com\/index.php\/2020\/10\/01\/3-jours-velo-velomaritime-bretagne-nord\/\"},\"wordCount\":856,\"commentCount\":2,\"publisher\":{\"@id\":\"https:\/\/charlotteabicyclette.com\/#organization\"},\"image\":{\"@id\":\"https:\/\/charlotteabicyclette.com\/index.php\/2020\/10\/01\/3-jours-velo-velomaritime-bretagne-nord\/#primaryimage\"},\"thumbnailUrl\":\"https:\/\/charlotteabicyclette.com\/wp-content\/uploads\/2021\/04\/DSCF2799-scaled.jpg\",\"keywords\":[\"Bretagne\",\"V\u00e9lomaritime\"],\"articleSection\":[\"Aventures au long cours\",\"Microaventures\"],\"inLanguage\":\"en-US\",\"potentialAction\":[{\"@type\":\"CommentAction\",\"name\":\"Comment\",\"target\":[\"https:\/\/charlotteabicyclette.com\/index.php\/2020\/10\/01\/3-jours-velo-velomaritime-bretagne-nord\/#respond\"]}]},{\"@type\":\"WebPage\",\"@id\":\"https:\/\/charlotteabicyclette.com\/index.php\/2020\/10\/01\/3-jours-velo-velomaritime-bretagne-nord\/\",\"url\":\"https:\/\/charlotteabicyclette.com\/index.php\/2020\/10\/01\/3-jours-velo-velomaritime-bretagne-nord\/\",\"name\":\"3 jours \u00e0 v\u00e9lo sur la V\u00e9lomaritime en Bretagne nord - CHARLOTTE A BICYCLETTE\",\"isPartOf\":{\"@id\":\"https:\/\/charlotteabicyclette.com\/#website\"},\"primaryImageOfPage\":{\"@id\":\"https:\/\/charlotteabicyclette.com\/index.php\/2020\/10\/01\/3-jours-velo-velomaritime-bretagne-nord\/#primaryimage\"},\"image\":{\"@id\":\"https:\/\/charlotteabicyclette.com\/index.php\/2020\/10\/01\/3-jours-velo-velomaritime-bretagne-nord\/#primaryimage\"},\"thumbnailUrl\":\"https:\/\/charlotteabicyclette.com\/wp-content\/uploads\/2021\/04\/DSCF2799-scaled.jpg\",\"datePublished\":\"2020-10-01T08:07:00+00:00\",\"dateModified\":\"2021-04-16T08:10:14+00:00\",\"description\":\"R\u00e9cit et parcours de 3 jours \u00e0 v\u00e9lo sur la V\u00e9lomaritime en Bretagne nord, le long de la Manche entre Plouha et Saint-Cast-le-Guildo, dans les c\u00f4tes d\u2019Armor\",\"breadcrumb\":{\"@id\":\"https:\/\/charlotteabicyclette.com\/index.php\/2020\/10\/01\/3-jours-velo-velomaritime-bretagne-nord\/#breadcrumb\"},\"inLanguage\":\"en-US\",\"potentialAction\":[{\"@type\":\"ReadAction\",\"target\":[\"https:\/\/charlotteabicyclette.com\/index.php\/2020\/10\/01\/3-jours-velo-velomaritime-bretagne-nord\/\"]}]},{\"@type\":\"ImageObject\",\"inLanguage\":\"en-US\",\"@id\":\"https:\/\/charlotteabicyclette.com\/index.php\/2020\/10\/01\/3-jours-velo-velomaritime-bretagne-nord\/#primaryimage\",\"url\":\"https:\/\/charlotteabicyclette.com\/wp-content\/uploads\/2021\/04\/DSCF2799-scaled.jpg\",\"contentUrl\":\"https:\/\/charlotteabicyclette.com\/wp-content\/uploads\/2021\/04\/DSCF2799-scaled.jpg\",\"width\":2560,\"height\":1707},{\"@type\":\"BreadcrumbList\",\"@id\":\"https:\/\/charlotteabicyclette.com\/index.php\/2020\/10\/01\/3-jours-velo-velomaritime-bretagne-nord\/#breadcrumb\",\"itemListElement\":[{\"@type\":\"ListItem\",\"position\":1,\"name\":\"Accueil\",\"item\":\"https:\/\/charlotteabicyclette.com\/\"},{\"@type\":\"ListItem\",\"position\":2,\"name\":\"3 jours \u00e0 v\u00e9lo sur la V\u00e9lomaritime en Bretagne nord\"}]},{\"@type\":\"WebSite\",\"@id\":\"https:\/\/charlotteabicyclette.com\/#website\",\"url\":\"https:\/\/charlotteabicyclette.com\/\",\"name\":\"CHARLOTTE A BICYCLETTE\",\"description\":\"Aventures \u00e0 v\u00e9lo\",\"publisher\":{\"@id\":\"https:\/\/charlotteabicyclette.com\/#organization\"},\"potentialAction\":[{\"@type\":\"SearchAction\",\"target\":{\"@type\":\"EntryPoint\",\"urlTemplate\":\"https:\/\/charlotteabicyclette.com\/?s={search_term_string}\"},\"query-input\":{\"@type\":\"PropertyValueSpecification\",\"valueRequired\":true,\"valueName\":\"search_term_string\"}}],\"inLanguage\":\"en-US\"},{\"@type\":\"Organization\",\"@id\":\"https:\/\/charlotteabicyclette.com\/#organization\",\"name\":\"Charlotte \u00e0 bicyclette\",\"url\":\"https:\/\/charlotteabicyclette.com\/\",\"logo\":{\"@type\":\"ImageObject\",\"inLanguage\":\"en-US\",\"@id\":\"https:\/\/charlotteabicyclette.com\/#\/schema\/logo\/image\/\",\"url\":\"https:\/\/charlotteabicyclette.com\/wp-content\/uploads\/2020\/02\/Charlotte-\u00e0-bicyclette-logo-A4-1.png\",\"contentUrl\":\"https:\/\/charlotteabicyclette.com\/wp-content\/uploads\/2020\/02\/Charlotte-\u00e0-bicyclette-logo-A4-1.png\",\"width\":8334,\"height\":8335,\"caption\":\"Charlotte \u00e0 bicyclette\"},\"image\":{\"@id\":\"https:\/\/charlotteabicyclette.com\/#\/schema\/logo\/image\/\"},\"sameAs\":[\"http:\/\/fb.me\/charlotteabicyclette\",\"https:\/\/www.instagram.com\/charlotteabicyclette\/\"]},{\"@type\":\"Person\",\"@id\":\"https:\/\/charlotteabicyclette.com\/#\/schema\/person\/43150260ccd3fa1831cfe26d9ce7b447\",\"name\":\"Charlotte\",\"image\":{\"@type\":\"ImageObject\",\"inLanguage\":\"en-US\",\"@id\":\"https:\/\/charlotteabicyclette.com\/#\/schema\/person\/image\/\",\"url\":\"https:\/\/secure.gravatar.com\/avatar\/20fd74ff441eb3d0fd0a228c0f0c07db?s=96&d=mm&r=g\",\"contentUrl\":\"https:\/\/secure.gravatar.com\/avatar\/20fd74ff441eb3d0fd0a228c0f0c07db?s=96&d=mm&r=g\",\"caption\":\"Charlotte\"}}]}<\/script>\n<!-- \/ Yoast SEO plugin. -->","yoast_head_json":{"title":"3 jours \u00e0 v\u00e9lo sur la V\u00e9lomaritime en Bretagne nord - CHARLOTTE A BICYCLETTE","description":"R\u00e9cit et parcours de 3 jours \u00e0 v\u00e9lo sur la V\u00e9lomaritime en Bretagne nord, le long de la Manche entre Plouha et Saint-Cast-le-Guildo, dans les c\u00f4tes d\u2019Armor","robots":{"index":"index","follow":"follow","max-snippet":"max-snippet:-1","max-image-preview":"max-image-preview:large","max-video-preview":"max-video-preview:-1"},"canonical":"https:\/\/charlotteabicyclette.com\/index.php\/2020\/10\/01\/3-jours-velo-velomaritime-bretagne-nord\/","og_locale":"en_US","og_type":"article","og_title":"3 jours \u00e0 v\u00e9lo sur la V\u00e9lomaritime en Bretagne nord - CHARLOTTE A BICYCLETTE","og_description":"R\u00e9cit et parcours de 3 jours \u00e0 v\u00e9lo sur la V\u00e9lomaritime en Bretagne nord, le long de la Manche entre Plouha et Saint-Cast-le-Guildo, dans les c\u00f4tes d\u2019Armor","og_url":"https:\/\/charlotteabicyclette.com\/index.php\/2020\/10\/01\/3-jours-velo-velomaritime-bretagne-nord\/","og_site_name":"CHARLOTTE A BICYCLETTE","article_publisher":"http:\/\/fb.me\/charlotteabicyclette","article_published_time":"2020-10-01T08:07:00+00:00","article_modified_time":"2021-04-16T08:10:14+00:00","og_image":[{"width":2560,"height":1707,"url":"https:\/\/charlotteabicyclette.com\/wp-content\/uploads\/2021\/04\/DSCF2799-scaled.jpg","type":"image\/jpeg"}],"author":"Charlotte","twitter_card":"summary_large_image","twitter_misc":{"Written by":"Charlotte","Est. reading time":"4 minutes"},"schema":{"@context":"https:\/\/schema.org","@graph":[{"@type":"Article","@id":"https:\/\/charlotteabicyclette.com\/index.php\/2020\/10\/01\/3-jours-velo-velomaritime-bretagne-nord\/#article","isPartOf":{"@id":"https:\/\/charlotteabicyclette.com\/index.php\/2020\/10\/01\/3-jours-velo-velomaritime-bretagne-nord\/"},"author":{"name":"Charlotte","@id":"https:\/\/charlotteabicyclette.com\/#\/schema\/person\/43150260ccd3fa1831cfe26d9ce7b447"},"headline":"3 jours \u00e0 v\u00e9lo sur la V\u00e9lomaritime en Bretagne nord","datePublished":"2020-10-01T08:07:00+00:00","dateModified":"2021-04-16T08:10:14+00:00","mainEntityOfPage":{"@id":"https:\/\/charlotteabicyclette.com\/index.php\/2020\/10\/01\/3-jours-velo-velomaritime-bretagne-nord\/"},"wordCount":856,"commentCount":2,"publisher":{"@id":"https:\/\/charlotteabicyclette.com\/#organization"},"image":{"@id":"https:\/\/charlotteabicyclette.com\/index.php\/2020\/10\/01\/3-jours-velo-velomaritime-bretagne-nord\/#primaryimage"},"thumbnailUrl":"https:\/\/charlotteabicyclette.com\/wp-content\/uploads\/2021\/04\/DSCF2799-scaled.jpg","keywords":["Bretagne","V\u00e9lomaritime"],"articleSection":["Aventures au long cours","Microaventures"],"inLanguage":"en-US","potentialAction":[{"@type":"CommentAction","name":"Comment","target":["https:\/\/charlotteabicyclette.com\/index.php\/2020\/10\/01\/3-jours-velo-velomaritime-bretagne-nord\/#respond"]}]},{"@type":"WebPage","@id":"https:\/\/charlotteabicyclette.com\/index.php\/2020\/10\/01\/3-jours-velo-velomaritime-bretagne-nord\/","url":"https:\/\/charlotteabicyclette.com\/index.php\/2020\/10\/01\/3-jours-velo-velomaritime-bretagne-nord\/","name":"3 jours \u00e0 v\u00e9lo sur la V\u00e9lomaritime en Bretagne nord - CHARLOTTE A BICYCLETTE","isPartOf":{"@id":"https:\/\/charlotteabicyclette.com\/#website"},"primaryImageOfPage":{"@id":"https:\/\/charlotteabicyclette.com\/index.php\/2020\/10\/01\/3-jours-velo-velomaritime-bretagne-nord\/#primaryimage"},"image":{"@id":"https:\/\/charlotteabicyclette.com\/index.php\/2020\/10\/01\/3-jours-velo-velomaritime-bretagne-nord\/#primaryimage"},"thumbnailUrl":"https:\/\/charlotteabicyclette.com\/wp-content\/uploads\/2021\/04\/DSCF2799-scaled.jpg","datePublished":"2020-10-01T08:07:00+00:00","dateModified":"2021-04-16T08:10:14+00:00","description":"R\u00e9cit et parcours de 3 jours \u00e0 v\u00e9lo sur la V\u00e9lomaritime en Bretagne nord, le long de la Manche entre Plouha et Saint-Cast-le-Guildo, dans les c\u00f4tes d\u2019Armor","breadcrumb":{"@id":"https:\/\/charlotteabicyclette.com\/index.php\/2020\/10\/01\/3-jours-velo-velomaritime-bretagne-nord\/#breadcrumb"},"inLanguage":"en-US","potentialAction":[{"@type":"ReadAction","target":["https:\/\/charlotteabicyclette.com\/index.php\/2020\/10\/01\/3-jours-velo-velomaritime-bretagne-nord\/"]}]},{"@type":"ImageObject","inLanguage":"en-US","@id":"https:\/\/charlotteabicyclette.com\/index.php\/2020\/10\/01\/3-jours-velo-velomaritime-bretagne-nord\/#primaryimage","url":"https:\/\/charlotteabicyclette.com\/wp-content\/uploads\/2021\/04\/DSCF2799-scaled.jpg","contentUrl":"https:\/\/charlotteabicyclette.com\/wp-content\/uploads\/2021\/04\/DSCF2799-scaled.jpg","width":2560,"height":1707},{"@type":"BreadcrumbList","@id":"https:\/\/charlotteabicyclette.com\/index.php\/2020\/10\/01\/3-jours-velo-velomaritime-bretagne-nord\/#breadcrumb","itemListElement":[{"@type":"ListItem","position":1,"name":"Accueil","item":"https:\/\/charlotteabicyclette.com\/"},{"@type":"ListItem","position":2,"name":"3 jours \u00e0 v\u00e9lo sur la V\u00e9lomaritime en Bretagne nord"}]},{"@type":"WebSite","@id":"https:\/\/charlotteabicyclette.com\/#website","url":"https:\/\/charlotteabicyclette.com\/","name":"CHARLOTTE A BICYCLETTE","description":"Aventures \u00e0 v\u00e9lo","publisher":{"@id":"https:\/\/charlotteabicyclette.com\/#organization"},"potentialAction":[{"@type":"SearchAction","target":{"@type":"EntryPoint","urlTemplate":"https:\/\/charlotteabicyclette.com\/?s={search_term_string}"},"query-input":{"@type":"PropertyValueSpecification","valueRequired":true,"valueName":"search_term_string"}}],"inLanguage":"en-US"},{"@type":"Organization","@id":"https:\/\/charlotteabicyclette.com\/#organization","name":"Charlotte \u00e0 bicyclette","url":"https:\/\/charlotteabicyclette.com\/","logo":{"@type":"ImageObject","inLanguage":"en-US","@id":"https:\/\/charlotteabicyclette.com\/#\/schema\/logo\/image\/","url":"https:\/\/charlotteabicyclette.com\/wp-content\/uploads\/2020\/02\/Charlotte-\u00e0-bicyclette-logo-A4-1.png","contentUrl":"https:\/\/charlotteabicyclette.com\/wp-content\/uploads\/2020\/02\/Charlotte-\u00e0-bicyclette-logo-A4-1.png","width":8334,"height":8335,"caption":"Charlotte \u00e0 bicyclette"},"image":{"@id":"https:\/\/charlotteabicyclette.com\/#\/schema\/logo\/image\/"},"sameAs":["http:\/\/fb.me\/charlotteabicyclette","https:\/\/www.instagram.com\/charlotteabicyclette\/"]},{"@type":"Person","@id":"https:\/\/charlotteabicyclette.com\/#\/schema\/person\/43150260ccd3fa1831cfe26d9ce7b447","name":"Charlotte","image":{"@type":"ImageObject","inLanguage":"en-US","@id":"https:\/\/charlotteabicyclette.com\/#\/schema\/person\/image\/","url":"https:\/\/secure.gravatar.com\/avatar\/20fd74ff441eb3d0fd0a228c0f0c07db?s=96&d=mm&r=g","contentUrl":"https:\/\/secure.gravatar.com\/avatar\/20fd74ff441eb3d0fd0a228c0f0c07db?s=96&d=mm&r=g","caption":"Charlotte"}}]}},"_links":{"self":[{"href":"https:\/\/charlotteabicyclette.com\/index.php\/wp-json\/wp\/v2\/posts\/1218","targetHints":{"allow":["GET"]}}],"collection":[{"href":"https:\/\/charlotteabicyclette.com\/index.php\/wp-json\/wp\/v2\/posts"}],"about":[{"href":"https:\/\/charlotteabicyclette.com\/index.php\/wp-json\/wp\/v2\/types\/post"}],"author":[{"embeddable":true,"href":"https:\/\/charlotteabicyclette.com\/index.php\/wp-json\/wp\/v2\/users\/1"}],"replies":[{"embeddable":true,"href":"https:\/\/charlotteabicyclette.com\/index.php\/wp-json\/wp\/v2\/comments?post=1218"}],"version-history":[{"count":7,"href":"https:\/\/charlotteabicyclette.com\/index.php\/wp-json\/wp\/v2\/posts\/1218\/revisions"}],"predecessor-version":[{"id":1255,"href":"https:\/\/charlotteabicyclette.com\/index.php\/wp-json\/wp\/v2\/posts\/1218\/revisions\/1255"}],"wp:featuredmedia":[{"embeddable":true,"href":"https:\/\/charlotteabicyclette.com\/index.php\/wp-json\/wp\/v2\/media\/1224"}],"wp:attachment":[{"href":"https:\/\/charlotteabicyclette.com\/index.php\/wp-json\/wp\/v2\/media?parent=1218"}],"wp:term":[{"taxonomy":"category","embeddable":true,"href":"https:\/\/charlotteabicyclette.com\/index.php\/wp-json\/wp\/v2\/categories?post=1218"},{"taxonomy":"post_tag","embeddable":true,"href":"https:\/\/charlotteabicyclette.com\/index.php\/wp-json\/wp\/v2\/tags?post=1218"}],"curies":[{"name":"wp","href":"https:\/\/api.w.org\/{rel}","templated":true}]}}