{"id":1260,"date":"2021-07-18T17:03:25","date_gmt":"2021-07-18T15:03:25","guid":{"rendered":"https:\/\/charlotteabicyclette.com\/?p=1260"},"modified":"2021-07-18T17:03:27","modified_gmt":"2021-07-18T15:03:27","slug":"boucle-3j-bourgogne-15-amis-3-enfants-velo","status":"publish","type":"post","link":"https:\/\/charlotteabicyclette.com\/index.php\/2021\/07\/18\/boucle-3j-bourgogne-15-amis-3-enfants-velo\/","title":{"rendered":"Microaventure de 3j \u00e0 v\u00e9lo \u00e0 15 amis + 3 enfants en Bourgogne"},"content":{"rendered":"\n<h2 class=\"wp-block-heading\"><span style=\"color:#0092b3\" class=\"has-inline-color\">En quelques mots<\/span><\/h2>\n\n\n\n<p>En juin, j\u2019ai organis\u00e9 une <strong><span style=\"color:#ffb126\" class=\"has-inline-color\">microaventure de 3 jours \u00e0 v\u00e9lo<\/span> <\/strong>pour mes amis (et leurs enfants !) en <strong><span style=\"color:#ffb126\" class=\"has-inline-color\">Bourgogne. <\/span><\/strong>Nous avons fait une boucle Ch\u00e2lon-sur-Sa\u00f4ne -&gt; M\u00e2con -&gt; Ch\u00e2lon-sur-Sa\u00f4ne, en suivant notamment <a href=\"https:\/\/www.lavoiebleue.com\/\" target=\"_blank\" rel=\"noreferrer noopener\">la voie bleue.<\/a> Nous \u00e9tions au final <strong><span style=\"color:#ffb126\" class=\"has-inline-color\">15 adultes et 3 enfants<\/span><\/strong> et avons fait <strong><span style=\"color:#ffb126\" class=\"has-inline-color\">environ 50km par jour.<\/span><\/strong><\/p>\n\n\n\t\t\t<style>\r\n                #foogallery-gallery-1269.fg-justified .fg-item {\r\n                    margin-right: 2px;\r\n                    margin-bottom: 2px;\r\n                }\r\n\r\n                #foogallery-gallery-1269.fg-justified .fg-image {\r\n                    height: 250px;\r\n                }\r\n\t\t\t<\/style>\r\n\t\t\t<div class=\"foogallery foogallery-container foogallery-justified foogallery-lightbox-foobox fg-justified fg-light fg-loading-trail fg-loaded-fade-in fg-caption-always fg-hover-fade fg-ready\" id=\"foogallery-gallery-1269\" data-foogallery=\"{&quot;item&quot;:{&quot;showCaptionTitle&quot;:false,&quot;showCaptionDescription&quot;:true},&quot;lazy&quot;:true,&quot;template&quot;:{&quot;rowHeight&quot;:250,&quot;maxRowHeight&quot;:250,&quot;margins&quot;:2,&quot;align&quot;:&quot;center&quot;,&quot;lastRow&quot;:&quot;smart&quot;}}\" >\r\n\t<div class=\"fg-item fg-type-image fg-idle\"><figure class=\"fg-item-inner\"><a href=\"https:\/\/charlotteabicyclette.com\/wp-content\/uploads\/2021\/07\/1ca6cab6-0091-46a7-9709-36c9a0e97892.jpg\" data-caption-desc=\"L\u2019\u00e9quipe au complet !\" data-attachment-id=\"1268\" data-type=\"image\" class=\"fg-thumb\"><span class=\"fg-image-wrap\"><img fetchpriority=\"high\" decoding=\"async\" height=\"250\" width=\"333\" class=\"skip-lazy fg-image\" data-src-fg=\"https:\/\/charlotteabicyclette.com\/wp-content\/uploads\/cache\/2021\/07\/1ca6cab6-0091-46a7-9709-36c9a0e97892\/3375747064.jpg\" data-srcset-fg=\"https:\/\/charlotteabicyclette.com\/wp-content\/uploads\/cache\/2021\/07\/1ca6cab6-0091-46a7-9709-36c9a0e97892\/724210228.jpg 4x\" src=\"data:image\/svg+xml,%3Csvg%20xmlns%3D%22http%3A%2F%2Fwww.w3.org%2F2000%2Fsvg%22%20width%3D%22333%22%20height%3D%22250%22%20viewBox%3D%220%200%20333%20250%22%3E%3C%2Fsvg%3E\" loading=\"eager\"><\/span><span class=\"fg-image-overlay\"><\/span><\/a><figcaption class=\"fg-caption\"><div class=\"fg-caption-inner\"><div class=\"fg-caption-desc\">L\u2019\u00e9quipe au complet !<\/div><\/div><\/figcaption><\/figure><div class=\"fg-loader\"><\/div><\/div><\/div>\r\n<style type=\"text\/css\">L<\/style>\n\n\n<div style=\"height:29px\" aria-hidden=\"true\" class=\"wp-block-spacer\"><\/div>\n\n\n\n<h2 class=\"wp-block-heading\"><span style=\"color:#0092b3\" class=\"has-inline-color\">Le d\u00e9tail du parcours<\/span><\/h2>\n\n\n\n<p>Il s\u2019agit d\u2019une vraie boucle car nous n\u2019avons pas fait le m\u00eame trajet \u00e0 l\u2019aller et au retour :<\/p>\n\n\n\n<p>A l\u2019aller, nous avons suivi la portion de <strong><span style=\"color:#ffb126\" class=\"has-inline-color\">la voie bleue le long de la Sa\u00f4ne<\/span><\/strong> puis au retour la voie verte de la c\u00f4te ch\u00e2lonnaise qui passe par <strong><span style=\"color:#ffb126\" class=\"has-inline-color\">Cluny et les vignes du m\u00e2connais.<\/span><\/strong> Nous avons mis 3 jours pour faire la boucle, avec des \u00e9tapes d\u2019environ 50km par jour.<\/p>\n\n\n\t\t\t<style>\r\n                #foogallery-gallery-1278.fg-justified .fg-item {\r\n                    margin-right: 2px;\r\n                    margin-bottom: 2px;\r\n                }\r\n\r\n                #foogallery-gallery-1278.fg-justified .fg-image {\r\n                    height: 250px;\r\n                }\r\n\t\t\t<\/style>\r\n\t\t\t<div class=\"foogallery foogallery-container foogallery-justified foogallery-lightbox-foobox fg-justified fg-light fg-loading-trail fg-loaded-fade-in fg-caption-always fg-hover-fade fg-ready\" id=\"foogallery-gallery-1278\" data-foogallery=\"{&quot;item&quot;:{&quot;showCaptionTitle&quot;:false,&quot;showCaptionDescription&quot;:true},&quot;lazy&quot;:true,&quot;template&quot;:{&quot;rowHeight&quot;:250,&quot;maxRowHeight&quot;:250,&quot;margins&quot;:2,&quot;align&quot;:&quot;center&quot;,&quot;lastRow&quot;:&quot;smart&quot;}}\" >\r\n\t<div class=\"fg-item fg-type-image fg-idle\"><figure class=\"fg-item-inner\"><a href=\"https:\/\/charlotteabicyclette.com\/wp-content\/uploads\/2021\/07\/DSCF0890.jpg\" data-caption-desc=\"Sur la Voie Bleue le long de la Sa\u00f4ne avec amis et enfants\" data-attachment-id=\"1279\" data-type=\"image\" class=\"fg-thumb\"><span class=\"fg-image-wrap\"><img decoding=\"async\" height=\"250\" width=\"375\" class=\"skip-lazy fg-image\" data-src-fg=\"https:\/\/charlotteabicyclette.com\/wp-content\/uploads\/cache\/2021\/07\/DSCF0890\/2997793560.jpg\" data-srcset-fg=\"https:\/\/charlotteabicyclette.com\/wp-content\/uploads\/cache\/2021\/07\/DSCF0890\/4167156115.jpg 4x\" src=\"data:image\/svg+xml,%3Csvg%20xmlns%3D%22http%3A%2F%2Fwww.w3.org%2F2000%2Fsvg%22%20width%3D%22375%22%20height%3D%22250%22%20viewBox%3D%220%200%20375%20250%22%3E%3C%2Fsvg%3E\" loading=\"eager\"><\/span><span class=\"fg-image-overlay\"><\/span><\/a><figcaption class=\"fg-caption\"><div class=\"fg-caption-inner\"><div class=\"fg-caption-desc\">Sur la Voie Bleue le long de la Sa\u00f4ne avec amis et enfants<\/div><\/div><\/figcaption><\/figure><div class=\"fg-loader\"><\/div><\/div><\/div>\r\n\n\n\n<p>Le parcours est quasiment exclusivement sur des pistes cyclables d\u00e9di\u00e9es ou des voies avec tr\u00e8s peu de trafic, c\u2019est tr\u00e8s s\u00e9curisant. Les voies cyclables sont de super qualit\u00e9, parfois toutes neuves, avec des arbres qui ont \u00e9t\u00e9 plant\u00e9s pour faire de l\u2019ombre. Il y a r\u00e9guli\u00e8rement des tables de pique-niques et des poubelles et certaines aires ont m\u00eame en plus un point d\u2019eau et des toilettes. <strong><span style=\"color:#ffb126\" class=\"has-inline-color\">C\u2019est probablement le parcours v\u00e9lo le mieux am\u00e9nag\u00e9 que j\u2019ai vu en France.<\/span><\/strong><\/p>\n\n\n\n<p>Les paysages sont tr\u00e8s beaux et vari\u00e9s. Dans les vignes du m\u00e2connais, c\u2019est plus vallonn\u00e9 pour le plaisir des yeux mais la voie verte reste peu pentue.<\/p>\n\n\n\n<p>Le d\u00e9tail du trac\u00e9 est accessible <a href=\"https:\/\/www.francevelotourisme.com\/itineraire\/bourgogne-du-sud-chalon-sur-saone-macon\" target=\"_blank\" rel=\"noreferrer noopener\">ici<\/a>.<\/p>\n\n\n\n<h3 class=\"wp-block-heading\">Premier jour<\/h3>\n\n\n\n<p>Nous sommes arriv\u00e9s pour la plupart le jeudi soir \u00e0 Ch\u00e2lon-sur-Sa\u00f4ne. Apr\u00e8s une belle nuit au <a href=\"https:\/\/www.camping-chalon.com\/?lang=fr\" target=\"_blank\" rel=\"noreferrer noopener\">camping<\/a>, nous partons le vendredi matin sur la voie bleue. Le parcours est tr\u00e8s bien balis\u00e9 et suit la Sa\u00f4ne, impossible de se perdre. Les vues sur la Sa\u00f4ne et les champs sont tr\u00e8s belles. Et cerise sur le g\u00e2teau, <strong><span style=\"color:#ffb126\" class=\"has-inline-color\">il est possible de se baigner dans la Sa\u00f4ne r\u00e9guli\u00e8rement<\/span><\/strong>, tr\u00e8s appr\u00e9ciable en cette journ\u00e9e de canicule. C\u2019est ce que nous faisons notamment durant notre pause pique-nique. L\u2019apr\u00e8s-midi, j\u2019avais pr\u00e9vu une visite du mus\u00e9e du v\u00e9lo \u00e0 Tournus qui \u00e9tait malheureusement ferm\u00e9. Ce n\u2019est pas grave, on en profite pour se r\u00e9galer d\u2019une glace \u00e0 l\u2019ombre.<\/p>\n\n\n\n<p>Le soir, nous arrivons au <a href=\"https:\/\/www.rivesdusoleil.com\/fr\/\" target=\"_blank\" rel=\"noreferrer noopener\">camping de Pont-de-Vaux<\/a> o\u00f9 nous sommes tr\u00e8s bien accueillis et profitons m\u00eame d\u2019un barbecue.<\/p>\n\n\n\t\t\t<style>\r\n                #foogallery-gallery-1284.fg-justified .fg-item {\r\n                    margin-right: 2px;\r\n                    margin-bottom: 2px;\r\n                }\r\n\r\n                #foogallery-gallery-1284.fg-justified .fg-image {\r\n                    height: 250px;\r\n                }\r\n\t\t\t<\/style>\r\n\t\t\t<div class=\"foogallery foogallery-container foogallery-justified foogallery-lightbox-foobox fg-justified fg-light fg-loading-trail fg-loaded-fade-in fg-caption-always fg-hover-fade fg-ready\" id=\"foogallery-gallery-1284\" data-foogallery=\"{&quot;item&quot;:{&quot;showCaptionTitle&quot;:false,&quot;showCaptionDescription&quot;:true},&quot;lazy&quot;:true,&quot;template&quot;:{&quot;rowHeight&quot;:250,&quot;maxRowHeight&quot;:250,&quot;margins&quot;:2,&quot;align&quot;:&quot;center&quot;,&quot;lastRow&quot;:&quot;smart&quot;}}\" >\r\n\t<div class=\"fg-item fg-type-image fg-idle\"><figure class=\"fg-item-inner\"><a href=\"https:\/\/charlotteabicyclette.com\/wp-content\/uploads\/2021\/07\/DSCF0912.jpg\" data-caption-desc=\"A v\u00e9lo le long de la Voie Bleue\" data-attachment-id=\"1280\" data-type=\"image\" class=\"fg-thumb\"><span class=\"fg-image-wrap\"><img decoding=\"async\" height=\"250\" width=\"375\" class=\"skip-lazy fg-image\" data-src-fg=\"https:\/\/charlotteabicyclette.com\/wp-content\/uploads\/cache\/2021\/07\/DSCF0912\/4158483013.jpg\" data-srcset-fg=\"https:\/\/charlotteabicyclette.com\/wp-content\/uploads\/cache\/2021\/07\/DSCF0912\/3172079822.jpg 4x\" src=\"data:image\/svg+xml,%3Csvg%20xmlns%3D%22http%3A%2F%2Fwww.w3.org%2F2000%2Fsvg%22%20width%3D%22375%22%20height%3D%22250%22%20viewBox%3D%220%200%20375%20250%22%3E%3C%2Fsvg%3E\" loading=\"eager\"><\/span><span class=\"fg-image-overlay\"><\/span><\/a><figcaption class=\"fg-caption\"><div class=\"fg-caption-inner\"><div class=\"fg-caption-desc\">A v\u00e9lo le long de la Voie Bleue<\/div><\/div><\/figcaption><\/figure><div class=\"fg-loader\"><\/div><\/div><div class=\"fg-item fg-type-image fg-idle\"><figure class=\"fg-item-inner\"><a href=\"https:\/\/charlotteabicyclette.com\/wp-content\/uploads\/2021\/07\/DSCF0895.jpg\" data-caption-desc=\"Pause pique-nique\" data-attachment-id=\"1281\" data-type=\"image\" class=\"fg-thumb\"><span class=\"fg-image-wrap\"><img decoding=\"async\" height=\"250\" width=\"375\" class=\"skip-lazy fg-image\" data-src-fg=\"https:\/\/charlotteabicyclette.com\/wp-content\/uploads\/cache\/2021\/07\/DSCF0895\/1182225382.jpg\" data-srcset-fg=\"https:\/\/charlotteabicyclette.com\/wp-content\/uploads\/cache\/2021\/07\/DSCF0895\/213393773.jpg 4x\" src=\"data:image\/svg+xml,%3Csvg%20xmlns%3D%22http%3A%2F%2Fwww.w3.org%2F2000%2Fsvg%22%20width%3D%22375%22%20height%3D%22250%22%20viewBox%3D%220%200%20375%20250%22%3E%3C%2Fsvg%3E\" loading=\"eager\"><\/span><span class=\"fg-image-overlay\"><\/span><\/a><figcaption class=\"fg-caption\"><div class=\"fg-caption-inner\"><div class=\"fg-caption-desc\">Pause pique-nique<\/div><\/div><\/figcaption><\/figure><div class=\"fg-loader\"><\/div><\/div><div class=\"fg-item fg-type-image fg-idle\"><figure class=\"fg-item-inner\"><a href=\"https:\/\/charlotteabicyclette.com\/wp-content\/uploads\/2021\/07\/DSCF0900.jpg\" data-caption-desc=\"Se baigner dans la Sa\u00f4ne, tr\u00e8s appr\u00e9ciable quand il fait chaud\" data-attachment-id=\"1282\" data-type=\"image\" class=\"fg-thumb\"><span class=\"fg-image-wrap\"><img decoding=\"async\" height=\"250\" width=\"375\" class=\"skip-lazy fg-image\" data-src-fg=\"https:\/\/charlotteabicyclette.com\/wp-content\/uploads\/cache\/2021\/07\/DSCF0900\/2803469314.jpg\" data-srcset-fg=\"https:\/\/charlotteabicyclette.com\/wp-content\/uploads\/cache\/2021\/07\/DSCF0900\/3990290057.jpg 4x\" src=\"data:image\/svg+xml,%3Csvg%20xmlns%3D%22http%3A%2F%2Fwww.w3.org%2F2000%2Fsvg%22%20width%3D%22375%22%20height%3D%22250%22%20viewBox%3D%220%200%20375%20250%22%3E%3C%2Fsvg%3E\" loading=\"eager\"><\/span><span class=\"fg-image-overlay\"><\/span><\/a><figcaption class=\"fg-caption\"><div class=\"fg-caption-inner\"><div class=\"fg-caption-desc\">Se baigner dans la Sa\u00f4ne, tr\u00e8s appr\u00e9ciable quand il fait chaud<\/div><\/div><\/figcaption><\/figure><div class=\"fg-loader\"><\/div><\/div><div class=\"fg-item fg-type-image fg-idle\"><figure class=\"fg-item-inner\"><a href=\"https:\/\/charlotteabicyclette.com\/wp-content\/uploads\/2021\/07\/IMG_5856-scaled.jpg\" data-caption-desc=\"Quoi de mieux pour finir la journ\u00e9e qu\u2019un barbecue au camping ?\" data-attachment-id=\"1283\" data-type=\"image\" class=\"fg-thumb\"><span class=\"fg-image-wrap\"><img decoding=\"async\" height=\"250\" width=\"188\" class=\"skip-lazy fg-image\" data-src-fg=\"https:\/\/charlotteabicyclette.com\/wp-content\/uploads\/cache\/2021\/07\/IMG_5856-scaled\/3334787494.jpg\" data-srcset-fg=\"https:\/\/charlotteabicyclette.com\/wp-content\/uploads\/cache\/2021\/07\/IMG_5856-scaled\/2909029375.jpg 4x\" src=\"data:image\/svg+xml,%3Csvg%20xmlns%3D%22http%3A%2F%2Fwww.w3.org%2F2000%2Fsvg%22%20width%3D%22188%22%20height%3D%22250%22%20viewBox%3D%220%200%20188%20250%22%3E%3C%2Fsvg%3E\" loading=\"eager\"><\/span><span class=\"fg-image-overlay\"><\/span><\/a><figcaption class=\"fg-caption\"><div class=\"fg-caption-inner\"><div class=\"fg-caption-desc\">Quoi de mieux pour finir la journ\u00e9e qu\u2019un barbecue au camping ?<\/div><\/div><\/figcaption><\/figure><div class=\"fg-loader\"><\/div><\/div><\/div>\r\n\n\n\n<div style=\"height:29px\" aria-hidden=\"true\" class=\"wp-block-spacer\"><\/div>\n\n\n\n<h3 class=\"wp-block-heading\">Deuxi\u00e8me jour<\/h3>\n\n\n\n<p>Nous p\u00e9dalons jusqu\u2019\u00e0 M\u00e2con o\u00f9 nous faisons le plein de provisions au march\u00e9. C\u2019est aussi ici que nous quittons la tr\u00e8s plate voie bleue pour bifurquer vers les vignes du m\u00e2connais en suivant la voie verte, qui grimpe un petit peu (mais rien d\u2019impossible). Apr\u00e8s un pique-nique bien m\u00e9rit\u00e9, nous p\u00e9dalons jusqu\u2019\u00e0 un <strong><span style=\"color:#ffb126\" class=\"has-inline-color\">vigneron<\/span><\/strong> qui nous explique son travail et <strong><span style=\"color:#ffb126\" class=\"has-inline-color\">nous fait d\u00e9guster sa production.<\/span><\/strong><\/p>\n\n\n\n<p>En fin de journ\u00e9e nous arrivons \u00e0 Cluny o\u00f9 nous passons devant son abbaye et d\u00e9gustons une glace avant de rejoindre <a href=\"https:\/\/hotelducommerce-cluny.fr\/\" target=\"_blank\" rel=\"noreferrer noopener\">l\u2019h\u00f4tel<\/a> o\u00f9 la tr\u00e8s gentille g\u00e9rante nous laisse mettre nos v\u00e9los dans la cour et mettre la glace au cong\u00e9lateur. Durant la soir\u00e9e, nous verrons \u00e9clater un bel orage, bien au sec et \u00e0 l\u2019abri dans nos chambres.<\/p>\n\n\n\t\t\t<style>\r\n                #foogallery-gallery-1291.fg-justified .fg-item {\r\n                    margin-right: 2px;\r\n                    margin-bottom: 2px;\r\n                }\r\n\r\n                #foogallery-gallery-1291.fg-justified .fg-image {\r\n                    height: 250px;\r\n                }\r\n\t\t\t<\/style>\r\n\t\t\t<div class=\"foogallery foogallery-container foogallery-justified foogallery-lightbox-foobox fg-justified fg-light fg-loading-trail fg-loaded-fade-in fg-caption-always fg-hover-fade fg-ready\" id=\"foogallery-gallery-1291\" data-foogallery=\"{&quot;item&quot;:{&quot;showCaptionTitle&quot;:false,&quot;showCaptionDescription&quot;:true},&quot;lazy&quot;:true,&quot;template&quot;:{&quot;rowHeight&quot;:250,&quot;maxRowHeight&quot;:250,&quot;margins&quot;:2,&quot;align&quot;:&quot;center&quot;,&quot;lastRow&quot;:&quot;smart&quot;}}\" >\r\n\t<div class=\"fg-item fg-type-image fg-idle\"><figure class=\"fg-item-inner\"><a href=\"https:\/\/charlotteabicyclette.com\/wp-content\/uploads\/2021\/07\/DSCF0932.jpg\" data-attachment-id=\"1289\" data-type=\"image\" class=\"fg-thumb\"><span class=\"fg-image-wrap\"><img decoding=\"async\" height=\"250\" width=\"375\" class=\"skip-lazy fg-image\" data-src-fg=\"https:\/\/charlotteabicyclette.com\/wp-content\/uploads\/cache\/2021\/07\/DSCF0932\/1889595089.jpg\" data-srcset-fg=\"https:\/\/charlotteabicyclette.com\/wp-content\/uploads\/cache\/2021\/07\/DSCF0932\/980393050.jpg 4x\" src=\"data:image\/svg+xml,%3Csvg%20xmlns%3D%22http%3A%2F%2Fwww.w3.org%2F2000%2Fsvg%22%20width%3D%22375%22%20height%3D%22250%22%20viewBox%3D%220%200%20375%20250%22%3E%3C%2Fsvg%3E\" loading=\"eager\"><\/span><span class=\"fg-image-overlay\"><\/span><\/a><figcaption class=\"fg-caption\"><div class=\"fg-caption-inner\"><\/div><\/figcaption><\/figure><div class=\"fg-loader\"><\/div><\/div><div class=\"fg-item fg-type-image fg-idle\"><figure class=\"fg-item-inner\"><a href=\"https:\/\/charlotteabicyclette.com\/wp-content\/uploads\/2021\/07\/DSCF0920.jpg\" data-caption-desc=\"Ponton id\u00e9al pour sauter dans la Sa\u00f4ne\" data-attachment-id=\"1286\" data-type=\"image\" class=\"fg-thumb\"><span class=\"fg-image-wrap\"><img decoding=\"async\" height=\"250\" width=\"375\" class=\"skip-lazy fg-image\" data-src-fg=\"https:\/\/charlotteabicyclette.com\/wp-content\/uploads\/cache\/2021\/07\/DSCF0920\/3528445468.jpg\" data-srcset-fg=\"https:\/\/charlotteabicyclette.com\/wp-content\/uploads\/cache\/2021\/07\/DSCF0920\/2558573719.jpg 4x\" src=\"data:image\/svg+xml,%3Csvg%20xmlns%3D%22http%3A%2F%2Fwww.w3.org%2F2000%2Fsvg%22%20width%3D%22375%22%20height%3D%22250%22%20viewBox%3D%220%200%20375%20250%22%3E%3C%2Fsvg%3E\" loading=\"eager\"><\/span><span class=\"fg-image-overlay\"><\/span><\/a><figcaption class=\"fg-caption\"><div class=\"fg-caption-inner\"><div class=\"fg-caption-desc\">Ponton id\u00e9al pour sauter dans la Sa\u00f4ne<\/div><\/div><\/figcaption><\/figure><div class=\"fg-loader\"><\/div><\/div><div class=\"fg-item fg-type-image fg-idle\"><figure class=\"fg-item-inner\"><a href=\"https:\/\/charlotteabicyclette.com\/wp-content\/uploads\/2021\/07\/DSCF0927.jpg\" data-caption-desc=\"En chemin vers les vignes\" data-attachment-id=\"1287\" data-type=\"image\" class=\"fg-thumb\"><span class=\"fg-image-wrap\"><img decoding=\"async\" height=\"250\" width=\"375\" class=\"skip-lazy fg-image\" data-src-fg=\"https:\/\/charlotteabicyclette.com\/wp-content\/uploads\/cache\/2021\/07\/DSCF0927\/939474585.jpg\" data-srcset-fg=\"https:\/\/charlotteabicyclette.com\/wp-content\/uploads\/cache\/2021\/07\/DSCF0927\/2100317202.jpg 4x\" src=\"data:image\/svg+xml,%3Csvg%20xmlns%3D%22http%3A%2F%2Fwww.w3.org%2F2000%2Fsvg%22%20width%3D%22375%22%20height%3D%22250%22%20viewBox%3D%220%200%20375%20250%22%3E%3C%2Fsvg%3E\" loading=\"eager\"><\/span><span class=\"fg-image-overlay\"><\/span><\/a><figcaption class=\"fg-caption\"><div class=\"fg-caption-inner\"><div class=\"fg-caption-desc\">En chemin vers les vignes<\/div><\/div><\/figcaption><\/figure><div class=\"fg-loader\"><\/div><\/div><div class=\"fg-item fg-type-image fg-idle\"><figure class=\"fg-item-inner\"><a href=\"https:\/\/charlotteabicyclette.com\/wp-content\/uploads\/2021\/07\/IMG_5876-scaled.jpg\" data-caption-desc=\"D\u00e9gustation chez le vigneron producteur\" data-attachment-id=\"1288\" data-type=\"image\" class=\"fg-thumb\"><span class=\"fg-image-wrap\"><img decoding=\"async\" height=\"250\" width=\"188\" class=\"skip-lazy fg-image\" data-src-fg=\"https:\/\/charlotteabicyclette.com\/wp-content\/uploads\/cache\/2021\/07\/IMG_5876-scaled\/3110710634.jpg\" data-srcset-fg=\"https:\/\/charlotteabicyclette.com\/wp-content\/uploads\/cache\/2021\/07\/IMG_5876-scaled\/3536404275.jpg 4x\" src=\"data:image\/svg+xml,%3Csvg%20xmlns%3D%22http%3A%2F%2Fwww.w3.org%2F2000%2Fsvg%22%20width%3D%22188%22%20height%3D%22250%22%20viewBox%3D%220%200%20188%20250%22%3E%3C%2Fsvg%3E\" loading=\"eager\"><\/span><span class=\"fg-image-overlay\"><\/span><\/a><figcaption class=\"fg-caption\"><div class=\"fg-caption-inner\"><div class=\"fg-caption-desc\">D\u00e9gustation chez le vigneron producteur<\/div><\/div><\/figcaption><\/figure><div class=\"fg-loader\"><\/div><\/div><div class=\"fg-item fg-type-image fg-idle\"><figure class=\"fg-item-inner\"><a href=\"https:\/\/charlotteabicyclette.com\/wp-content\/uploads\/2021\/07\/IMG_5888_jpg-scaled.jpg\" data-caption-desc=\"Stockage des v\u00e9los dans la cour de l\u2019h\u00f4tel\" data-attachment-id=\"1290\" data-type=\"image\" class=\"fg-thumb\"><span class=\"fg-image-wrap\"><img decoding=\"async\" height=\"250\" width=\"188\" class=\"skip-lazy fg-image\" data-src-fg=\"https:\/\/charlotteabicyclette.com\/wp-content\/uploads\/cache\/2021\/07\/IMG_5888_jpg-scaled\/3336973759.jpg\" data-srcset-fg=\"https:\/\/charlotteabicyclette.com\/wp-content\/uploads\/cache\/2021\/07\/IMG_5888_jpg-scaled\/4195550512.jpg 4x\" src=\"data:image\/svg+xml,%3Csvg%20xmlns%3D%22http%3A%2F%2Fwww.w3.org%2F2000%2Fsvg%22%20width%3D%22188%22%20height%3D%22250%22%20viewBox%3D%220%200%20188%20250%22%3E%3C%2Fsvg%3E\" loading=\"eager\"><\/span><span class=\"fg-image-overlay\"><\/span><\/a><figcaption class=\"fg-caption\"><div class=\"fg-caption-inner\"><div class=\"fg-caption-desc\">Stockage des v\u00e9los dans la cour de l\u2019h\u00f4tel<\/div><\/div><\/figcaption><\/figure><div class=\"fg-loader\"><\/div><\/div><\/div>\r\n\n\n\n<div style=\"height:32px\" aria-hidden=\"true\" class=\"wp-block-spacer\"><\/div>\n\n\n\n<h3 class=\"wp-block-heading\">Troisi\u00e8me jour<\/h3>\n\n\n\n<p>Pour ce troisi\u00e8me jour, il n\u2019y a plus qu\u2019\u00e0 suivre la voie, en descente, jusqu\u2019\u00e0 Ch\u00e2lon-sur-Sa\u00f4ne. Une belle pluie est pr\u00e9vue pour la pause d\u00e9jeuner, nous trouvons \u00e0 nous <strong><span style=\"color:#ffb126\" class=\"has-inline-color\">abriter sous l\u2019auvent d\u2019une ancienne gare<\/span><\/strong> (la voie verte est une ancienne voie de chemin de fer). Malheureusement, il faut bien reprendre la route et nous finissons les derniers km sous la pluie. Arriv\u00e9s \u00e0 la gare, nous pouvons tous mettre des v\u00eatements secs et la pluie n\u2019est rapidement qu\u2019un mauvais souvenir. Il n\u2019y a plus qu\u2019\u00e0 prendre le train (direct) depuis la Bourgogne jusqu\u2019\u00e0 Paris et c\u2019est d\u00e9j\u00e0 la fin de cette microaventure \u00e0 v\u00e9lo avec enfants.<\/p>\n\n\n\t\t\t<style>\r\n                #foogallery-gallery-1297.fg-justified .fg-item {\r\n                    margin-right: 2px;\r\n                    margin-bottom: 2px;\r\n                }\r\n\r\n                #foogallery-gallery-1297.fg-justified .fg-image {\r\n                    height: 250px;\r\n                }\r\n\t\t\t<\/style>\r\n\t\t\t<div class=\"foogallery foogallery-container foogallery-justified foogallery-lightbox-foobox fg-justified fg-light fg-loading-trail fg-loaded-fade-in fg-caption-always fg-hover-fade fg-ready\" id=\"foogallery-gallery-1297\" data-foogallery=\"{&quot;item&quot;:{&quot;showCaptionTitle&quot;:false,&quot;showCaptionDescription&quot;:true},&quot;lazy&quot;:true,&quot;template&quot;:{&quot;rowHeight&quot;:250,&quot;maxRowHeight&quot;:250,&quot;margins&quot;:2,&quot;align&quot;:&quot;center&quot;,&quot;lastRow&quot;:&quot;smart&quot;}}\" >\r\n\t<div class=\"fg-item fg-type-image fg-idle\"><figure class=\"fg-item-inner\"><a href=\"https:\/\/charlotteabicyclette.com\/wp-content\/uploads\/2021\/07\/IMG_20210620_102216.jpg\" data-attachment-id=\"1293\" data-type=\"image\" class=\"fg-thumb\"><span class=\"fg-image-wrap\"><img decoding=\"async\" height=\"250\" width=\"333\" class=\"skip-lazy fg-image\" data-src-fg=\"https:\/\/charlotteabicyclette.com\/wp-content\/uploads\/cache\/2021\/07\/IMG_20210620_102216\/796479783.jpg\" data-srcset-fg=\"https:\/\/charlotteabicyclette.com\/wp-content\/uploads\/cache\/2021\/07\/IMG_20210620_102216\/1645120420.jpg 4x\" src=\"data:image\/svg+xml,%3Csvg%20xmlns%3D%22http%3A%2F%2Fwww.w3.org%2F2000%2Fsvg%22%20width%3D%22333%22%20height%3D%22250%22%20viewBox%3D%220%200%20333%20250%22%3E%3C%2Fsvg%3E\" loading=\"eager\"><\/span><span class=\"fg-image-overlay\"><\/span><\/a><figcaption class=\"fg-caption\"><div class=\"fg-caption-inner\"><\/div><\/figcaption><\/figure><div class=\"fg-loader\"><\/div><\/div><div class=\"fg-item fg-type-image fg-idle\"><figure class=\"fg-item-inner\"><a href=\"https:\/\/charlotteabicyclette.com\/wp-content\/uploads\/2021\/07\/DSCF0959.jpg\" data-caption-desc=\"Au milieu des vignes\" data-attachment-id=\"1294\" data-type=\"image\" class=\"fg-thumb\"><span class=\"fg-image-wrap\"><img decoding=\"async\" height=\"250\" width=\"375\" class=\"skip-lazy fg-image\" data-src-fg=\"https:\/\/charlotteabicyclette.com\/wp-content\/uploads\/cache\/2021\/07\/DSCF0959\/609279910.jpg\" data-srcset-fg=\"https:\/\/charlotteabicyclette.com\/wp-content\/uploads\/cache\/2021\/07\/DSCF0959\/1855958317.jpg 4x\" src=\"data:image\/svg+xml,%3Csvg%20xmlns%3D%22http%3A%2F%2Fwww.w3.org%2F2000%2Fsvg%22%20width%3D%22375%22%20height%3D%22250%22%20viewBox%3D%220%200%20375%20250%22%3E%3C%2Fsvg%3E\" loading=\"eager\"><\/span><span class=\"fg-image-overlay\"><\/span><\/a><figcaption class=\"fg-caption\"><div class=\"fg-caption-inner\"><div class=\"fg-caption-desc\">Au milieu des vignes<\/div><\/div><\/figcaption><\/figure><div class=\"fg-loader\"><\/div><\/div><div class=\"fg-item fg-type-image fg-idle\"><figure class=\"fg-item-inner\"><a href=\"https:\/\/charlotteabicyclette.com\/wp-content\/uploads\/2021\/07\/IMG_5892.jpg\" data-caption-desc=\"\u00c0 l\u2019abri de la pluie pour le pique-nique\" data-attachment-id=\"1295\" data-type=\"image\" class=\"fg-thumb\"><span class=\"fg-image-wrap\"><img decoding=\"async\" height=\"250\" width=\"333\" class=\"skip-lazy fg-image\" data-src-fg=\"https:\/\/charlotteabicyclette.com\/wp-content\/uploads\/cache\/2021\/07\/IMG_5892\/4005668895.jpg\" data-srcset-fg=\"https:\/\/charlotteabicyclette.com\/wp-content\/uploads\/cache\/2021\/07\/IMG_5892\/3040142418.jpg 4x\" src=\"data:image\/svg+xml,%3Csvg%20xmlns%3D%22http%3A%2F%2Fwww.w3.org%2F2000%2Fsvg%22%20width%3D%22333%22%20height%3D%22250%22%20viewBox%3D%220%200%20333%20250%22%3E%3C%2Fsvg%3E\" loading=\"eager\"><\/span><span class=\"fg-image-overlay\"><\/span><\/a><figcaption class=\"fg-caption\"><div class=\"fg-caption-inner\"><div class=\"fg-caption-desc\">\u00c0 l\u2019abri de la pluie pour le pique-nique<\/div><\/div><\/figcaption><\/figure><div class=\"fg-loader\"><\/div><\/div><div class=\"fg-item fg-type-image fg-idle\"><figure class=\"fg-item-inner\"><a href=\"https:\/\/charlotteabicyclette.com\/wp-content\/uploads\/2021\/07\/IMG_5898.jpg\" data-caption-desc=\"Sous la pluie pour les derniers km\" data-attachment-id=\"1296\" data-type=\"image\" class=\"fg-thumb\"><span class=\"fg-image-wrap\"><img decoding=\"async\" height=\"250\" width=\"188\" class=\"skip-lazy fg-image\" data-src-fg=\"https:\/\/charlotteabicyclette.com\/wp-content\/uploads\/cache\/2021\/07\/IMG_5898\/2515449906.jpg\" data-srcset-fg=\"https:\/\/charlotteabicyclette.com\/wp-content\/uploads\/cache\/2021\/07\/IMG_5898\/2689257775.jpg 4x\" src=\"data:image\/svg+xml,%3Csvg%20xmlns%3D%22http%3A%2F%2Fwww.w3.org%2F2000%2Fsvg%22%20width%3D%22188%22%20height%3D%22250%22%20viewBox%3D%220%200%20188%20250%22%3E%3C%2Fsvg%3E\" loading=\"eager\"><\/span><span class=\"fg-image-overlay\"><\/span><\/a><figcaption class=\"fg-caption\"><div class=\"fg-caption-inner\"><div class=\"fg-caption-desc\">Sous la pluie pour les derniers km<\/div><\/div><\/figcaption><\/figure><div class=\"fg-loader\"><\/div><\/div><\/div>\r\n\n\n\n<div style=\"height:22px\" aria-hidden=\"true\" class=\"wp-block-spacer\"><\/div>\n\n\n\n<h2 class=\"wp-block-heading\"><span style=\"color:#0092b3\" class=\"has-inline-color\">Faire du v\u00e9lo avec des enfants<\/span><\/h2>\n\n\n\n<p>Nous avions <strong><span style=\"color:#ffb126\" class=\"has-inline-color\">3 enfants en bas \u00e2ge<\/span><\/strong> avec nous et quasiment tous les types de solution : une remorque, un si\u00e8ge enfant \u00e0 l\u2019arri\u00e8re, un si\u00e8ge enfant \u00e0 l\u2019avant, une selle de cadre \u00e0 l\u2019avant. Il ne manque plus que le follow-me pour que la liste soit compl\u00e8te ! Peut-\u00eatre pour une prochaine \u00e9dition.<\/p>\n\n\n\n<p>Les parents avaient \u00e9galement pr\u00e9vu de quoi couvrir les enfants, toutes les solutions ne sont pas \u00e9galement adapt\u00e9es en cas de pluie.<\/p>\n\n\n\n<p>A noter que nous avions \u00e9galement avec nous Juliette, enceinte, qui a particip\u00e9 en v\u00e9lo \u00e0 assistance \u00e9lectrique.<\/p>\n\n\n\t\t\t<style>\r\n                #foogallery-gallery-1276.fg-justified .fg-item {\r\n                    margin-right: 2px;\r\n                    margin-bottom: 2px;\r\n                }\r\n\r\n                #foogallery-gallery-1276.fg-justified .fg-image {\r\n                    height: 250px;\r\n                }\r\n\t\t\t<\/style>\r\n\t\t\t<div class=\"foogallery foogallery-container foogallery-justified foogallery-lightbox-foobox fg-justified fg-light fg-loading-trail fg-loaded-fade-in fg-caption-always fg-hover-fade fg-ready\" id=\"foogallery-gallery-1276\" data-foogallery=\"{&quot;item&quot;:{&quot;showCaptionTitle&quot;:false,&quot;showCaptionDescription&quot;:true},&quot;lazy&quot;:true,&quot;template&quot;:{&quot;rowHeight&quot;:250,&quot;maxRowHeight&quot;:250,&quot;margins&quot;:2,&quot;align&quot;:&quot;center&quot;,&quot;lastRow&quot;:&quot;smart&quot;}}\" >\r\n\t<div class=\"fg-item fg-type-image fg-idle\"><figure class=\"fg-item-inner\"><a href=\"https:\/\/charlotteabicyclette.com\/wp-content\/uploads\/2021\/07\/DSCF0940-scaled.jpg\" data-caption-desc=\"Juliette enceinte sur un v\u00e9lo \u00e9lectrique et 2 enfants dans la remorque\" data-attachment-id=\"1272\" data-type=\"image\" class=\"fg-thumb\"><span class=\"fg-image-wrap\"><img decoding=\"async\" height=\"250\" width=\"375\" class=\"skip-lazy fg-image\" data-src-fg=\"https:\/\/charlotteabicyclette.com\/wp-content\/uploads\/cache\/2021\/07\/DSCF0940-scaled\/792642230.jpg\" data-srcset-fg=\"https:\/\/charlotteabicyclette.com\/wp-content\/uploads\/cache\/2021\/07\/DSCF0940-scaled\/514280637.jpg 4x\" src=\"data:image\/svg+xml,%3Csvg%20xmlns%3D%22http%3A%2F%2Fwww.w3.org%2F2000%2Fsvg%22%20width%3D%22375%22%20height%3D%22250%22%20viewBox%3D%220%200%20375%20250%22%3E%3C%2Fsvg%3E\" loading=\"eager\"><\/span><span class=\"fg-image-overlay\"><\/span><\/a><figcaption class=\"fg-caption\"><div class=\"fg-caption-inner\"><div class=\"fg-caption-desc\">Juliette enceinte sur un v\u00e9lo \u00e9lectrique et 2 enfants dans la remorque<\/div><\/div><\/figcaption><\/figure><div class=\"fg-loader\"><\/div><\/div><div class=\"fg-item fg-type-image fg-idle\"><figure class=\"fg-item-inner\"><a href=\"https:\/\/charlotteabicyclette.com\/wp-content\/uploads\/2021\/07\/DSCF0884.jpg\" data-caption-desc=\"Avec un enfant sur le si\u00e8ge \u00e0 l\u2019arri\u00e8re du v\u00e9lo\" data-attachment-id=\"1273\" data-type=\"image\" class=\"fg-thumb\"><span class=\"fg-image-wrap\"><img decoding=\"async\" height=\"250\" width=\"375\" class=\"skip-lazy fg-image\" data-src-fg=\"https:\/\/charlotteabicyclette.com\/wp-content\/uploads\/cache\/2021\/07\/DSCF0884\/4273999935.jpg\" data-srcset-fg=\"https:\/\/charlotteabicyclette.com\/wp-content\/uploads\/cache\/2021\/07\/DSCF0884\/3020907188.jpg 4x\" src=\"data:image\/svg+xml,%3Csvg%20xmlns%3D%22http%3A%2F%2Fwww.w3.org%2F2000%2Fsvg%22%20width%3D%22375%22%20height%3D%22250%22%20viewBox%3D%220%200%20375%20250%22%3E%3C%2Fsvg%3E\" loading=\"eager\"><\/span><span class=\"fg-image-overlay\"><\/span><\/a><figcaption class=\"fg-caption\"><div class=\"fg-caption-inner\"><div class=\"fg-caption-desc\">Avec un enfant sur le si\u00e8ge \u00e0 l\u2019arri\u00e8re du v\u00e9lo<\/div><\/div><\/figcaption><\/figure><div class=\"fg-loader\"><\/div><\/div><div class=\"fg-item fg-type-image fg-idle\"><figure class=\"fg-item-inner\"><a href=\"https:\/\/charlotteabicyclette.com\/wp-content\/uploads\/2021\/07\/IMG_20210620_122721.jpg\" data-caption-desc=\"Avec si\u00e8ge enfant \u00e0 l\u2019avant du v\u00e9lo\" data-attachment-id=\"1275\" data-type=\"image\" class=\"fg-thumb\"><span class=\"fg-image-wrap\"><img decoding=\"async\" height=\"250\" width=\"188\" class=\"skip-lazy fg-image\" data-src-fg=\"https:\/\/charlotteabicyclette.com\/wp-content\/uploads\/cache\/2021\/07\/IMG_20210620_122721\/2713052076.jpg\" data-srcset-fg=\"https:\/\/charlotteabicyclette.com\/wp-content\/uploads\/cache\/2021\/07\/IMG_20210620_122721\/2638269219.jpg 4x\" src=\"data:image\/svg+xml,%3Csvg%20xmlns%3D%22http%3A%2F%2Fwww.w3.org%2F2000%2Fsvg%22%20width%3D%22188%22%20height%3D%22250%22%20viewBox%3D%220%200%20188%20250%22%3E%3C%2Fsvg%3E\" loading=\"eager\"><\/span><span class=\"fg-image-overlay\"><\/span><\/a><figcaption class=\"fg-caption\"><div class=\"fg-caption-inner\"><div class=\"fg-caption-desc\">Avec si\u00e8ge enfant \u00e0 l\u2019avant du v\u00e9lo<\/div><\/div><\/figcaption><\/figure><div class=\"fg-loader\"><\/div><\/div><div class=\"fg-item fg-type-image fg-idle\"><figure class=\"fg-item-inner\"><a href=\"https:\/\/charlotteabicyclette.com\/wp-content\/uploads\/2021\/07\/IMG_5895-scaled.jpg\" data-caption-desc=\"Pr\u00e9paration pour la pluie avec enfant sur un si\u00e8ge \u00e0 l\u2019avant du v\u00e9lo\" data-attachment-id=\"1274\" data-type=\"image\" class=\"fg-thumb\"><span class=\"fg-image-wrap\"><img decoding=\"async\" height=\"250\" width=\"188\" class=\"skip-lazy fg-image\" data-src-fg=\"https:\/\/charlotteabicyclette.com\/wp-content\/uploads\/cache\/2021\/07\/IMG_5895-scaled\/4120602592.jpg\" data-srcset-fg=\"https:\/\/charlotteabicyclette.com\/wp-content\/uploads\/cache\/2021\/07\/IMG_5895-scaled\/2654729657.jpg 4x\" src=\"data:image\/svg+xml,%3Csvg%20xmlns%3D%22http%3A%2F%2Fwww.w3.org%2F2000%2Fsvg%22%20width%3D%22188%22%20height%3D%22250%22%20viewBox%3D%220%200%20188%20250%22%3E%3C%2Fsvg%3E\" loading=\"eager\"><\/span><span class=\"fg-image-overlay\"><\/span><\/a><figcaption class=\"fg-caption\"><div class=\"fg-caption-inner\"><div class=\"fg-caption-desc\">Pr\u00e9paration pour la pluie avec enfant sur un si\u00e8ge \u00e0 l\u2019avant du v\u00e9lo<\/div><\/div><\/figcaption><\/figure><div class=\"fg-loader\"><\/div><\/div><\/div>\r\n\n\n\n<div style=\"height:31px\" aria-hidden=\"true\" class=\"wp-block-spacer\"><\/div>\n\n\n\n<h2 class=\"wp-block-heading\"><span style=\"color:#0092b3\" class=\"has-inline-color\">Rejoindre le parcours en train<\/span><\/h2>\n\n\n\n<p>Ch\u00e2lon-sur-Sa\u00f4ne et M\u00e2con sont sur la ligne de TER Paris-Lyon et sont directement accessibles depuis ces deux villes. Dans ce TER, on peut mettre des v\u00e9los non d\u00e9mont\u00e9s. Si vous avez du mal \u00e0 trouver ce train, le mieux est d\u2019aller sur le site de <a href=\"https:\/\/www.ter.sncf.com\/bourgogne-franche-comte\" target=\"_blank\" rel=\"noreferrer noopener\">TER Bourgogne Franche-Comt\u00e9<\/a>.<\/p>\n\n\n\n<p>Bon \u00e0 savoir : Les cartes de r\u00e9ductions Avantage de la SNCF nationale ne fonctionne pas sur ces TERs. Il existe une carte de r\u00e9duction sp\u00e9ciale pour les TER de Bourgogne Franche Comt\u00e9 qui offre pas mal d\u2019avantages. Plus d\u2019informations <a href=\"https:\/\/www.ter.sncf.com\/bourgogne-franche-comte\/offres\/tarif-train\/reduction-carte-tarif-reduit\" target=\"_blank\" rel=\"noreferrer noopener\">ici<\/a>. Il existe aussi une carte sp\u00e9ciale pour les moins de 26 ans.<\/p>\n\n\n\n<p>Pour savoir comment trouver son trajet en train et v\u00e9lo non d\u00e9mont\u00e9, retrouvez mon article r\u00e9capitulatif <a href=\"https:\/\/charlotteabicyclette.com\/index.php\/2020\/05\/21\/comment-trouver-trajet-train-velo\/\" target=\"_blank\" rel=\"noreferrer noopener\">ici<\/a>.<\/p>\n\n\n\n<h2 class=\"wp-block-heading\"><span style=\"color:#0092b3\" class=\"has-inline-color\">Conclusion<\/span><\/h2>\n\n\n\n<p>En conclusion, il s\u2019agit d\u2019un <span style=\"color:#ffb126\" class=\"has-inline-color\"><strong>superbe parcours<\/strong><\/span>, bien balis\u00e9 et quasiment tout le temps s\u00e9curis\u00e9, quasiment tout le temps plat (sauf entre M\u00e2con et Cluny). Il est donc <strong><span style=\"color:#ffb126\" class=\"has-inline-color\">parfaitement adapt\u00e9 \u00e0 une microaventure \u00e0 v\u00e9lo nombreux et avec des enfants<\/span><\/strong> \u00e0 la d\u00e9couverte de la Bourgogne. Nous en gardons tous de supers souvenirs et vivement l\u2019ann\u00e9e prochaine pour une future \u00e9dition vers une nouvelle destination.<\/p>\n\n\n\t\t\t<style>\r\n                #foogallery-gallery-1300.fg-justified .fg-item {\r\n                    margin-right: 2px;\r\n                    margin-bottom: 2px;\r\n                }\r\n\r\n                #foogallery-gallery-1300.fg-justified .fg-image {\r\n                    height: 250px;\r\n                }\r\n\t\t\t<\/style>\r\n\t\t\t<div class=\"foogallery foogallery-container foogallery-justified foogallery-lightbox-foobox fg-justified fg-light fg-loading-trail fg-loaded-fade-in fg-caption-always fg-hover-fade fg-ready\" id=\"foogallery-gallery-1300\" data-foogallery=\"{&quot;item&quot;:{&quot;showCaptionTitle&quot;:false,&quot;showCaptionDescription&quot;:true},&quot;lazy&quot;:true,&quot;template&quot;:{&quot;rowHeight&quot;:250,&quot;maxRowHeight&quot;:250,&quot;margins&quot;:2,&quot;align&quot;:&quot;center&quot;,&quot;lastRow&quot;:&quot;smart&quot;}}\" >\r\n\t<div class=\"fg-item fg-type-image fg-idle\"><figure class=\"fg-item-inner\"><a href=\"https:\/\/charlotteabicyclette.com\/wp-content\/uploads\/2021\/07\/IMG_5836.jpg\" data-attachment-id=\"1299\" data-type=\"image\" class=\"fg-thumb\"><span class=\"fg-image-wrap\"><img decoding=\"async\" height=\"250\" width=\"188\" class=\"skip-lazy fg-image\" data-src-fg=\"https:\/\/charlotteabicyclette.com\/wp-content\/uploads\/cache\/2021\/07\/IMG_5836\/1858762532.jpg\" data-srcset-fg=\"https:\/\/charlotteabicyclette.com\/wp-content\/uploads\/cache\/2021\/07\/IMG_5836\/1533943353.jpg 4x\" src=\"data:image\/svg+xml,%3Csvg%20xmlns%3D%22http%3A%2F%2Fwww.w3.org%2F2000%2Fsvg%22%20width%3D%22188%22%20height%3D%22250%22%20viewBox%3D%220%200%20188%20250%22%3E%3C%2Fsvg%3E\" loading=\"eager\"><\/span><span class=\"fg-image-overlay\"><\/span><\/a><figcaption class=\"fg-caption\"><div class=\"fg-caption-inner\"><\/div><\/figcaption><\/figure><div class=\"fg-loader\"><\/div><\/div><\/div>\r\n","protected":false},"excerpt":{"rendered":"<p>En quelques mots En juin, j\u2019ai organis\u00e9 une microaventure de 3 jours \u00e0 v\u00e9lo pour mes amis (et leurs enfants !) en Bourgogne. Nous avons fait une boucle Ch\u00e2lon-sur-Sa\u00f4ne -&gt; M\u00e2con -&gt; Ch\u00e2lon-sur-Sa\u00f4ne, en suivant notamment la voie bleue. Nous \u00e9tions au final 15 adultes et 3 enfants et avons fait environ 50km par jour. [&hellip;]<\/p>\n","protected":false},"author":1,"featured_media":1268,"comment_status":"open","ping_status":"open","sticky":false,"template":"","format":"standard","meta":{"footnotes":""},"categories":[2],"tags":[57,66],"class_list":["post-1260","post","type-post","status-publish","format-standard","has-post-thumbnail","hentry","category-microaventures","tag-bourgogne","tag-la-voie-bleue"],"yoast_head":"<!-- This site is optimized with the Yoast SEO plugin v24.9 - https:\/\/yoast.com\/wordpress\/plugins\/seo\/ -->\n<title>Microaventure de 3j \u00e0 v\u00e9lo \u00e0 15 amis + 3 enfants en Bourgogne - CHARLOTTE A BICYCLETTE<\/title>\n<meta name=\"description\" content=\"Microaventure de 3 jours \u00e0 v\u00e9lo avec amis et enfants en Bourgogne : boucle entre Ch\u00e2lon-sur-Sa\u00f4ne et M\u00e2con sur la voie bleue\" \/>\n<meta name=\"robots\" content=\"index, follow, max-snippet:-1, max-image-preview:large, max-video-preview:-1\" \/>\n<link rel=\"canonical\" href=\"https:\/\/charlotteabicyclette.com\/index.php\/2021\/07\/18\/boucle-3j-bourgogne-15-amis-3-enfants-velo\/\" \/>\n<meta property=\"og:locale\" content=\"en_US\" \/>\n<meta property=\"og:type\" content=\"article\" \/>\n<meta property=\"og:title\" content=\"Microaventure de 3j \u00e0 v\u00e9lo \u00e0 15 amis + 3 enfants en Bourgogne - CHARLOTTE A BICYCLETTE\" \/>\n<meta property=\"og:description\" content=\"Microaventure de 3 jours \u00e0 v\u00e9lo avec amis et enfants en Bourgogne : boucle entre Ch\u00e2lon-sur-Sa\u00f4ne et M\u00e2con sur la voie bleue\" \/>\n<meta property=\"og:url\" content=\"https:\/\/charlotteabicyclette.com\/index.php\/2021\/07\/18\/boucle-3j-bourgogne-15-amis-3-enfants-velo\/\" \/>\n<meta property=\"og:site_name\" content=\"CHARLOTTE A BICYCLETTE\" \/>\n<meta property=\"article:publisher\" content=\"http:\/\/fb.me\/charlotteabicyclette\" \/>\n<meta property=\"article:published_time\" content=\"2021-07-18T15:03:25+00:00\" \/>\n<meta property=\"article:modified_time\" content=\"2021-07-18T15:03:27+00:00\" \/>\n<meta property=\"og:image\" content=\"https:\/\/charlotteabicyclette.com\/wp-content\/uploads\/2021\/07\/1ca6cab6-0091-46a7-9709-36c9a0e97892.jpg\" \/>\n\t<meta property=\"og:image:width\" content=\"1600\" \/>\n\t<meta property=\"og:image:height\" content=\"1200\" \/>\n\t<meta property=\"og:image:type\" content=\"image\/jpeg\" \/>\n<meta name=\"author\" content=\"Charlotte\" \/>\n<meta name=\"twitter:card\" content=\"summary_large_image\" \/>\n<meta name=\"twitter:label1\" content=\"Written by\" \/>\n\t<meta name=\"twitter:data1\" content=\"Charlotte\" \/>\n\t<meta name=\"twitter:label2\" content=\"Est. reading time\" \/>\n\t<meta name=\"twitter:data2\" content=\"4 minutes\" \/>\n<script type=\"application\/ld+json\" class=\"yoast-schema-graph\">{\"@context\":\"https:\/\/schema.org\",\"@graph\":[{\"@type\":\"Article\",\"@id\":\"https:\/\/charlotteabicyclette.com\/index.php\/2021\/07\/18\/boucle-3j-bourgogne-15-amis-3-enfants-velo\/#article\",\"isPartOf\":{\"@id\":\"https:\/\/charlotteabicyclette.com\/index.php\/2021\/07\/18\/boucle-3j-bourgogne-15-amis-3-enfants-velo\/\"},\"author\":{\"name\":\"Charlotte\",\"@id\":\"https:\/\/charlotteabicyclette.com\/#\/schema\/person\/43150260ccd3fa1831cfe26d9ce7b447\"},\"headline\":\"Microaventure de 3j \u00e0 v\u00e9lo \u00e0 15 amis + 3 enfants en Bourgogne\",\"datePublished\":\"2021-07-18T15:03:25+00:00\",\"dateModified\":\"2021-07-18T15:03:27+00:00\",\"mainEntityOfPage\":{\"@id\":\"https:\/\/charlotteabicyclette.com\/index.php\/2021\/07\/18\/boucle-3j-bourgogne-15-amis-3-enfants-velo\/\"},\"wordCount\":1023,\"commentCount\":0,\"publisher\":{\"@id\":\"https:\/\/charlotteabicyclette.com\/#organization\"},\"image\":{\"@id\":\"https:\/\/charlotteabicyclette.com\/index.php\/2021\/07\/18\/boucle-3j-bourgogne-15-amis-3-enfants-velo\/#primaryimage\"},\"thumbnailUrl\":\"https:\/\/charlotteabicyclette.com\/wp-content\/uploads\/2021\/07\/1ca6cab6-0091-46a7-9709-36c9a0e97892.jpg\",\"keywords\":[\"bourgogne\",\"la voie bleue\"],\"articleSection\":[\"Microaventures\"],\"inLanguage\":\"en-US\",\"potentialAction\":[{\"@type\":\"CommentAction\",\"name\":\"Comment\",\"target\":[\"https:\/\/charlotteabicyclette.com\/index.php\/2021\/07\/18\/boucle-3j-bourgogne-15-amis-3-enfants-velo\/#respond\"]}]},{\"@type\":\"WebPage\",\"@id\":\"https:\/\/charlotteabicyclette.com\/index.php\/2021\/07\/18\/boucle-3j-bourgogne-15-amis-3-enfants-velo\/\",\"url\":\"https:\/\/charlotteabicyclette.com\/index.php\/2021\/07\/18\/boucle-3j-bourgogne-15-amis-3-enfants-velo\/\",\"name\":\"Microaventure de 3j \u00e0 v\u00e9lo \u00e0 15 amis + 3 enfants en Bourgogne - CHARLOTTE A BICYCLETTE\",\"isPartOf\":{\"@id\":\"https:\/\/charlotteabicyclette.com\/#website\"},\"primaryImageOfPage\":{\"@id\":\"https:\/\/charlotteabicyclette.com\/index.php\/2021\/07\/18\/boucle-3j-bourgogne-15-amis-3-enfants-velo\/#primaryimage\"},\"image\":{\"@id\":\"https:\/\/charlotteabicyclette.com\/index.php\/2021\/07\/18\/boucle-3j-bourgogne-15-amis-3-enfants-velo\/#primaryimage\"},\"thumbnailUrl\":\"https:\/\/charlotteabicyclette.com\/wp-content\/uploads\/2021\/07\/1ca6cab6-0091-46a7-9709-36c9a0e97892.jpg\",\"datePublished\":\"2021-07-18T15:03:25+00:00\",\"dateModified\":\"2021-07-18T15:03:27+00:00\",\"description\":\"Microaventure de 3 jours \u00e0 v\u00e9lo avec amis et enfants en Bourgogne : boucle entre Ch\u00e2lon-sur-Sa\u00f4ne et M\u00e2con sur la voie bleue\",\"breadcrumb\":{\"@id\":\"https:\/\/charlotteabicyclette.com\/index.php\/2021\/07\/18\/boucle-3j-bourgogne-15-amis-3-enfants-velo\/#breadcrumb\"},\"inLanguage\":\"en-US\",\"potentialAction\":[{\"@type\":\"ReadAction\",\"target\":[\"https:\/\/charlotteabicyclette.com\/index.php\/2021\/07\/18\/boucle-3j-bourgogne-15-amis-3-enfants-velo\/\"]}]},{\"@type\":\"ImageObject\",\"inLanguage\":\"en-US\",\"@id\":\"https:\/\/charlotteabicyclette.com\/index.php\/2021\/07\/18\/boucle-3j-bourgogne-15-amis-3-enfants-velo\/#primaryimage\",\"url\":\"https:\/\/charlotteabicyclette.com\/wp-content\/uploads\/2021\/07\/1ca6cab6-0091-46a7-9709-36c9a0e97892.jpg\",\"contentUrl\":\"https:\/\/charlotteabicyclette.com\/wp-content\/uploads\/2021\/07\/1ca6cab6-0091-46a7-9709-36c9a0e97892.jpg\",\"width\":1600,\"height\":1200},{\"@type\":\"BreadcrumbList\",\"@id\":\"https:\/\/charlotteabicyclette.com\/index.php\/2021\/07\/18\/boucle-3j-bourgogne-15-amis-3-enfants-velo\/#breadcrumb\",\"itemListElement\":[{\"@type\":\"ListItem\",\"position\":1,\"name\":\"Accueil\",\"item\":\"https:\/\/charlotteabicyclette.com\/\"},{\"@type\":\"ListItem\",\"position\":2,\"name\":\"Microaventure de 3j \u00e0 v\u00e9lo \u00e0 15 amis + 3 enfants en Bourgogne\"}]},{\"@type\":\"WebSite\",\"@id\":\"https:\/\/charlotteabicyclette.com\/#website\",\"url\":\"https:\/\/charlotteabicyclette.com\/\",\"name\":\"CHARLOTTE A BICYCLETTE\",\"description\":\"Aventures \u00e0 v\u00e9lo\",\"publisher\":{\"@id\":\"https:\/\/charlotteabicyclette.com\/#organization\"},\"potentialAction\":[{\"@type\":\"SearchAction\",\"target\":{\"@type\":\"EntryPoint\",\"urlTemplate\":\"https:\/\/charlotteabicyclette.com\/?s={search_term_string}\"},\"query-input\":{\"@type\":\"PropertyValueSpecification\",\"valueRequired\":true,\"valueName\":\"search_term_string\"}}],\"inLanguage\":\"en-US\"},{\"@type\":\"Organization\",\"@id\":\"https:\/\/charlotteabicyclette.com\/#organization\",\"name\":\"Charlotte \u00e0 bicyclette\",\"url\":\"https:\/\/charlotteabicyclette.com\/\",\"logo\":{\"@type\":\"ImageObject\",\"inLanguage\":\"en-US\",\"@id\":\"https:\/\/charlotteabicyclette.com\/#\/schema\/logo\/image\/\",\"url\":\"https:\/\/charlotteabicyclette.com\/wp-content\/uploads\/2020\/02\/Charlotte-\u00e0-bicyclette-logo-A4-1.png\",\"contentUrl\":\"https:\/\/charlotteabicyclette.com\/wp-content\/uploads\/2020\/02\/Charlotte-\u00e0-bicyclette-logo-A4-1.png\",\"width\":8334,\"height\":8335,\"caption\":\"Charlotte \u00e0 bicyclette\"},\"image\":{\"@id\":\"https:\/\/charlotteabicyclette.com\/#\/schema\/logo\/image\/\"},\"sameAs\":[\"http:\/\/fb.me\/charlotteabicyclette\",\"https:\/\/www.instagram.com\/charlotteabicyclette\/\"]},{\"@type\":\"Person\",\"@id\":\"https:\/\/charlotteabicyclette.com\/#\/schema\/person\/43150260ccd3fa1831cfe26d9ce7b447\",\"name\":\"Charlotte\",\"image\":{\"@type\":\"ImageObject\",\"inLanguage\":\"en-US\",\"@id\":\"https:\/\/charlotteabicyclette.com\/#\/schema\/person\/image\/\",\"url\":\"https:\/\/secure.gravatar.com\/avatar\/20fd74ff441eb3d0fd0a228c0f0c07db?s=96&d=mm&r=g\",\"contentUrl\":\"https:\/\/secure.gravatar.com\/avatar\/20fd74ff441eb3d0fd0a228c0f0c07db?s=96&d=mm&r=g\",\"caption\":\"Charlotte\"}}]}<\/script>\n<!-- \/ Yoast SEO plugin. -->","yoast_head_json":{"title":"Microaventure de 3j \u00e0 v\u00e9lo \u00e0 15 amis + 3 enfants en Bourgogne - CHARLOTTE A BICYCLETTE","description":"Microaventure de 3 jours \u00e0 v\u00e9lo avec amis et enfants en Bourgogne : boucle entre Ch\u00e2lon-sur-Sa\u00f4ne et M\u00e2con sur la voie bleue","robots":{"index":"index","follow":"follow","max-snippet":"max-snippet:-1","max-image-preview":"max-image-preview:large","max-video-preview":"max-video-preview:-1"},"canonical":"https:\/\/charlotteabicyclette.com\/index.php\/2021\/07\/18\/boucle-3j-bourgogne-15-amis-3-enfants-velo\/","og_locale":"en_US","og_type":"article","og_title":"Microaventure de 3j \u00e0 v\u00e9lo \u00e0 15 amis + 3 enfants en Bourgogne - CHARLOTTE A BICYCLETTE","og_description":"Microaventure de 3 jours \u00e0 v\u00e9lo avec amis et enfants en Bourgogne : boucle entre Ch\u00e2lon-sur-Sa\u00f4ne et M\u00e2con sur la voie bleue","og_url":"https:\/\/charlotteabicyclette.com\/index.php\/2021\/07\/18\/boucle-3j-bourgogne-15-amis-3-enfants-velo\/","og_site_name":"CHARLOTTE A BICYCLETTE","article_publisher":"http:\/\/fb.me\/charlotteabicyclette","article_published_time":"2021-07-18T15:03:25+00:00","article_modified_time":"2021-07-18T15:03:27+00:00","og_image":[{"width":1600,"height":1200,"url":"https:\/\/charlotteabicyclette.com\/wp-content\/uploads\/2021\/07\/1ca6cab6-0091-46a7-9709-36c9a0e97892.jpg","type":"image\/jpeg"}],"author":"Charlotte","twitter_card":"summary_large_image","twitter_misc":{"Written by":"Charlotte","Est. reading time":"4 minutes"},"schema":{"@context":"https:\/\/schema.org","@graph":[{"@type":"Article","@id":"https:\/\/charlotteabicyclette.com\/index.php\/2021\/07\/18\/boucle-3j-bourgogne-15-amis-3-enfants-velo\/#article","isPartOf":{"@id":"https:\/\/charlotteabicyclette.com\/index.php\/2021\/07\/18\/boucle-3j-bourgogne-15-amis-3-enfants-velo\/"},"author":{"name":"Charlotte","@id":"https:\/\/charlotteabicyclette.com\/#\/schema\/person\/43150260ccd3fa1831cfe26d9ce7b447"},"headline":"Microaventure de 3j \u00e0 v\u00e9lo \u00e0 15 amis + 3 enfants en Bourgogne","datePublished":"2021-07-18T15:03:25+00:00","dateModified":"2021-07-18T15:03:27+00:00","mainEntityOfPage":{"@id":"https:\/\/charlotteabicyclette.com\/index.php\/2021\/07\/18\/boucle-3j-bourgogne-15-amis-3-enfants-velo\/"},"wordCount":1023,"commentCount":0,"publisher":{"@id":"https:\/\/charlotteabicyclette.com\/#organization"},"image":{"@id":"https:\/\/charlotteabicyclette.com\/index.php\/2021\/07\/18\/boucle-3j-bourgogne-15-amis-3-enfants-velo\/#primaryimage"},"thumbnailUrl":"https:\/\/charlotteabicyclette.com\/wp-content\/uploads\/2021\/07\/1ca6cab6-0091-46a7-9709-36c9a0e97892.jpg","keywords":["bourgogne","la voie bleue"],"articleSection":["Microaventures"],"inLanguage":"en-US","potentialAction":[{"@type":"CommentAction","name":"Comment","target":["https:\/\/charlotteabicyclette.com\/index.php\/2021\/07\/18\/boucle-3j-bourgogne-15-amis-3-enfants-velo\/#respond"]}]},{"@type":"WebPage","@id":"https:\/\/charlotteabicyclette.com\/index.php\/2021\/07\/18\/boucle-3j-bourgogne-15-amis-3-enfants-velo\/","url":"https:\/\/charlotteabicyclette.com\/index.php\/2021\/07\/18\/boucle-3j-bourgogne-15-amis-3-enfants-velo\/","name":"Microaventure de 3j \u00e0 v\u00e9lo \u00e0 15 amis + 3 enfants en Bourgogne - CHARLOTTE A BICYCLETTE","isPartOf":{"@id":"https:\/\/charlotteabicyclette.com\/#website"},"primaryImageOfPage":{"@id":"https:\/\/charlotteabicyclette.com\/index.php\/2021\/07\/18\/boucle-3j-bourgogne-15-amis-3-enfants-velo\/#primaryimage"},"image":{"@id":"https:\/\/charlotteabicyclette.com\/index.php\/2021\/07\/18\/boucle-3j-bourgogne-15-amis-3-enfants-velo\/#primaryimage"},"thumbnailUrl":"https:\/\/charlotteabicyclette.com\/wp-content\/uploads\/2021\/07\/1ca6cab6-0091-46a7-9709-36c9a0e97892.jpg","datePublished":"2021-07-18T15:03:25+00:00","dateModified":"2021-07-18T15:03:27+00:00","description":"Microaventure de 3 jours \u00e0 v\u00e9lo avec amis et enfants en Bourgogne : boucle entre Ch\u00e2lon-sur-Sa\u00f4ne et M\u00e2con sur la voie bleue","breadcrumb":{"@id":"https:\/\/charlotteabicyclette.com\/index.php\/2021\/07\/18\/boucle-3j-bourgogne-15-amis-3-enfants-velo\/#breadcrumb"},"inLanguage":"en-US","potentialAction":[{"@type":"ReadAction","target":["https:\/\/charlotteabicyclette.com\/index.php\/2021\/07\/18\/boucle-3j-bourgogne-15-amis-3-enfants-velo\/"]}]},{"@type":"ImageObject","inLanguage":"en-US","@id":"https:\/\/charlotteabicyclette.com\/index.php\/2021\/07\/18\/boucle-3j-bourgogne-15-amis-3-enfants-velo\/#primaryimage","url":"https:\/\/charlotteabicyclette.com\/wp-content\/uploads\/2021\/07\/1ca6cab6-0091-46a7-9709-36c9a0e97892.jpg","contentUrl":"https:\/\/charlotteabicyclette.com\/wp-content\/uploads\/2021\/07\/1ca6cab6-0091-46a7-9709-36c9a0e97892.jpg","width":1600,"height":1200},{"@type":"BreadcrumbList","@id":"https:\/\/charlotteabicyclette.com\/index.php\/2021\/07\/18\/boucle-3j-bourgogne-15-amis-3-enfants-velo\/#breadcrumb","itemListElement":[{"@type":"ListItem","position":1,"name":"Accueil","item":"https:\/\/charlotteabicyclette.com\/"},{"@type":"ListItem","position":2,"name":"Microaventure de 3j \u00e0 v\u00e9lo \u00e0 15 amis + 3 enfants en Bourgogne"}]},{"@type":"WebSite","@id":"https:\/\/charlotteabicyclette.com\/#website","url":"https:\/\/charlotteabicyclette.com\/","name":"CHARLOTTE A BICYCLETTE","description":"Aventures \u00e0 v\u00e9lo","publisher":{"@id":"https:\/\/charlotteabicyclette.com\/#organization"},"potentialAction":[{"@type":"SearchAction","target":{"@type":"EntryPoint","urlTemplate":"https:\/\/charlotteabicyclette.com\/?s={search_term_string}"},"query-input":{"@type":"PropertyValueSpecification","valueRequired":true,"valueName":"search_term_string"}}],"inLanguage":"en-US"},{"@type":"Organization","@id":"https:\/\/charlotteabicyclette.com\/#organization","name":"Charlotte \u00e0 bicyclette","url":"https:\/\/charlotteabicyclette.com\/","logo":{"@type":"ImageObject","inLanguage":"en-US","@id":"https:\/\/charlotteabicyclette.com\/#\/schema\/logo\/image\/","url":"https:\/\/charlotteabicyclette.com\/wp-content\/uploads\/2020\/02\/Charlotte-\u00e0-bicyclette-logo-A4-1.png","contentUrl":"https:\/\/charlotteabicyclette.com\/wp-content\/uploads\/2020\/02\/Charlotte-\u00e0-bicyclette-logo-A4-1.png","width":8334,"height":8335,"caption":"Charlotte \u00e0 bicyclette"},"image":{"@id":"https:\/\/charlotteabicyclette.com\/#\/schema\/logo\/image\/"},"sameAs":["http:\/\/fb.me\/charlotteabicyclette","https:\/\/www.instagram.com\/charlotteabicyclette\/"]},{"@type":"Person","@id":"https:\/\/charlotteabicyclette.com\/#\/schema\/person\/43150260ccd3fa1831cfe26d9ce7b447","name":"Charlotte","image":{"@type":"ImageObject","inLanguage":"en-US","@id":"https:\/\/charlotteabicyclette.com\/#\/schema\/person\/image\/","url":"https:\/\/secure.gravatar.com\/avatar\/20fd74ff441eb3d0fd0a228c0f0c07db?s=96&d=mm&r=g","contentUrl":"https:\/\/secure.gravatar.com\/avatar\/20fd74ff441eb3d0fd0a228c0f0c07db?s=96&d=mm&r=g","caption":"Charlotte"}}]}},"_links":{"self":[{"href":"https:\/\/charlotteabicyclette.com\/index.php\/wp-json\/wp\/v2\/posts\/1260","targetHints":{"allow":["GET"]}}],"collection":[{"href":"https:\/\/charlotteabicyclette.com\/index.php\/wp-json\/wp\/v2\/posts"}],"about":[{"href":"https:\/\/charlotteabicyclette.com\/index.php\/wp-json\/wp\/v2\/types\/post"}],"author":[{"embeddable":true,"href":"https:\/\/charlotteabicyclette.com\/index.php\/wp-json\/wp\/v2\/users\/1"}],"replies":[{"embeddable":true,"href":"https:\/\/charlotteabicyclette.com\/index.php\/wp-json\/wp\/v2\/comments?post=1260"}],"version-history":[{"count":20,"href":"https:\/\/charlotteabicyclette.com\/index.php\/wp-json\/wp\/v2\/posts\/1260\/revisions"}],"predecessor-version":[{"id":1308,"href":"https:\/\/charlotteabicyclette.com\/index.php\/wp-json\/wp\/v2\/posts\/1260\/revisions\/1308"}],"wp:featuredmedia":[{"embeddable":true,"href":"https:\/\/charlotteabicyclette.com\/index.php\/wp-json\/wp\/v2\/media\/1268"}],"wp:attachment":[{"href":"https:\/\/charlotteabicyclette.com\/index.php\/wp-json\/wp\/v2\/media?parent=1260"}],"wp:term":[{"taxonomy":"category","embeddable":true,"href":"https:\/\/charlotteabicyclette.com\/index.php\/wp-json\/wp\/v2\/categories?post=1260"},{"taxonomy":"post_tag","embeddable":true,"href":"https:\/\/charlotteabicyclette.com\/index.php\/wp-json\/wp\/v2\/tags?post=1260"}],"curies":[{"name":"wp","href":"https:\/\/api.w.org\/{rel}","templated":true}]}}