{"id":1802,"date":"2023-11-07T23:20:24","date_gmt":"2023-11-07T22:20:24","guid":{"rendered":"https:\/\/charlotteabicyclette.com\/?p=1802"},"modified":"2023-11-07T23:20:26","modified_gmt":"2023-11-07T22:20:26","slug":"2-semaines-vacances-velo-foret-noire","status":"publish","type":"post","link":"https:\/\/charlotteabicyclette.com\/index.php\/2023\/11\/07\/2-semaines-vacances-velo-foret-noire\/","title":{"rendered":"2 semaines en vacances \u00e0 v\u00e9lo en For\u00eat Noire"},"content":{"rendered":"\n<p>Pour l\u2019\u00e9t\u00e9 2023, j\u2019ai choisi de passer <strong><mark style=\"background-color:rgba(0, 0, 0, 0);color:#ffb126\" class=\"has-inline-color\">2 semaines de vacances \u00e0 v\u00e9lo en For\u00eat Noire<\/mark><\/strong>, en suivant plus ou moins des v\u00e9loroutes suivant les envies. La For\u00eat Noire n\u2019est pas particuli\u00e8rement plate. Donc j\u2019ai <strong><mark style=\"background-color:rgba(0, 0, 0, 0);color:#ffb126\" class=\"has-inline-color\">combin\u00e9 le v\u00e9lo avec le train<\/mark><\/strong> sur de nombreuses portions de trajets pour \u00e9viter des mont\u00e9es ou des tron\u00e7ons sans piste cyclable.<\/p>\n\n\n\t\t\t<style>\r\n                #foogallery-gallery-1834.fg-justified .fg-item {\r\n                    margin-right: 2px;\r\n                    margin-bottom: 2px;\r\n                }\r\n\r\n                #foogallery-gallery-1834.fg-justified .fg-image {\r\n                    height: 250px;\r\n                }\r\n\t\t\t<\/style>\r\n\t\t\t<div class=\"foogallery foogallery-container foogallery-justified foogallery-lightbox-foogallery fg-justified fg-light fg-loading-trail fg-loaded-fade-in fg-caption-always fg-hover-fade fg-hover-zoom2 fg-ready\" id=\"foogallery-gallery-1834\" data-foogallery=\"{&quot;item&quot;:{&quot;showCaptionTitle&quot;:false,&quot;showCaptionDescription&quot;:true},&quot;lazy&quot;:true,&quot;template&quot;:{&quot;rowHeight&quot;:250,&quot;maxRowHeight&quot;:250,&quot;margins&quot;:2,&quot;align&quot;:&quot;center&quot;,&quot;lastRow&quot;:&quot;smart&quot;}}\" data-foogallery-lightbox=\"{&quot;thumbs&quot;:&quot;bottom&quot;,&quot;thumbsCaptions&quot;:false,&quot;thumbsBestFit&quot;:false,&quot;thumbsSmall&quot;:false,&quot;thumbsCaptionsAlign&quot;:&quot;default&quot;,&quot;info&quot;:&quot;bottom&quot;,&quot;infoVisible&quot;:true,&quot;infoOverlay&quot;:true,&quot;infoAlign&quot;:&quot;default&quot;,&quot;transition&quot;:&quot;fade&quot;,&quot;hoverButtons&quot;:false,&quot;fitMedia&quot;:false,&quot;noScrollbars&quot;:true,&quot;preserveButtonSpace&quot;:true,&quot;buttons&quot;:{&quot;fullscreen&quot;:true,&quot;info&quot;:true,&quot;thumbs&quot;:false},&quot;video&quot;:{&quot;autoPlay&quot;:true}}\" >\r\n\t<div class=\"fg-item fg-type-image fg-idle\"><figure class=\"fg-item-inner\"><a href=\"https:\/\/charlotteabicyclette.com\/wp-content\/uploads\/2023\/11\/DJI_0322-scaled.jpg\" data-attachment-id=\"1821\" data-type=\"image\" class=\"fg-thumb\"><span class=\"fg-image-wrap\"><img fetchpriority=\"high\" decoding=\"async\" height=\"250\" width=\"375\" class=\"skip-lazy fg-image\" data-src-fg=\"https:\/\/charlotteabicyclette.com\/wp-content\/uploads\/cache\/2023\/11\/DJI_0322-scaled\/255218474.jpg\" data-srcset-fg=\"https:\/\/charlotteabicyclette.com\/wp-content\/uploads\/cache\/2023\/11\/DJI_0322-scaled\/1545701051.jpg 4x\" src=\"data:image\/svg+xml,%3Csvg%20xmlns%3D%22http%3A%2F%2Fwww.w3.org%2F2000%2Fsvg%22%20width%3D%22375%22%20height%3D%22250%22%20viewBox%3D%220%200%20375%20250%22%3E%3C%2Fsvg%3E\" loading=\"eager\"><\/span><span class=\"fg-image-overlay\"><\/span><\/a><figcaption class=\"fg-caption\"><div class=\"fg-caption-inner\"><\/div><\/figcaption><\/figure><div class=\"fg-loader\"><\/div><\/div><\/div>\r\n\n\n\n<div style=\"height:31px\" aria-hidden=\"true\" class=\"wp-block-spacer\"><\/div>\n\n\n\n<h2 class=\"wp-block-heading has-text-color has-link-color wp-elements-507446f8ab2b058a413ae32ebcbe751c\" style=\"color:#0092b3\">Informations pratiques<\/h2>\n\n\n\n<h3 class=\"wp-block-heading\">Rejoindre et quitter la For\u00eat Noire en train avec son v\u00e9lo<\/h3>\n\n\n\n<p>Le plus simple est de prendre un TGV Paris &#8211; Strasbourg dans lequel on peut r\u00e9server un place v\u00e9lo. A Strasbourg, il est ais\u00e9 de traverser la fronti\u00e8re en prenant le train pour Offenbourg. Depuis cette ville, on peut rejoindre facilement les autres villes de For\u00eat Noire ou d\u2019Allemagne gr\u00e2ce aux nombreux trains r\u00e9gionaux. Vous pouvez retrouver mon explication pour trouver son trajet en train + v\u00e9lo non d\u00e9mont\u00e9 sur cette <a href=\"https:\/\/charlotteabicyclette.com\/index.php\/2020\/05\/21\/comment-trouver-trajet-train-velo-non-demonte\/\">page<\/a>.<\/p>\n\n\n\n<h3 class=\"wp-block-heading\">Se d\u00e9placer en train avec son v\u00e9lo en Allemagne<\/h3>\n\n\n\n<p>Le bon plan : le <strong><mark style=\"background-color:rgba(0, 0, 0, 0);color:#ffb126\" class=\"has-inline-color\">ticket de train valable pour toute l\u2019Allemagne.<\/mark><\/strong> Il s\u2019agit d\u2019un pass valable pour l\u2019ensemble des trains r\u00e9gionaux (uniquement) en Allemagne. Il coute 49\u20ac par mois. Attention, c\u2019est un abonnement et il faut donc bien se d\u00e9sabonner ce qui implique d\u2019anticiper un peu son achat. Car il faut se d\u00e9sabonner avant le 10 du mois en cours pour ne pas payer le moins suivant. Il n\u2019est valable sur les mois calendaires (du 1er au 30).<\/p>\n\n\n\n<p>Donc si vous souhaitez vous d\u00e9placer du 15 au 30 du mois d\u2019ao\u00fbt, il faut vous <a href=\"https:\/\/deutschlandticket.de\/\">abonner au pass<\/a> entre le 1er et le 9 ao\u00fbt et le r\u00e9silier le 9 ao\u00fbt pour que la r\u00e9siliation soit valable au mois de septembre. Le pass sera valable tout le mois d\u2019ao\u00fbt. Si vous voyagez \u00e0 cheval sur 2 mois, il faudra payer 2 mois d\u2019abonnement. Malgr\u00e9 cela, le pass est vraiment tr\u00e8s pratique et surtout tr\u00e8s rentable ! Pour le trajet en train Strasbourg &#8211; Offenbourg, il ne faut prendre un ticket que pour la partie fran\u00e7aise (Strasbourg &#8211; Kehl). La portion allemande du trajet est couverte par le pass.<\/p>\n\n\n\n<p>Cette r\u00e9gion de l\u2019Allemagne est tr\u00e8s bien desservie en train avec des lignes et des gares nombreuses et des trains fr\u00e9quents. Tous les trains r\u00e9gionaux acceptent les v\u00e9los non d\u00e9mont\u00e9s. Nous n\u2019avons pas eu le moindre probl\u00e8me avec nos v\u00e9los.<\/p>\n\n\n\t\t\t<style>\r\n                #foogallery-gallery-1835.fg-justified .fg-item {\r\n                    margin-right: 2px;\r\n                    margin-bottom: 2px;\r\n                }\r\n\r\n                #foogallery-gallery-1835.fg-justified .fg-image {\r\n                    height: 250px;\r\n                }\r\n\t\t\t<\/style>\r\n\t\t\t<div class=\"foogallery foogallery-container foogallery-justified foogallery-lightbox-foogallery fg-justified fg-light fg-loading-trail fg-loaded-fade-in fg-caption-always fg-hover-fade fg-hover-zoom2 fg-ready\" id=\"foogallery-gallery-1835\" data-foogallery=\"{&quot;item&quot;:{&quot;showCaptionTitle&quot;:false,&quot;showCaptionDescription&quot;:true},&quot;lazy&quot;:true,&quot;template&quot;:{&quot;rowHeight&quot;:250,&quot;maxRowHeight&quot;:250,&quot;margins&quot;:2,&quot;align&quot;:&quot;center&quot;,&quot;lastRow&quot;:&quot;smart&quot;}}\" data-foogallery-lightbox=\"{&quot;thumbs&quot;:&quot;bottom&quot;,&quot;thumbsCaptions&quot;:false,&quot;thumbsBestFit&quot;:false,&quot;thumbsSmall&quot;:false,&quot;thumbsCaptionsAlign&quot;:&quot;default&quot;,&quot;info&quot;:&quot;bottom&quot;,&quot;infoVisible&quot;:true,&quot;infoOverlay&quot;:true,&quot;infoAlign&quot;:&quot;default&quot;,&quot;transition&quot;:&quot;fade&quot;,&quot;hoverButtons&quot;:false,&quot;fitMedia&quot;:false,&quot;noScrollbars&quot;:true,&quot;preserveButtonSpace&quot;:true,&quot;buttons&quot;:{&quot;fullscreen&quot;:true,&quot;info&quot;:true,&quot;thumbs&quot;:false},&quot;video&quot;:{&quot;autoPlay&quot;:true}}\" >\r\n\t<div class=\"fg-item fg-type-image fg-idle\"><figure class=\"fg-item-inner\"><a href=\"https:\/\/charlotteabicyclette.com\/wp-content\/uploads\/2023\/11\/IMG_2839-scaled.jpg\" data-caption-desc=\"Pas de souci pour mettre son v\u00e9lo dans les trains r\u00e9gionaux allemands\" data-attachment-id=\"1826\" data-type=\"image\" class=\"fg-thumb\"><span class=\"fg-image-wrap\"><img decoding=\"async\" height=\"250\" width=\"188\" class=\"skip-lazy fg-image\" data-src-fg=\"https:\/\/charlotteabicyclette.com\/wp-content\/uploads\/cache\/2023\/11\/IMG_2839-scaled\/2107747885.jpg\" data-srcset-fg=\"https:\/\/charlotteabicyclette.com\/wp-content\/uploads\/cache\/2023\/11\/IMG_2839-scaled\/369179764.jpg 4x\" src=\"data:image\/svg+xml,%3Csvg%20xmlns%3D%22http%3A%2F%2Fwww.w3.org%2F2000%2Fsvg%22%20width%3D%22188%22%20height%3D%22250%22%20viewBox%3D%220%200%20188%20250%22%3E%3C%2Fsvg%3E\" loading=\"eager\"><\/span><span class=\"fg-image-overlay\"><\/span><\/a><figcaption class=\"fg-caption\"><div class=\"fg-caption-inner\"><div class=\"fg-caption-desc\">Pas de souci pour mettre son v\u00e9lo dans les trains r\u00e9gionaux allemands<\/div><\/div><\/figcaption><\/figure><div class=\"fg-loader\"><\/div><\/div><\/div>\r\n\n\n\n<div style=\"height:26px\" aria-hidden=\"true\" class=\"wp-block-spacer\"><\/div>\n\n\n\n<h3 class=\"wp-block-heading\">H\u00e9bergements<\/h3>\n\n\n\n<p><strong><mark style=\"background-color:rgba(0, 0, 0, 0);color:#ffb126\" class=\"has-inline-color\">Petite d\u00e9ception en ce qui concerne les campings.<\/mark><\/strong> Il n\u2019y a pas une densit\u00e9 importante de campings, juste ce qui est n\u00e9cessaire. Ce qui veut dire qu\u2019on n\u2019a pas toujours le choix des \u00e9tapes. Il n\u2019y a souvent pas d\u2019emplacements pour les tentes. On doit souvent aller dans un champ trop petit en haute saison par rapport au nombre de campeurs : on est donc souvent proches les uns des autres. Ils sont aussi relativement chers : entre 28 et 35\u20ac pour 2 personnes sans \u00e9lectricit\u00e9 en haute saison.<\/p>\n\n\n\t\t\t<style>\r\n                #foogallery-gallery-1836.fg-justified .fg-item {\r\n                    margin-right: 2px;\r\n                    margin-bottom: 2px;\r\n                }\r\n\r\n                #foogallery-gallery-1836.fg-justified .fg-image {\r\n                    height: 250px;\r\n                }\r\n\t\t\t<\/style>\r\n\t\t\t<div class=\"foogallery foogallery-container foogallery-justified foogallery-lightbox-foogallery fg-justified fg-light fg-loading-trail fg-loaded-fade-in fg-caption-always fg-hover-fade fg-hover-zoom2 fg-ready\" id=\"foogallery-gallery-1836\" data-foogallery=\"{&quot;item&quot;:{&quot;showCaptionTitle&quot;:false,&quot;showCaptionDescription&quot;:true},&quot;lazy&quot;:true,&quot;template&quot;:{&quot;rowHeight&quot;:250,&quot;maxRowHeight&quot;:250,&quot;margins&quot;:2,&quot;align&quot;:&quot;center&quot;,&quot;lastRow&quot;:&quot;smart&quot;}}\" data-foogallery-lightbox=\"{&quot;thumbs&quot;:&quot;bottom&quot;,&quot;thumbsCaptions&quot;:false,&quot;thumbsBestFit&quot;:false,&quot;thumbsSmall&quot;:false,&quot;thumbsCaptionsAlign&quot;:&quot;default&quot;,&quot;info&quot;:&quot;bottom&quot;,&quot;infoVisible&quot;:true,&quot;infoOverlay&quot;:true,&quot;infoAlign&quot;:&quot;default&quot;,&quot;transition&quot;:&quot;fade&quot;,&quot;hoverButtons&quot;:false,&quot;fitMedia&quot;:false,&quot;noScrollbars&quot;:true,&quot;preserveButtonSpace&quot;:true,&quot;buttons&quot;:{&quot;fullscreen&quot;:true,&quot;info&quot;:true,&quot;thumbs&quot;:false},&quot;video&quot;:{&quot;autoPlay&quot;:true}}\" >\r\n\t<div class=\"fg-item fg-type-image fg-idle\"><figure class=\"fg-item-inner\"><a href=\"https:\/\/charlotteabicyclette.com\/wp-content\/uploads\/2023\/11\/IMG_2838-scaled.jpg\" data-caption-desc=\"Camping au-dessus de Titisee : un des rares o\u00f9 nous aurons un vrai emplacement\" data-attachment-id=\"1825\" data-type=\"image\" class=\"fg-thumb\"><span class=\"fg-image-wrap\"><img decoding=\"async\" height=\"250\" width=\"167\" class=\"skip-lazy fg-image\" data-src-fg=\"https:\/\/charlotteabicyclette.com\/wp-content\/uploads\/cache\/2023\/11\/IMG_2838-scaled\/730865025.jpg\" data-srcset-fg=\"https:\/\/charlotteabicyclette.com\/wp-content\/uploads\/cache\/2023\/11\/IMG_2838-scaled\/4235905496.jpg 4x\" src=\"data:image\/svg+xml,%3Csvg%20xmlns%3D%22http%3A%2F%2Fwww.w3.org%2F2000%2Fsvg%22%20width%3D%22167%22%20height%3D%22250%22%20viewBox%3D%220%200%20167%20250%22%3E%3C%2Fsvg%3E\" loading=\"eager\"><\/span><span class=\"fg-image-overlay\"><\/span><\/a><figcaption class=\"fg-caption\"><div class=\"fg-caption-inner\"><div class=\"fg-caption-desc\">Camping au-dessus de Titisee : un des rares o\u00f9 nous aurons un vrai emplacement<\/div><\/div><\/figcaption><\/figure><div class=\"fg-loader\"><\/div><\/div><\/div>\r\n\n\n\n<div style=\"height:24px\" aria-hidden=\"true\" class=\"wp-block-spacer\"><\/div>\n\n\n\n<h3 class=\"wp-block-heading\">Am\u00e9nagements cyclables<\/h3>\n\n\n\n<p>L\u2019Allemagne, y compris en For\u00eat Noire, est un <strong><mark style=\"background-color:rgba(0, 0, 0, 0);color:#ffb126\" class=\"has-inline-color\">pays royal pour les vacances \u00e0 v\u00e9lo<\/mark><\/strong>. Il existe de tr\u00e8s nombreuses pistes cyclables, m\u00eame dans les zones rurales. C\u2019est un bonheur d\u2019y circuler. Le retour en France fut rude (heureusement compens\u00e9 par l\u2019am\u00e9lioration de la nourriture).<\/p>\n\n\n\n<h2 class=\"wp-block-heading has-text-color has-link-color wp-elements-6bd7186e5a98744d3b18fae284e99c66\" style=\"color:#0092b3\">Vacances \u00e0 v\u00e9lo en For\u00eat Noire : d\u00e9tail du parcours<\/h2>\n\n\n\n<h3 class=\"wp-block-heading\">Kinzigtal radweg et Baumwipfelpfad<\/h3>\n\n\n\n<p>Au d\u00e9part d\u2019Offenbourg, nous choisissons de suivre la <a href=\"https:\/\/www.tourisme-bw.fr\/tours\/kinzigtal-radweg-de-freudenstadt-a-offenburg-7969d0eb2a\">Kinzigtal radweg<\/a> dans le sens inverse de celui conseill\u00e9, pour aller vers la For\u00eat Noire, en montant donc. Nous nous arr\u00eatons au camping de Steinach. Une fois entr\u00e9es dans la For\u00eat, nous prenons le train pour Freudenstadt pour rejoindre le d\u00e9part officiel de la Kinzigtal radweg, que nous ne d\u00e9marrons pas tout de suite. Nous plantons la tente au camping puis prenons un bus pour rejoindre la ville de Bad Wildbad o\u00f9 se trouve le <a href=\"https:\/\/treetop-walks.com\/schwarzwald\/fr-fr\/\">Baumwipfeldpfad<\/a>. Nous avons choisi de ne pas y aller \u00e0 v\u00e9lo car \u00e7a grimpe ! Et le bus est inclus dans le pass de train.<\/p>\n\n\n\n<p><strong><mark style=\"background-color:rgba(0, 0, 0, 0);color:#ffb126\" class=\"has-inline-color\">Le Baumwipfeldfad, c\u2019est une structure de bois et de m\u00e9tal qui permet de monter au-dessus de la cime des arbres<\/mark><\/strong> et d\u2019avoir une tr\u00e8s belle vue sur la For\u00eat Noire. Il est possible de descendre via un toboggan ! Un peu plus loin, il y a une passerelle au dessus d\u2019un gouffre. Une tr\u00e8s belle apr\u00e8s-midi au milieu des arbres. Nous reprenons ensuite le bus pour rejoindre notre camping.<\/p>\n\n\n\t\t\t<style>\r\n                #foogallery-gallery-1837.fg-justified .fg-item {\r\n                    margin-right: 2px;\r\n                    margin-bottom: 2px;\r\n                }\r\n\r\n                #foogallery-gallery-1837.fg-justified .fg-image {\r\n                    height: 250px;\r\n                }\r\n\t\t\t<\/style>\r\n\t\t\t<div class=\"foogallery foogallery-container foogallery-justified foogallery-lightbox-foogallery fg-justified fg-light fg-loading-trail fg-loaded-fade-in fg-caption-always fg-hover-fade fg-hover-zoom2 fg-ready\" id=\"foogallery-gallery-1837\" data-foogallery=\"{&quot;item&quot;:{&quot;showCaptionTitle&quot;:false,&quot;showCaptionDescription&quot;:true},&quot;lazy&quot;:true,&quot;template&quot;:{&quot;rowHeight&quot;:250,&quot;maxRowHeight&quot;:250,&quot;margins&quot;:2,&quot;align&quot;:&quot;center&quot;,&quot;lastRow&quot;:&quot;smart&quot;}}\" data-foogallery-lightbox=\"{&quot;thumbs&quot;:&quot;bottom&quot;,&quot;thumbsCaptions&quot;:false,&quot;thumbsBestFit&quot;:false,&quot;thumbsSmall&quot;:false,&quot;thumbsCaptionsAlign&quot;:&quot;default&quot;,&quot;info&quot;:&quot;bottom&quot;,&quot;infoVisible&quot;:true,&quot;infoOverlay&quot;:true,&quot;infoAlign&quot;:&quot;default&quot;,&quot;transition&quot;:&quot;fade&quot;,&quot;hoverButtons&quot;:false,&quot;fitMedia&quot;:false,&quot;noScrollbars&quot;:true,&quot;preserveButtonSpace&quot;:true,&quot;buttons&quot;:{&quot;fullscreen&quot;:true,&quot;info&quot;:true,&quot;thumbs&quot;:false},&quot;video&quot;:{&quot;autoPlay&quot;:true}}\" >\r\n\t<div class=\"fg-item fg-type-image fg-idle\"><figure class=\"fg-item-inner\"><a href=\"https:\/\/charlotteabicyclette.com\/wp-content\/uploads\/2023\/11\/IMG_2841.jpg\" data-caption-desc=\"Kinzigtal radweg\" data-attachment-id=\"1828\" data-type=\"image\" class=\"fg-thumb\"><span class=\"fg-image-wrap\"><img decoding=\"async\" height=\"250\" width=\"375\" class=\"skip-lazy fg-image\" data-src-fg=\"https:\/\/charlotteabicyclette.com\/wp-content\/uploads\/cache\/2023\/11\/IMG_2841\/3768903610.jpg\" data-srcset-fg=\"https:\/\/charlotteabicyclette.com\/wp-content\/uploads\/cache\/2023\/11\/IMG_2841\/2859177265.jpg 4x\" src=\"data:image\/svg+xml,%3Csvg%20xmlns%3D%22http%3A%2F%2Fwww.w3.org%2F2000%2Fsvg%22%20width%3D%22375%22%20height%3D%22250%22%20viewBox%3D%220%200%20375%20250%22%3E%3C%2Fsvg%3E\" loading=\"eager\"><\/span><span class=\"fg-image-overlay\"><\/span><\/a><figcaption class=\"fg-caption\"><div class=\"fg-caption-inner\"><div class=\"fg-caption-desc\">Kinzigtal radweg<\/div><\/div><\/figcaption><\/figure><div class=\"fg-loader\"><\/div><\/div><div class=\"fg-item fg-type-image fg-idle\"><figure class=\"fg-item-inner\"><a href=\"https:\/\/charlotteabicyclette.com\/wp-content\/uploads\/2023\/11\/IMG_2843.jpg\" data-caption-desc=\"Le Baumwipfelpfad depuis le sommet et son toboggan\" data-attachment-id=\"1831\" data-type=\"image\" class=\"fg-thumb\"><span class=\"fg-image-wrap\"><img decoding=\"async\" height=\"250\" width=\"167\" class=\"skip-lazy fg-image\" data-src-fg=\"https:\/\/charlotteabicyclette.com\/wp-content\/uploads\/cache\/2023\/11\/IMG_2843\/2731107881.jpg\" data-srcset-fg=\"https:\/\/charlotteabicyclette.com\/wp-content\/uploads\/cache\/2023\/11\/IMG_2843\/4269954551.jpg 4x\" src=\"data:image\/svg+xml,%3Csvg%20xmlns%3D%22http%3A%2F%2Fwww.w3.org%2F2000%2Fsvg%22%20width%3D%22167%22%20height%3D%22250%22%20viewBox%3D%220%200%20167%20250%22%3E%3C%2Fsvg%3E\" loading=\"eager\"><\/span><span class=\"fg-image-overlay\"><\/span><\/a><figcaption class=\"fg-caption\"><div class=\"fg-caption-inner\"><div class=\"fg-caption-desc\">Le Baumwipfelpfad depuis le sommet et son toboggan<\/div><\/div><\/figcaption><\/figure><div class=\"fg-loader\"><\/div><\/div><div class=\"fg-item fg-type-image fg-idle\"><figure class=\"fg-item-inner\"><a href=\"https:\/\/charlotteabicyclette.com\/wp-content\/uploads\/2023\/11\/DSCF0179.jpg\" data-caption-desc=\"Vue sur la passerelle au Baumwipfelpfad\" data-attachment-id=\"1829\" data-type=\"image\" class=\"fg-thumb\"><span class=\"fg-image-wrap\"><img decoding=\"async\" height=\"250\" width=\"167\" class=\"skip-lazy fg-image\" data-src-fg=\"https:\/\/charlotteabicyclette.com\/wp-content\/uploads\/cache\/2023\/11\/DSCF0179\/1106185542.jpg\" data-srcset-fg=\"https:\/\/charlotteabicyclette.com\/wp-content\/uploads\/cache\/2023\/11\/DSCF0179\/497303192.jpg 4x\" src=\"data:image\/svg+xml,%3Csvg%20xmlns%3D%22http%3A%2F%2Fwww.w3.org%2F2000%2Fsvg%22%20width%3D%22167%22%20height%3D%22250%22%20viewBox%3D%220%200%20167%20250%22%3E%3C%2Fsvg%3E\" loading=\"eager\"><\/span><span class=\"fg-image-overlay\"><\/span><\/a><figcaption class=\"fg-caption\"><div class=\"fg-caption-inner\"><div class=\"fg-caption-desc\">Vue sur la passerelle au Baumwipfelpfad<\/div><\/div><\/figcaption><\/figure><div class=\"fg-loader\"><\/div><\/div><div class=\"fg-item fg-type-image fg-idle\"><figure class=\"fg-item-inner\"><a href=\"https:\/\/charlotteabicyclette.com\/wp-content\/uploads\/2023\/11\/IMG_2842.jpg\" data-caption-desc=\"La for\u00eat noire vue des cimes\" data-attachment-id=\"1830\" data-type=\"image\" class=\"fg-thumb\"><span class=\"fg-image-wrap\"><img decoding=\"async\" height=\"250\" width=\"375\" class=\"skip-lazy fg-image\" data-src-fg=\"https:\/\/charlotteabicyclette.com\/wp-content\/uploads\/cache\/2023\/11\/IMG_2842\/2165743403.jpg\" data-srcset-fg=\"https:\/\/charlotteabicyclette.com\/wp-content\/uploads\/cache\/2023\/11\/IMG_2842\/3420056992.jpg 4x\" src=\"data:image\/svg+xml,%3Csvg%20xmlns%3D%22http%3A%2F%2Fwww.w3.org%2F2000%2Fsvg%22%20width%3D%22375%22%20height%3D%22250%22%20viewBox%3D%220%200%20375%20250%22%3E%3C%2Fsvg%3E\" loading=\"eager\"><\/span><span class=\"fg-image-overlay\"><\/span><\/a><figcaption class=\"fg-caption\"><div class=\"fg-caption-inner\"><div class=\"fg-caption-desc\">La for\u00eat noire vue des cimes<\/div><\/div><\/figcaption><\/figure><div class=\"fg-loader\"><\/div><\/div><div class=\"fg-item fg-type-image fg-idle\"><figure class=\"fg-item-inner\"><a href=\"https:\/\/charlotteabicyclette.com\/wp-content\/uploads\/2023\/11\/IMG_2844.jpg\" data-caption-desc=\"Cimes des arbres\" data-attachment-id=\"1832\" data-type=\"image\" class=\"fg-thumb\"><span class=\"fg-image-wrap\"><img decoding=\"async\" height=\"250\" width=\"167\" class=\"skip-lazy fg-image\" data-src-fg=\"https:\/\/charlotteabicyclette.com\/wp-content\/uploads\/cache\/2023\/11\/IMG_2844\/1122198485.jpg\" data-srcset-fg=\"https:\/\/charlotteabicyclette.com\/wp-content\/uploads\/cache\/2023\/11\/IMG_2844\/514347019.jpg 4x\" src=\"data:image\/svg+xml,%3Csvg%20xmlns%3D%22http%3A%2F%2Fwww.w3.org%2F2000%2Fsvg%22%20width%3D%22167%22%20height%3D%22250%22%20viewBox%3D%220%200%20167%20250%22%3E%3C%2Fsvg%3E\" loading=\"eager\"><\/span><span class=\"fg-image-overlay\"><\/span><\/a><figcaption class=\"fg-caption\"><div class=\"fg-caption-inner\"><div class=\"fg-caption-desc\">Cimes des arbres<\/div><\/div><\/figcaption><\/figure><div class=\"fg-loader\"><\/div><\/div><div class=\"fg-item fg-type-image fg-idle\"><figure class=\"fg-item-inner\"><a href=\"https:\/\/charlotteabicyclette.com\/wp-content\/uploads\/2023\/11\/IMG_2845.jpg\" data-caption-desc=\"La passerelle du Baumwipfelpfad\" data-attachment-id=\"1833\" data-type=\"image\" class=\"fg-thumb\"><span class=\"fg-image-wrap\"><img decoding=\"async\" height=\"250\" width=\"375\" class=\"skip-lazy fg-image\" data-src-fg=\"https:\/\/charlotteabicyclette.com\/wp-content\/uploads\/cache\/2023\/11\/IMG_2845\/1631361751.jpg\" data-srcset-fg=\"https:\/\/charlotteabicyclette.com\/wp-content\/uploads\/cache\/2023\/11\/IMG_2845\/737405020.jpg 4x\" src=\"data:image\/svg+xml,%3Csvg%20xmlns%3D%22http%3A%2F%2Fwww.w3.org%2F2000%2Fsvg%22%20width%3D%22375%22%20height%3D%22250%22%20viewBox%3D%220%200%20375%20250%22%3E%3C%2Fsvg%3E\" loading=\"eager\"><\/span><span class=\"fg-image-overlay\"><\/span><\/a><figcaption class=\"fg-caption\"><div class=\"fg-caption-inner\"><div class=\"fg-caption-desc\">La passerelle du Baumwipfelpfad<\/div><\/div><\/figcaption><\/figure><div class=\"fg-loader\"><\/div><\/div><\/div>\r\n\n\n\n<div style=\"height:28px\" aria-hidden=\"true\" class=\"wp-block-spacer\"><\/div>\n\n\n\n<p>Le lendemain, nous d\u00e9marrons enfin la <strong><mark style=\"background-color:rgba(0, 0, 0, 0);color:#ffb126\" class=\"has-inline-color\">Kinzigtal radweg<\/mark><\/strong> dans le bon sens (celui de la descente). Pour cette \u00e9tape, nous allons jusqu\u2019\u00e0 Gutach.<\/p>\n\n\n\t\t\t<style>\r\n                #foogallery-gallery-1845.fg-justified .fg-item {\r\n                    margin-right: 2px;\r\n                    margin-bottom: 2px;\r\n                }\r\n\r\n                #foogallery-gallery-1845.fg-justified .fg-image {\r\n                    height: 250px;\r\n                }\r\n\t\t\t<\/style>\r\n\t\t\t<div class=\"foogallery foogallery-container foogallery-justified foogallery-lightbox-foogallery fg-justified fg-light fg-loading-trail fg-loaded-fade-in fg-caption-always fg-hover-fade fg-hover-zoom2 fg-ready\" id=\"foogallery-gallery-1845\" data-foogallery=\"{&quot;item&quot;:{&quot;showCaptionTitle&quot;:false,&quot;showCaptionDescription&quot;:true},&quot;lazy&quot;:true,&quot;template&quot;:{&quot;rowHeight&quot;:250,&quot;maxRowHeight&quot;:250,&quot;margins&quot;:2,&quot;align&quot;:&quot;center&quot;,&quot;lastRow&quot;:&quot;smart&quot;}}\" data-foogallery-lightbox=\"{&quot;thumbs&quot;:&quot;bottom&quot;,&quot;thumbsCaptions&quot;:false,&quot;thumbsBestFit&quot;:false,&quot;thumbsSmall&quot;:false,&quot;thumbsCaptionsAlign&quot;:&quot;default&quot;,&quot;info&quot;:&quot;bottom&quot;,&quot;infoVisible&quot;:true,&quot;infoOverlay&quot;:true,&quot;infoAlign&quot;:&quot;default&quot;,&quot;transition&quot;:&quot;fade&quot;,&quot;hoverButtons&quot;:false,&quot;fitMedia&quot;:false,&quot;noScrollbars&quot;:true,&quot;preserveButtonSpace&quot;:true,&quot;buttons&quot;:{&quot;fullscreen&quot;:true,&quot;info&quot;:true,&quot;thumbs&quot;:false},&quot;video&quot;:{&quot;autoPlay&quot;:true}}\" >\r\n\t<div class=\"fg-item fg-type-image fg-idle\"><figure class=\"fg-item-inner\"><a href=\"https:\/\/charlotteabicyclette.com\/wp-content\/uploads\/2023\/11\/IMG_2846.jpg\" data-caption-desc=\"Sur les pistes de For\u00eat Noire\" data-attachment-id=\"1842\" data-type=\"image\" class=\"fg-thumb\"><span class=\"fg-image-wrap\"><img decoding=\"async\" height=\"250\" width=\"167\" class=\"skip-lazy fg-image\" data-src-fg=\"https:\/\/charlotteabicyclette.com\/wp-content\/uploads\/cache\/2023\/11\/IMG_2846\/234532693.jpg\" data-srcset-fg=\"https:\/\/charlotteabicyclette.com\/wp-content\/uploads\/cache\/2023\/11\/IMG_2846\/1370594443.jpg 4x\" src=\"data:image\/svg+xml,%3Csvg%20xmlns%3D%22http%3A%2F%2Fwww.w3.org%2F2000%2Fsvg%22%20width%3D%22167%22%20height%3D%22250%22%20viewBox%3D%220%200%20167%20250%22%3E%3C%2Fsvg%3E\" loading=\"eager\"><\/span><span class=\"fg-image-overlay\"><\/span><\/a><figcaption class=\"fg-caption\"><div class=\"fg-caption-inner\"><div class=\"fg-caption-desc\">Sur les pistes de For\u00eat Noire<\/div><\/div><\/figcaption><\/figure><div class=\"fg-loader\"><\/div><\/div><div class=\"fg-item fg-type-image fg-idle\"><figure class=\"fg-item-inner\"><a href=\"https:\/\/charlotteabicyclette.com\/wp-content\/uploads\/2023\/11\/IMG_2847.jpg\" data-attachment-id=\"1841\" data-type=\"image\" class=\"fg-thumb\"><span class=\"fg-image-wrap\"><img decoding=\"async\" height=\"250\" width=\"375\" class=\"skip-lazy fg-image\" data-src-fg=\"https:\/\/charlotteabicyclette.com\/wp-content\/uploads\/cache\/2023\/11\/IMG_2847\/733979438.jpg\" data-srcset-fg=\"https:\/\/charlotteabicyclette.com\/wp-content\/uploads\/cache\/2023\/11\/IMG_2847\/1634783653.jpg 4x\" src=\"data:image\/svg+xml,%3Csvg%20xmlns%3D%22http%3A%2F%2Fwww.w3.org%2F2000%2Fsvg%22%20width%3D%22375%22%20height%3D%22250%22%20viewBox%3D%220%200%20375%20250%22%3E%3C%2Fsvg%3E\" loading=\"eager\"><\/span><span class=\"fg-image-overlay\"><\/span><\/a><figcaption class=\"fg-caption\"><div class=\"fg-caption-inner\"><\/div><\/figcaption><\/figure><div class=\"fg-loader\"><\/div><\/div><div class=\"fg-item fg-type-image fg-idle\"><figure class=\"fg-item-inner\"><a href=\"https:\/\/charlotteabicyclette.com\/wp-content\/uploads\/2023\/11\/IMG_2848.jpg\" data-caption-desc=\"Village de Schiltach\" data-attachment-id=\"1839\" data-type=\"image\" class=\"fg-thumb\"><span class=\"fg-image-wrap\"><img decoding=\"async\" height=\"250\" width=\"375\" class=\"skip-lazy fg-image\" data-src-fg=\"https:\/\/charlotteabicyclette.com\/wp-content\/uploads\/cache\/2023\/11\/IMG_2848\/1741044551.jpg\" data-srcset-fg=\"https:\/\/charlotteabicyclette.com\/wp-content\/uploads\/cache\/2023\/11\/IMG_2848\/755583436.jpg 4x\" src=\"data:image\/svg+xml,%3Csvg%20xmlns%3D%22http%3A%2F%2Fwww.w3.org%2F2000%2Fsvg%22%20width%3D%22375%22%20height%3D%22250%22%20viewBox%3D%220%200%20375%20250%22%3E%3C%2Fsvg%3E\" loading=\"eager\"><\/span><span class=\"fg-image-overlay\"><\/span><\/a><figcaption class=\"fg-caption\"><div class=\"fg-caption-inner\"><div class=\"fg-caption-desc\">Village de Schiltach<\/div><\/div><\/figcaption><\/figure><div class=\"fg-loader\"><\/div><\/div><div class=\"fg-item fg-type-image fg-idle\"><figure class=\"fg-item-inner\"><a href=\"https:\/\/charlotteabicyclette.com\/wp-content\/uploads\/2023\/11\/IMG_2849.jpg\" data-caption-desc=\"Village de Schiltach\" data-attachment-id=\"1844\" data-type=\"image\" class=\"fg-thumb\"><span class=\"fg-image-wrap\"><img decoding=\"async\" height=\"250\" width=\"167\" class=\"skip-lazy fg-image\" data-src-fg=\"https:\/\/charlotteabicyclette.com\/wp-content\/uploads\/cache\/2023\/11\/IMG_2849\/3665142386.jpg\" data-srcset-fg=\"https:\/\/charlotteabicyclette.com\/wp-content\/uploads\/cache\/2023\/11\/IMG_2849\/2252247468.jpg 4x\" src=\"data:image\/svg+xml,%3Csvg%20xmlns%3D%22http%3A%2F%2Fwww.w3.org%2F2000%2Fsvg%22%20width%3D%22167%22%20height%3D%22250%22%20viewBox%3D%220%200%20167%20250%22%3E%3C%2Fsvg%3E\" loading=\"eager\"><\/span><span class=\"fg-image-overlay\"><\/span><\/a><figcaption class=\"fg-caption\"><div class=\"fg-caption-inner\"><div class=\"fg-caption-desc\">Village de Schiltach<\/div><\/div><\/figcaption><\/figure><div class=\"fg-loader\"><\/div><\/div><div class=\"fg-item fg-type-image fg-idle\"><figure class=\"fg-item-inner\"><a href=\"https:\/\/charlotteabicyclette.com\/wp-content\/uploads\/2023\/11\/IMG_2850.jpg\" data-caption-desc=\"L\u2019avantage de monter par les pistes au milieu de la for\u00eat : les vues sur les villages\" data-attachment-id=\"1840\" data-type=\"image\" class=\"fg-thumb\"><span class=\"fg-image-wrap\"><img decoding=\"async\" height=\"250\" width=\"375\" class=\"skip-lazy fg-image\" data-src-fg=\"https:\/\/charlotteabicyclette.com\/wp-content\/uploads\/cache\/2023\/11\/IMG_2850\/3648276456.jpg\" data-srcset-fg=\"https:\/\/charlotteabicyclette.com\/wp-content\/uploads\/cache\/2023\/11\/IMG_2850\/2478519651.jpg 4x\" src=\"data:image\/svg+xml,%3Csvg%20xmlns%3D%22http%3A%2F%2Fwww.w3.org%2F2000%2Fsvg%22%20width%3D%22375%22%20height%3D%22250%22%20viewBox%3D%220%200%20375%20250%22%3E%3C%2Fsvg%3E\" loading=\"eager\"><\/span><span class=\"fg-image-overlay\"><\/span><\/a><figcaption class=\"fg-caption\"><div class=\"fg-caption-inner\"><div class=\"fg-caption-desc\">L\u2019avantage de monter par les pistes au milieu de la for\u00eat : les vues sur les villages<\/div><\/div><\/figcaption><\/figure><div class=\"fg-loader\"><\/div><\/div><div class=\"fg-item fg-type-image fg-idle\"><figure class=\"fg-item-inner\"><a href=\"https:\/\/charlotteabicyclette.com\/wp-content\/uploads\/2023\/11\/IMG_2851.jpg\" data-attachment-id=\"1843\" data-type=\"image\" class=\"fg-thumb\"><span class=\"fg-image-wrap\"><img decoding=\"async\" height=\"250\" width=\"375\" class=\"skip-lazy fg-image\" data-src-fg=\"https:\/\/charlotteabicyclette.com\/wp-content\/uploads\/cache\/2023\/11\/IMG_2851\/4281420691.jpg\" data-srcset-fg=\"https:\/\/charlotteabicyclette.com\/wp-content\/uploads\/cache\/2023\/11\/IMG_2851\/3053336856.jpg 4x\" src=\"data:image\/svg+xml,%3Csvg%20xmlns%3D%22http%3A%2F%2Fwww.w3.org%2F2000%2Fsvg%22%20width%3D%22375%22%20height%3D%22250%22%20viewBox%3D%220%200%20375%20250%22%3E%3C%2Fsvg%3E\" loading=\"eager\"><\/span><span class=\"fg-image-overlay\"><\/span><\/a><figcaption class=\"fg-caption\"><div class=\"fg-caption-inner\"><\/div><\/figcaption><\/figure><div class=\"fg-loader\"><\/div><\/div><\/div>\r\n\n\n\n<div style=\"height:24px\" aria-hidden=\"true\" class=\"wp-block-spacer\"><\/div>\n\n\n\n<h3 class=\"wp-block-heading\">Triberg<\/h3>\n\n\n\n<p>Finalement, nous d\u00e9cidons de quitter la v\u00e9loroute car nous voulons aller vers le sud. Comme il n\u2019y a pas de piste cyclable et que \u00e7a monte (on devient exigeant), nous prenons le train avec notre pass pour rejoindre <strong><mark style=\"background-color:rgba(0, 0, 0, 0);color:#ffb126\" class=\"has-inline-color\">Triberg<\/mark><\/strong>.<\/p>\n\n\n\n<p>A Triberg, nous visitons le mus\u00e9e sur la For\u00eat Noire (et son train miniature incroyable) et surtout allons admirer la <strong><mark style=\"background-color:rgba(0, 0, 0, 0);color:#ffb126\" class=\"has-inline-color\">cascade<\/mark><\/strong>. Cette cascade est la plus haute d\u2019Allemagne avec 163m de haut. Nous ne sommes pas d\u00e9\u00e7ues du d\u00e9tour. Le parcours est tr\u00e8s bien am\u00e9nag\u00e9e pour les poussettes (\u00e7a grimpe mais c\u2019est faisable). Nous reprenons ensuite en fin d\u2019apr\u00e8s-midi le train pour Fribourg, la \u201ccapitale\u201d de la For\u00eat Noire.<\/p>\n\n\n\t\t\t<style>\r\n                #foogallery-gallery-1854.fg-justified .fg-item {\r\n                    margin-right: 2px;\r\n                    margin-bottom: 2px;\r\n                }\r\n\r\n                #foogallery-gallery-1854.fg-justified .fg-image {\r\n                    height: 250px;\r\n                }\r\n\t\t\t<\/style>\r\n\t\t\t<div class=\"foogallery foogallery-container foogallery-justified foogallery-lightbox-foogallery fg-justified fg-light fg-loading-trail fg-loaded-fade-in fg-caption-always fg-hover-fade fg-hover-zoom2 fg-ready\" id=\"foogallery-gallery-1854\" data-foogallery=\"{&quot;item&quot;:{&quot;showCaptionTitle&quot;:false,&quot;showCaptionDescription&quot;:true},&quot;lazy&quot;:true,&quot;template&quot;:{&quot;rowHeight&quot;:250,&quot;maxRowHeight&quot;:250,&quot;margins&quot;:2,&quot;align&quot;:&quot;center&quot;,&quot;lastRow&quot;:&quot;smart&quot;}}\" data-foogallery-lightbox=\"{&quot;thumbs&quot;:&quot;bottom&quot;,&quot;thumbsCaptions&quot;:false,&quot;thumbsBestFit&quot;:false,&quot;thumbsSmall&quot;:false,&quot;thumbsCaptionsAlign&quot;:&quot;default&quot;,&quot;info&quot;:&quot;bottom&quot;,&quot;infoVisible&quot;:true,&quot;infoOverlay&quot;:true,&quot;infoAlign&quot;:&quot;default&quot;,&quot;transition&quot;:&quot;fade&quot;,&quot;hoverButtons&quot;:false,&quot;fitMedia&quot;:false,&quot;noScrollbars&quot;:true,&quot;preserveButtonSpace&quot;:true,&quot;buttons&quot;:{&quot;fullscreen&quot;:true,&quot;info&quot;:true,&quot;thumbs&quot;:false},&quot;video&quot;:{&quot;autoPlay&quot;:true}}\" >\r\n\t<div class=\"fg-item fg-type-image fg-idle\"><figure class=\"fg-item-inner\"><a href=\"https:\/\/charlotteabicyclette.com\/wp-content\/uploads\/2023\/11\/IMG_2852.jpg\" data-attachment-id=\"1846\" data-type=\"image\" class=\"fg-thumb\"><span class=\"fg-image-wrap\"><img decoding=\"async\" height=\"250\" width=\"167\" class=\"skip-lazy fg-image\" data-src-fg=\"https:\/\/charlotteabicyclette.com\/wp-content\/uploads\/cache\/2023\/11\/IMG_2852\/2613186478.jpg\" data-srcset-fg=\"https:\/\/charlotteabicyclette.com\/wp-content\/uploads\/cache\/2023\/11\/IMG_2852\/3347659888.jpg 4x\" src=\"data:image\/svg+xml,%3Csvg%20xmlns%3D%22http%3A%2F%2Fwww.w3.org%2F2000%2Fsvg%22%20width%3D%22167%22%20height%3D%22250%22%20viewBox%3D%220%200%20167%20250%22%3E%3C%2Fsvg%3E\" loading=\"eager\"><\/span><span class=\"fg-image-overlay\"><\/span><\/a><figcaption class=\"fg-caption\"><div class=\"fg-caption-inner\"><\/div><\/figcaption><\/figure><div class=\"fg-loader\"><\/div><\/div><div class=\"fg-item fg-type-image fg-idle\"><figure class=\"fg-item-inner\"><a href=\"https:\/\/charlotteabicyclette.com\/wp-content\/uploads\/2023\/11\/IMG_2875.jpg\" data-caption-desc=\"Vue sur Triberg\" data-attachment-id=\"1848\" data-type=\"image\" class=\"fg-thumb\"><span class=\"fg-image-wrap\"><img decoding=\"async\" height=\"250\" width=\"167\" class=\"skip-lazy fg-image\" data-src-fg=\"https:\/\/charlotteabicyclette.com\/wp-content\/uploads\/cache\/2023\/11\/IMG_2875\/2805326942.jpg\" data-srcset-fg=\"https:\/\/charlotteabicyclette.com\/wp-content\/uploads\/cache\/2023\/11\/IMG_2875\/4219393920.jpg 4x\" src=\"data:image\/svg+xml,%3Csvg%20xmlns%3D%22http%3A%2F%2Fwww.w3.org%2F2000%2Fsvg%22%20width%3D%22167%22%20height%3D%22250%22%20viewBox%3D%220%200%20167%20250%22%3E%3C%2Fsvg%3E\" loading=\"eager\"><\/span><span class=\"fg-image-overlay\"><\/span><\/a><figcaption class=\"fg-caption\"><div class=\"fg-caption-inner\"><div class=\"fg-caption-desc\">Vue sur Triberg<\/div><\/div><\/figcaption><\/figure><div class=\"fg-loader\"><\/div><\/div><div class=\"fg-item fg-type-image fg-idle\"><figure class=\"fg-item-inner\"><a href=\"https:\/\/charlotteabicyclette.com\/wp-content\/uploads\/2023\/11\/IMG_2853.jpg\" data-caption-desc=\"Chutes de Triberg\" data-attachment-id=\"1847\" data-type=\"image\" class=\"fg-thumb\"><span class=\"fg-image-wrap\"><img decoding=\"async\" height=\"250\" width=\"167\" class=\"skip-lazy fg-image\" data-src-fg=\"https:\/\/charlotteabicyclette.com\/wp-content\/uploads\/cache\/2023\/11\/IMG_2853\/3088971436.jpg\" data-srcset-fg=\"https:\/\/charlotteabicyclette.com\/wp-content\/uploads\/cache\/2023\/11\/IMG_2853\/3830891890.jpg 4x\" src=\"data:image\/svg+xml,%3Csvg%20xmlns%3D%22http%3A%2F%2Fwww.w3.org%2F2000%2Fsvg%22%20width%3D%22167%22%20height%3D%22250%22%20viewBox%3D%220%200%20167%20250%22%3E%3C%2Fsvg%3E\" loading=\"eager\"><\/span><span class=\"fg-image-overlay\"><\/span><\/a><figcaption class=\"fg-caption\"><div class=\"fg-caption-inner\"><div class=\"fg-caption-desc\">Chutes de Triberg<\/div><\/div><\/figcaption><\/figure><div class=\"fg-loader\"><\/div><\/div><div class=\"fg-item fg-type-image fg-idle\"><figure class=\"fg-item-inner\"><a href=\"https:\/\/charlotteabicyclette.com\/wp-content\/uploads\/2023\/11\/IMG_2874.jpg\" data-caption-desc=\"Vue sur Triberg\" data-attachment-id=\"1849\" data-type=\"image\" class=\"fg-thumb\"><span class=\"fg-image-wrap\"><img decoding=\"async\" height=\"250\" width=\"375\" class=\"skip-lazy fg-image\" data-src-fg=\"https:\/\/charlotteabicyclette.com\/wp-content\/uploads\/cache\/2023\/11\/IMG_2874\/2229935452.jpg\" data-srcset-fg=\"https:\/\/charlotteabicyclette.com\/wp-content\/uploads\/cache\/2023\/11\/IMG_2874\/3458559959.jpg 4x\" src=\"data:image\/svg+xml,%3Csvg%20xmlns%3D%22http%3A%2F%2Fwww.w3.org%2F2000%2Fsvg%22%20width%3D%22375%22%20height%3D%22250%22%20viewBox%3D%220%200%20375%20250%22%3E%3C%2Fsvg%3E\" loading=\"eager\"><\/span><span class=\"fg-image-overlay\"><\/span><\/a><figcaption class=\"fg-caption\"><div class=\"fg-caption-inner\"><div class=\"fg-caption-desc\">Vue sur Triberg<\/div><\/div><\/figcaption><\/figure><div class=\"fg-loader\"><\/div><\/div><\/div>\r\n\n\n\n<div style=\"height:29px\" aria-hidden=\"true\" class=\"wp-block-spacer\"><\/div>\n\n\n\n<h3 class=\"wp-block-heading\">Fribourg<\/h3>\n\n\n\n<p><strong><mark style=\"background-color:rgba(0, 0, 0, 0);color:#ffb126\" class=\"has-inline-color\">Fribourg<\/mark><\/strong> est une ville tr\u00e8s agr\u00e9able \u00e0 visiter et \u00e0 vivre, c\u2019est un <strong><mark style=\"background-color:rgba(0, 0, 0, 0);color:#ffb126\" class=\"has-inline-color\">coup de c\u0153ur du voyage<\/mark><\/strong>. Nous y sommes rest\u00e9es 3 jours. Le centre-ville est int\u00e9gralement pi\u00e9ton et cyclable, il y a beaucoup de v\u00e9los partout. Nous faisons les touristes : visite du M\u00fcnster et de son march\u00e9, d\u00e9gustation de bratwurst, d\u00e9ambulation dans la vielle ville, d\u00e9jeuner \u00e0 la Markthalle, mont\u00e9e en funiculaire sur la colline (le Schlossberg) pour profiter de la vue, d\u00e9gustation de bi\u00e8re dans une brasserie.<\/p>\n\n\n\t\t\t<style>\r\n                #foogallery-gallery-1860.fg-justified .fg-item {\r\n                    margin-right: 2px;\r\n                    margin-bottom: 2px;\r\n                }\r\n\r\n                #foogallery-gallery-1860.fg-justified .fg-image {\r\n                    height: 250px;\r\n                }\r\n\t\t\t<\/style>\r\n\t\t\t<div class=\"foogallery foogallery-container foogallery-justified foogallery-lightbox-foogallery fg-justified fg-light fg-loading-trail fg-loaded-fade-in fg-caption-always fg-hover-fade fg-hover-zoom2 fg-ready\" id=\"foogallery-gallery-1860\" data-foogallery=\"{&quot;item&quot;:{&quot;showCaptionTitle&quot;:false,&quot;showCaptionDescription&quot;:true},&quot;lazy&quot;:true,&quot;template&quot;:{&quot;rowHeight&quot;:250,&quot;maxRowHeight&quot;:250,&quot;margins&quot;:2,&quot;align&quot;:&quot;center&quot;,&quot;lastRow&quot;:&quot;smart&quot;}}\" data-foogallery-lightbox=\"{&quot;thumbs&quot;:&quot;bottom&quot;,&quot;thumbsCaptions&quot;:false,&quot;thumbsBestFit&quot;:false,&quot;thumbsSmall&quot;:false,&quot;thumbsCaptionsAlign&quot;:&quot;default&quot;,&quot;info&quot;:&quot;bottom&quot;,&quot;infoVisible&quot;:true,&quot;infoOverlay&quot;:true,&quot;infoAlign&quot;:&quot;default&quot;,&quot;transition&quot;:&quot;fade&quot;,&quot;hoverButtons&quot;:false,&quot;fitMedia&quot;:false,&quot;noScrollbars&quot;:true,&quot;preserveButtonSpace&quot;:true,&quot;buttons&quot;:{&quot;fullscreen&quot;:true,&quot;info&quot;:true,&quot;thumbs&quot;:false},&quot;video&quot;:{&quot;autoPlay&quot;:true}}\" >\r\n\t<div class=\"fg-item fg-type-image fg-idle\"><figure class=\"fg-item-inner\"><a href=\"https:\/\/charlotteabicyclette.com\/wp-content\/uploads\/2023\/11\/IMG_2860-1.jpg\" data-caption-desc=\"Vue sur le M\u00fcnster depuis le Schlossberg\" data-attachment-id=\"1862\" data-type=\"image\" class=\"fg-thumb\"><span class=\"fg-image-wrap\"><img decoding=\"async\" height=\"250\" width=\"167\" class=\"skip-lazy fg-image\" data-src-fg=\"https:\/\/charlotteabicyclette.com\/wp-content\/uploads\/cache\/2023\/11\/IMG_2860-1\/1307837940.jpg\" data-srcset-fg=\"https:\/\/charlotteabicyclette.com\/wp-content\/uploads\/cache\/2023\/11\/IMG_2860-1\/3986673720.jpg 4x\" src=\"data:image\/svg+xml,%3Csvg%20xmlns%3D%22http%3A%2F%2Fwww.w3.org%2F2000%2Fsvg%22%20width%3D%22167%22%20height%3D%22250%22%20viewBox%3D%220%200%20167%20250%22%3E%3C%2Fsvg%3E\" loading=\"eager\"><\/span><span class=\"fg-image-overlay\"><\/span><\/a><figcaption class=\"fg-caption\"><div class=\"fg-caption-inner\"><div class=\"fg-caption-desc\">Vue sur le M\u00fcnster depuis le Schlossberg<\/div><\/div><\/figcaption><\/figure><div class=\"fg-loader\"><\/div><\/div><div class=\"fg-item fg-type-image fg-idle\"><figure class=\"fg-item-inner\"><a href=\"https:\/\/charlotteabicyclette.com\/wp-content\/uploads\/2023\/11\/IMG_2864.jpg\" data-caption-desc=\"Le M\u00fcnster de Fribourg\" data-attachment-id=\"1858\" data-type=\"image\" class=\"fg-thumb\"><span class=\"fg-image-wrap\"><img decoding=\"async\" height=\"250\" width=\"167\" class=\"skip-lazy fg-image\" data-src-fg=\"https:\/\/charlotteabicyclette.com\/wp-content\/uploads\/cache\/2023\/11\/IMG_2864\/471426148.jpg\" data-srcset-fg=\"https:\/\/charlotteabicyclette.com\/wp-content\/uploads\/cache\/2023\/11\/IMG_2864\/1079138234.jpg 4x\" src=\"data:image\/svg+xml,%3Csvg%20xmlns%3D%22http%3A%2F%2Fwww.w3.org%2F2000%2Fsvg%22%20width%3D%22167%22%20height%3D%22250%22%20viewBox%3D%220%200%20167%20250%22%3E%3C%2Fsvg%3E\" loading=\"eager\"><\/span><span class=\"fg-image-overlay\"><\/span><\/a><figcaption class=\"fg-caption\"><div class=\"fg-caption-inner\"><div class=\"fg-caption-desc\">Le M\u00fcnster de Fribourg<\/div><\/div><\/figcaption><\/figure><div class=\"fg-loader\"><\/div><\/div><div class=\"fg-item fg-type-image fg-idle\"><figure class=\"fg-item-inner\"><a href=\"https:\/\/charlotteabicyclette.com\/wp-content\/uploads\/2023\/11\/IMG_2863.jpg\" data-caption-desc=\"Vue int\u00e9rieure du M\u00fcnster\" data-attachment-id=\"1863\" data-type=\"image\" class=\"fg-thumb\"><span class=\"fg-image-wrap\"><img decoding=\"async\" height=\"250\" width=\"167\" class=\"skip-lazy fg-image\" data-src-fg=\"https:\/\/charlotteabicyclette.com\/wp-content\/uploads\/cache\/2023\/11\/IMG_2863\/986860935.jpg\" data-srcset-fg=\"https:\/\/charlotteabicyclette.com\/wp-content\/uploads\/cache\/2023\/11\/IMG_2863\/1721335385.jpg 4x\" src=\"data:image\/svg+xml,%3Csvg%20xmlns%3D%22http%3A%2F%2Fwww.w3.org%2F2000%2Fsvg%22%20width%3D%22167%22%20height%3D%22250%22%20viewBox%3D%220%200%20167%20250%22%3E%3C%2Fsvg%3E\" loading=\"eager\"><\/span><span class=\"fg-image-overlay\"><\/span><\/a><figcaption class=\"fg-caption\"><div class=\"fg-caption-inner\"><div class=\"fg-caption-desc\">Vue int\u00e9rieure du M\u00fcnster<\/div><\/div><\/figcaption><\/figure><div class=\"fg-loader\"><\/div><\/div><div class=\"fg-item fg-type-image fg-idle\"><figure class=\"fg-item-inner\"><a href=\"https:\/\/charlotteabicyclette.com\/wp-content\/uploads\/2023\/11\/IMG_2859.jpg\" data-caption-desc=\"Fribourg\" data-attachment-id=\"1855\" data-type=\"image\" class=\"fg-thumb\"><span class=\"fg-image-wrap\"><img decoding=\"async\" height=\"250\" width=\"167\" class=\"skip-lazy fg-image\" data-src-fg=\"https:\/\/charlotteabicyclette.com\/wp-content\/uploads\/cache\/2023\/11\/IMG_2859\/1287293946.jpg\" data-srcset-fg=\"https:\/\/charlotteabicyclette.com\/wp-content\/uploads\/cache\/2023\/11\/IMG_2859\/284276772.jpg 4x\" src=\"data:image\/svg+xml,%3Csvg%20xmlns%3D%22http%3A%2F%2Fwww.w3.org%2F2000%2Fsvg%22%20width%3D%22167%22%20height%3D%22250%22%20viewBox%3D%220%200%20167%20250%22%3E%3C%2Fsvg%3E\" loading=\"eager\"><\/span><span class=\"fg-image-overlay\"><\/span><\/a><figcaption class=\"fg-caption\"><div class=\"fg-caption-inner\"><div class=\"fg-caption-desc\">Fribourg<\/div><\/div><\/figcaption><\/figure><div class=\"fg-loader\"><\/div><\/div><div class=\"fg-item fg-type-image fg-idle\"><figure class=\"fg-item-inner\"><a href=\"https:\/\/charlotteabicyclette.com\/wp-content\/uploads\/2023\/11\/IMG_2856.jpg\" data-caption-desc=\"Fribourg est une ville tr\u00e8s cyclable et remplie de cyclistes\" data-attachment-id=\"1850\" data-type=\"image\" class=\"fg-thumb\"><span class=\"fg-image-wrap\"><img decoding=\"async\" height=\"250\" width=\"375\" class=\"skip-lazy fg-image\" data-src-fg=\"https:\/\/charlotteabicyclette.com\/wp-content\/uploads\/cache\/2023\/11\/IMG_2856\/1910147640.jpg\" data-srcset-fg=\"https:\/\/charlotteabicyclette.com\/wp-content\/uploads\/cache\/2023\/11\/IMG_2856\/991295667.jpg 4x\" src=\"data:image\/svg+xml,%3Csvg%20xmlns%3D%22http%3A%2F%2Fwww.w3.org%2F2000%2Fsvg%22%20width%3D%22375%22%20height%3D%22250%22%20viewBox%3D%220%200%20375%20250%22%3E%3C%2Fsvg%3E\" loading=\"eager\"><\/span><span class=\"fg-image-overlay\"><\/span><\/a><figcaption class=\"fg-caption\"><div class=\"fg-caption-inner\"><div class=\"fg-caption-desc\">Fribourg est une ville tr\u00e8s cyclable et remplie de cyclistes<\/div><\/div><\/figcaption><\/figure><div class=\"fg-loader\"><\/div><\/div><div class=\"fg-item fg-type-image fg-idle\"><figure class=\"fg-item-inner\"><a href=\"https:\/\/charlotteabicyclette.com\/wp-content\/uploads\/2023\/11\/IMG_2861.jpg\" data-caption-desc=\"La grande place au pied du M\u00fcnster\" data-attachment-id=\"1861\" data-type=\"image\" class=\"fg-thumb\"><span class=\"fg-image-wrap\"><img decoding=\"async\" height=\"250\" width=\"167\" class=\"skip-lazy fg-image\" data-src-fg=\"https:\/\/charlotteabicyclette.com\/wp-content\/uploads\/cache\/2023\/11\/IMG_2861\/2104344451.jpg\" data-srcset-fg=\"https:\/\/charlotteabicyclette.com\/wp-content\/uploads\/cache\/2023\/11\/IMG_2861\/556174429.jpg 4x\" src=\"data:image\/svg+xml,%3Csvg%20xmlns%3D%22http%3A%2F%2Fwww.w3.org%2F2000%2Fsvg%22%20width%3D%22167%22%20height%3D%22250%22%20viewBox%3D%220%200%20167%20250%22%3E%3C%2Fsvg%3E\" loading=\"eager\"><\/span><span class=\"fg-image-overlay\"><\/span><\/a><figcaption class=\"fg-caption\"><div class=\"fg-caption-inner\"><div class=\"fg-caption-desc\">La grande place au pied du M\u00fcnster<\/div><\/div><\/figcaption><\/figure><div class=\"fg-loader\"><\/div><\/div><div class=\"fg-item fg-type-image fg-idle\"><figure class=\"fg-item-inner\"><a href=\"https:\/\/charlotteabicyclette.com\/wp-content\/uploads\/2023\/11\/IMG_2858.jpg\" data-caption-desc=\"Quelle wurst d\u00e9sirez-vous ?\" data-attachment-id=\"1859\" data-type=\"image\" class=\"fg-thumb\"><span class=\"fg-image-wrap\"><img decoding=\"async\" height=\"250\" width=\"167\" class=\"skip-lazy fg-image\" data-src-fg=\"https:\/\/charlotteabicyclette.com\/wp-content\/uploads\/cache\/2023\/11\/IMG_2858\/2639180914.jpg\" data-srcset-fg=\"https:\/\/charlotteabicyclette.com\/wp-content\/uploads\/cache\/2023\/11\/IMG_2858\/3238365100.jpg 4x\" src=\"data:image\/svg+xml,%3Csvg%20xmlns%3D%22http%3A%2F%2Fwww.w3.org%2F2000%2Fsvg%22%20width%3D%22167%22%20height%3D%22250%22%20viewBox%3D%220%200%20167%20250%22%3E%3C%2Fsvg%3E\" loading=\"eager\"><\/span><span class=\"fg-image-overlay\"><\/span><\/a><figcaption class=\"fg-caption\"><div class=\"fg-caption-inner\"><div class=\"fg-caption-desc\">Quelle wurst d\u00e9sirez-vous ?<\/div><\/div><\/figcaption><\/figure><div class=\"fg-loader\"><\/div><\/div><div class=\"fg-item fg-type-image fg-idle\"><figure class=\"fg-item-inner\"><a href=\"https:\/\/charlotteabicyclette.com\/wp-content\/uploads\/2023\/11\/IMG_2857.jpg\" data-caption-desc=\"D\u00e9gustation de bi\u00e8re avec vue sur les cuves\" data-attachment-id=\"1857\" data-type=\"image\" class=\"fg-thumb\"><span class=\"fg-image-wrap\"><img decoding=\"async\" height=\"250\" width=\"167\" class=\"skip-lazy fg-image\" data-src-fg=\"https:\/\/charlotteabicyclette.com\/wp-content\/uploads\/cache\/2023\/11\/IMG_2857\/1554672817.jpg\" data-srcset-fg=\"https:\/\/charlotteabicyclette.com\/wp-content\/uploads\/cache\/2023\/11\/IMG_2857\/14770031.jpg 4x\" src=\"data:image\/svg+xml,%3Csvg%20xmlns%3D%22http%3A%2F%2Fwww.w3.org%2F2000%2Fsvg%22%20width%3D%22167%22%20height%3D%22250%22%20viewBox%3D%220%200%20167%20250%22%3E%3C%2Fsvg%3E\" loading=\"eager\"><\/span><span class=\"fg-image-overlay\"><\/span><\/a><figcaption class=\"fg-caption\"><div class=\"fg-caption-inner\"><div class=\"fg-caption-desc\">D\u00e9gustation de bi\u00e8re avec vue sur les cuves<\/div><\/div><\/figcaption><\/figure><div class=\"fg-loader\"><\/div><\/div><div class=\"fg-item fg-type-image fg-idle\"><figure class=\"fg-item-inner\"><a href=\"https:\/\/charlotteabicyclette.com\/wp-content\/uploads\/2023\/11\/IMG_2862.jpg\" data-caption-desc=\"Vue sur Fribourg depuis le Schlossberg\" data-attachment-id=\"1856\" data-type=\"image\" class=\"fg-thumb\"><span class=\"fg-image-wrap\"><img decoding=\"async\" height=\"250\" width=\"167\" class=\"skip-lazy fg-image\" data-src-fg=\"https:\/\/charlotteabicyclette.com\/wp-content\/uploads\/cache\/2023\/11\/IMG_2862\/3266488204.jpg\" data-srcset-fg=\"https:\/\/charlotteabicyclette.com\/wp-content\/uploads\/cache\/2023\/11\/IMG_2862\/2667156562.jpg 4x\" src=\"data:image\/svg+xml,%3Csvg%20xmlns%3D%22http%3A%2F%2Fwww.w3.org%2F2000%2Fsvg%22%20width%3D%22167%22%20height%3D%22250%22%20viewBox%3D%220%200%20167%20250%22%3E%3C%2Fsvg%3E\" loading=\"eager\"><\/span><span class=\"fg-image-overlay\"><\/span><\/a><figcaption class=\"fg-caption\"><div class=\"fg-caption-inner\"><div class=\"fg-caption-desc\">Vue sur Fribourg depuis le Schlossberg<\/div><\/div><\/figcaption><\/figure><div class=\"fg-loader\"><\/div><\/div><\/div>\r\n\n\n\n<div style=\"height:26px\" aria-hidden=\"true\" class=\"wp-block-spacer\"><\/div>\n\n\n\n<h3 class=\"wp-block-heading\">La S\u00fcdschwarzwald radweg<\/h3>\n\n\n\n<p>Nous souhaitons ensuite suivre la <strong><mark style=\"background-color:rgba(0, 0, 0, 0);color:#ffb126\" class=\"has-inline-color\">v\u00e9loroute du sud de la For\u00eat Noire<\/mark><\/strong> (<a href=\"https:\/\/www.schwarzwald-tourismus.info\/erleben\/radfahren\/tourenrad-und-e-bike\/fernradwege\/suedschwarzwald-radweg\">S\u00fcdschwarzwald radweg<\/a>) et suivons les conseils du site : prendre le train jusqu\u2019\u00e0 Titisee pour \u00e9viter 1000m de d\u00e9nivel\u00e9 (positif \u00e9videmment). A <strong><mark style=\"background-color:rgba(0, 0, 0, 0);color:#ffb126\" class=\"has-inline-color\">Titisee<\/mark><\/strong>, apr\u00e8s avoir plant\u00e9e la tente, nous allons passer l\u2019apr\u00e8s-midi \u00e0 <a href=\"https:\/\/www.badeparadies-schwarzwald.de\/fr\/\">Badeparadies<\/a> qui porte bien son nom. C\u2019est un \u00e9norme complexe aquatique avec piscine au milieu des palmiers, un grand nombre de toboggans pour tous les \u00e2ges et surtout un espace d\u00e9tente avec de multiples saunas.<\/p>\n\n\n\n<p>Le lendemain, nous d\u00e9marrons la v\u00e9loroute. Le parcours nous fait <strong><mark style=\"background-color:rgba(0, 0, 0, 0);color:#ffb126\" class=\"has-inline-color\">p\u00e9daler au milieu des arbres<\/mark><\/strong>, sur des voies tr\u00e8s calmes, c\u2019est vraiment tr\u00e8s beau. Nous passons la nuit \u00e0 St\u00fchlingen. Nous poursuivons ensuite le trajet jusqu\u2019\u00e0 Murg, apr\u00e8s avoir visit\u00e9 la charmante ville de Lauchenburg, \u00e0 cheval entre Allemagne et Suisse.<\/p>\n\n\n\t\t\t<style>\r\n                #foogallery-gallery-1872.fg-justified .fg-item {\r\n                    margin-right: 2px;\r\n                    margin-bottom: 2px;\r\n                }\r\n\r\n                #foogallery-gallery-1872.fg-justified .fg-image {\r\n                    height: 250px;\r\n                }\r\n\t\t\t<\/style>\r\n\t\t\t<div class=\"foogallery foogallery-container foogallery-justified foogallery-lightbox-foogallery fg-justified fg-light fg-loading-trail fg-loaded-fade-in fg-caption-always fg-hover-fade fg-hover-zoom2 fg-ready\" id=\"foogallery-gallery-1872\" data-foogallery=\"{&quot;item&quot;:{&quot;showCaptionTitle&quot;:false,&quot;showCaptionDescription&quot;:true},&quot;lazy&quot;:true,&quot;template&quot;:{&quot;rowHeight&quot;:250,&quot;maxRowHeight&quot;:250,&quot;margins&quot;:2,&quot;align&quot;:&quot;center&quot;,&quot;lastRow&quot;:&quot;smart&quot;}}\" data-foogallery-lightbox=\"{&quot;thumbs&quot;:&quot;bottom&quot;,&quot;thumbsCaptions&quot;:false,&quot;thumbsBestFit&quot;:false,&quot;thumbsSmall&quot;:false,&quot;thumbsCaptionsAlign&quot;:&quot;default&quot;,&quot;info&quot;:&quot;bottom&quot;,&quot;infoVisible&quot;:true,&quot;infoOverlay&quot;:true,&quot;infoAlign&quot;:&quot;default&quot;,&quot;transition&quot;:&quot;fade&quot;,&quot;hoverButtons&quot;:false,&quot;fitMedia&quot;:false,&quot;noScrollbars&quot;:true,&quot;preserveButtonSpace&quot;:true,&quot;buttons&quot;:{&quot;fullscreen&quot;:true,&quot;info&quot;:true,&quot;thumbs&quot;:false},&quot;video&quot;:{&quot;autoPlay&quot;:true}}\" >\r\n\t<div class=\"fg-item fg-type-image fg-idle\"><figure class=\"fg-item-inner\"><a href=\"https:\/\/charlotteabicyclette.com\/wp-content\/uploads\/2023\/11\/IMG_2865.jpg\" data-caption-desc=\"Titisee\" data-attachment-id=\"1865\" data-type=\"image\" class=\"fg-thumb\"><span class=\"fg-image-wrap\"><img decoding=\"async\" height=\"250\" width=\"333\" class=\"skip-lazy fg-image\" data-src-fg=\"https:\/\/charlotteabicyclette.com\/wp-content\/uploads\/cache\/2023\/11\/IMG_2865\/694686784.jpg\" data-srcset-fg=\"https:\/\/charlotteabicyclette.com\/wp-content\/uploads\/cache\/2023\/11\/IMG_2865\/1922914317.jpg 4x\" src=\"data:image\/svg+xml,%3Csvg%20xmlns%3D%22http%3A%2F%2Fwww.w3.org%2F2000%2Fsvg%22%20width%3D%22333%22%20height%3D%22250%22%20viewBox%3D%220%200%20333%20250%22%3E%3C%2Fsvg%3E\" loading=\"eager\"><\/span><span class=\"fg-image-overlay\"><\/span><\/a><figcaption class=\"fg-caption\"><div class=\"fg-caption-inner\"><div class=\"fg-caption-desc\">Titisee<\/div><\/div><\/figcaption><\/figure><div class=\"fg-loader\"><\/div><\/div><div class=\"fg-item fg-type-image fg-idle\"><figure class=\"fg-item-inner\"><a href=\"https:\/\/charlotteabicyclette.com\/wp-content\/uploads\/2023\/11\/IMG_2866-scaled.jpg\" data-caption-desc=\"D\u00eener face \u00e0 Titisee\" data-attachment-id=\"1866\" data-type=\"image\" class=\"fg-thumb\"><span class=\"fg-image-wrap\"><img decoding=\"async\" height=\"250\" width=\"167\" class=\"skip-lazy fg-image\" data-src-fg=\"https:\/\/charlotteabicyclette.com\/wp-content\/uploads\/cache\/2023\/11\/IMG_2866-scaled\/2115612757.jpg\" data-srcset-fg=\"https:\/\/charlotteabicyclette.com\/wp-content\/uploads\/cache\/2023\/11\/IMG_2866-scaled\/2851300364.jpg 4x\" src=\"data:image\/svg+xml,%3Csvg%20xmlns%3D%22http%3A%2F%2Fwww.w3.org%2F2000%2Fsvg%22%20width%3D%22167%22%20height%3D%22250%22%20viewBox%3D%220%200%20167%20250%22%3E%3C%2Fsvg%3E\" loading=\"eager\"><\/span><span class=\"fg-image-overlay\"><\/span><\/a><figcaption class=\"fg-caption\"><div class=\"fg-caption-inner\"><div class=\"fg-caption-desc\">D\u00eener face \u00e0 Titisee<\/div><\/div><\/figcaption><\/figure><div class=\"fg-loader\"><\/div><\/div><div class=\"fg-item fg-type-image fg-idle\"><figure class=\"fg-item-inner\"><a href=\"https:\/\/charlotteabicyclette.com\/wp-content\/uploads\/2023\/11\/IMG_2867.jpg\" data-attachment-id=\"1864\" data-type=\"image\" class=\"fg-thumb\"><span class=\"fg-image-wrap\"><img decoding=\"async\" height=\"250\" width=\"167\" class=\"skip-lazy fg-image\" data-src-fg=\"https:\/\/charlotteabicyclette.com\/wp-content\/uploads\/cache\/2023\/11\/IMG_2867\/2218322593.jpg\" data-srcset-fg=\"https:\/\/charlotteabicyclette.com\/wp-content\/uploads\/cache\/2023\/11\/IMG_2867\/3631470975.jpg 4x\" src=\"data:image\/svg+xml,%3Csvg%20xmlns%3D%22http%3A%2F%2Fwww.w3.org%2F2000%2Fsvg%22%20width%3D%22167%22%20height%3D%22250%22%20viewBox%3D%220%200%20167%20250%22%3E%3C%2Fsvg%3E\" loading=\"eager\"><\/span><span class=\"fg-image-overlay\"><\/span><\/a><figcaption class=\"fg-caption\"><div class=\"fg-caption-inner\"><\/div><\/figcaption><\/figure><div class=\"fg-loader\"><\/div><\/div><div class=\"fg-item fg-type-image fg-idle\"><figure class=\"fg-item-inner\"><a href=\"https:\/\/charlotteabicyclette.com\/wp-content\/uploads\/2023\/11\/IMG_2868-scaled.jpg\" data-caption-desc=\"Pique-nique champ\u00eatre\" data-attachment-id=\"1868\" data-type=\"image\" class=\"fg-thumb\"><span class=\"fg-image-wrap\"><img decoding=\"async\" height=\"250\" width=\"167\" class=\"skip-lazy fg-image\" data-src-fg=\"https:\/\/charlotteabicyclette.com\/wp-content\/uploads\/cache\/2023\/11\/IMG_2868-scaled\/3621755029.jpg\" data-srcset-fg=\"https:\/\/charlotteabicyclette.com\/wp-content\/uploads\/cache\/2023\/11\/IMG_2868-scaled\/3493068.jpg 4x\" src=\"data:image\/svg+xml,%3Csvg%20xmlns%3D%22http%3A%2F%2Fwww.w3.org%2F2000%2Fsvg%22%20width%3D%22167%22%20height%3D%22250%22%20viewBox%3D%220%200%20167%20250%22%3E%3C%2Fsvg%3E\" loading=\"eager\"><\/span><span class=\"fg-image-overlay\"><\/span><\/a><figcaption class=\"fg-caption\"><div class=\"fg-caption-inner\"><div class=\"fg-caption-desc\">Pique-nique champ\u00eatre<\/div><\/div><\/figcaption><\/figure><div class=\"fg-loader\"><\/div><\/div><div class=\"fg-item fg-type-image fg-idle\"><figure class=\"fg-item-inner\"><a href=\"https:\/\/charlotteabicyclette.com\/wp-content\/uploads\/2023\/11\/IMG_2870.jpg\" data-caption-desc=\"Au c\u0153ur de la For\u00eat Noire\" data-attachment-id=\"1867\" data-type=\"image\" class=\"fg-thumb\"><span class=\"fg-image-wrap\"><img decoding=\"async\" height=\"250\" width=\"167\" class=\"skip-lazy fg-image\" data-src-fg=\"https:\/\/charlotteabicyclette.com\/wp-content\/uploads\/cache\/2023\/11\/IMG_2870\/1936325406.jpg\" data-srcset-fg=\"https:\/\/charlotteabicyclette.com\/wp-content\/uploads\/cache\/2023\/11\/IMG_2870\/790808768.jpg 4x\" src=\"data:image\/svg+xml,%3Csvg%20xmlns%3D%22http%3A%2F%2Fwww.w3.org%2F2000%2Fsvg%22%20width%3D%22167%22%20height%3D%22250%22%20viewBox%3D%220%200%20167%20250%22%3E%3C%2Fsvg%3E\" loading=\"eager\"><\/span><span class=\"fg-image-overlay\"><\/span><\/a><figcaption class=\"fg-caption\"><div class=\"fg-caption-inner\"><div class=\"fg-caption-desc\">Au c\u0153ur de la For\u00eat Noire<\/div><\/div><\/figcaption><\/figure><div class=\"fg-loader\"><\/div><\/div><div class=\"fg-item fg-type-image fg-idle\"><figure class=\"fg-item-inner\"><a href=\"https:\/\/charlotteabicyclette.com\/wp-content\/uploads\/2023\/11\/IMG_2871.jpg\" data-caption-desc=\"Village de for\u00eat noire\" data-attachment-id=\"1869\" data-type=\"image\" class=\"fg-thumb\"><span class=\"fg-image-wrap\"><img decoding=\"async\" height=\"250\" width=\"375\" class=\"skip-lazy fg-image\" data-src-fg=\"https:\/\/charlotteabicyclette.com\/wp-content\/uploads\/cache\/2023\/11\/IMG_2871\/2802266607.jpg\" data-srcset-fg=\"https:\/\/charlotteabicyclette.com\/wp-content\/uploads\/cache\/2023\/11\/IMG_2871\/2212555126.jpg 4x\" src=\"data:image\/svg+xml,%3Csvg%20xmlns%3D%22http%3A%2F%2Fwww.w3.org%2F2000%2Fsvg%22%20width%3D%22375%22%20height%3D%22250%22%20viewBox%3D%220%200%20375%20250%22%3E%3C%2Fsvg%3E\" loading=\"eager\"><\/span><span class=\"fg-image-overlay\"><\/span><\/a><figcaption class=\"fg-caption\"><div class=\"fg-caption-inner\"><div class=\"fg-caption-desc\">Village de for\u00eat noire<\/div><\/div><\/figcaption><\/figure><div class=\"fg-loader\"><\/div><\/div><div class=\"fg-item fg-type-image fg-idle\"><figure class=\"fg-item-inner\"><a href=\"https:\/\/charlotteabicyclette.com\/wp-content\/uploads\/2023\/11\/IMG_2872-1.jpg\" data-caption-desc=\"Pique-nique avec vue\" data-attachment-id=\"1871\" data-type=\"image\" class=\"fg-thumb\"><span class=\"fg-image-wrap\"><img decoding=\"async\" height=\"250\" width=\"375\" class=\"skip-lazy fg-image\" data-src-fg=\"https:\/\/charlotteabicyclette.com\/wp-content\/uploads\/cache\/2023\/11\/IMG_2872-1\/2101722278.jpg\" data-srcset-fg=\"https:\/\/charlotteabicyclette.com\/wp-content\/uploads\/cache\/2023\/11\/IMG_2872-1\/456763385.jpg 4x\" src=\"data:image\/svg+xml,%3Csvg%20xmlns%3D%22http%3A%2F%2Fwww.w3.org%2F2000%2Fsvg%22%20width%3D%22375%22%20height%3D%22250%22%20viewBox%3D%220%200%20375%20250%22%3E%3C%2Fsvg%3E\" loading=\"eager\"><\/span><span class=\"fg-image-overlay\"><\/span><\/a><figcaption class=\"fg-caption\"><div class=\"fg-caption-inner\"><div class=\"fg-caption-desc\">Pique-nique avec vue<\/div><\/div><\/figcaption><\/figure><div class=\"fg-loader\"><\/div><\/div><div class=\"fg-item fg-type-image fg-idle\"><figure class=\"fg-item-inner\"><a href=\"https:\/\/charlotteabicyclette.com\/wp-content\/uploads\/2023\/11\/IMG_2878.jpg\" data-caption-desc=\"Lauchenburg\" data-attachment-id=\"1884\" data-type=\"image\" class=\"fg-thumb\"><span class=\"fg-image-wrap\"><img decoding=\"async\" height=\"250\" width=\"375\" class=\"skip-lazy fg-image\" data-src-fg=\"https:\/\/charlotteabicyclette.com\/wp-content\/uploads\/cache\/2023\/11\/IMG_2878\/2541114445.jpg\" data-srcset-fg=\"https:\/\/charlotteabicyclette.com\/wp-content\/uploads\/cache\/2023\/11\/IMG_2878\/3012660436.jpg 4x\" src=\"data:image\/svg+xml,%3Csvg%20xmlns%3D%22http%3A%2F%2Fwww.w3.org%2F2000%2Fsvg%22%20width%3D%22375%22%20height%3D%22250%22%20viewBox%3D%220%200%20375%20250%22%3E%3C%2Fsvg%3E\" loading=\"eager\"><\/span><span class=\"fg-image-overlay\"><\/span><\/a><figcaption class=\"fg-caption\"><div class=\"fg-caption-inner\"><div class=\"fg-caption-desc\">Lauchenburg<\/div><\/div><\/figcaption><\/figure><div class=\"fg-loader\"><\/div><\/div><\/div>\r\n\n\n\n<div style=\"height:24px\" aria-hidden=\"true\" class=\"wp-block-spacer\"><\/div>\n\n\n\n<h3 class=\"wp-block-heading\">Le Rhin<\/h3>\n\n\n\n<p>Nous rejoignons le <strong><mark style=\"background-color:rgba(0, 0, 0, 0);color:#ffb126\" class=\"has-inline-color\">Rhin<\/mark><\/strong> et retrouvons l\u2019eurov\u00e9lo 15 sur cette portion commune. C\u2019est une v\u00e9loroute importante, nous croisons plus de cyclotouristes. Nous campons dans un club de cano\u00eb au bord du Rhin qui autorise le camping en tente.<\/p>\n\n\n\n<p>Nous poursuivons notre route jusqu\u2019\u00e0 L\u00f6rrach, toujours sur la S\u00fcdschwarzwald radweg o\u00f9 nous plantons notre tente au camping. Ensuite, nous prenons le train pour <strong><mark style=\"background-color:rgba(0, 0, 0, 0);color:#ffb126\" class=\"has-inline-color\">B\u00e2le<\/mark><\/strong> pour profiter d\u2019une petite pause culture et d\u2019une soir\u00e9e au bord du Rhin. Les b\u00e2lois utilise le fleuve pour se d\u00e9placer : ils mettent leurs affaires dans un sac \u00e9tanche, se jettent \u00e0 l\u2019eau et ressortent quelques centaines de m\u00e8tres plus loin ! B\u00e2le est aussi accessible \u00e0 v\u00e9lo depuis le camping avec des pistes cyclables, comme nous l\u2019exp\u00e9rimentons au retour (ayant rat\u00e9 le train).<\/p>\n\n\n\n<p>Le lendemain, nous p\u00e9dalons jusqu\u2019\u00e0 Staufen. C\u2019est notre premier \u00e9chec de camping : ils sont tous complets ! Nous choisissons de faire un tour \u00e0 la piscine municipale pour en profiter pour nous doucher puis partons chercher un spot de bivouac. Finalement, nous demandons \u00e0 planter notre tente dans le jardin d\u2019un h\u00f4tel restaurant. La propri\u00e9taire a \u00e9t\u00e9 absolument adorable et nous a offert le caf\u00e9 le lendemain.<\/p>\n\n\n\n<p>Nous en profitons pour visiter Staufen, tr\u00e8s mignonne petite ville avec son march\u00e9 tr\u00e8s dynamique et qui est au milieu de la <strong><mark style=\"background-color:rgba(0, 0, 0, 0);color:#ffb126\" class=\"has-inline-color\">zone viticole de Bade<\/mark><\/strong>. Nous en profitons pour faire une d\u00e9gustation chez des producteurs. Ici, <strong><mark style=\"background-color:rgba(0, 0, 0, 0);color:#ffb126\" class=\"has-inline-color\">tous les centre-ville sont pour les pi\u00e9tons<\/mark><\/strong> et les v\u00e9los, m\u00eame dans les petites villes rurales. C\u2019est tellement agr\u00e9able.<\/p>\n\n\n\t\t\t<style>\r\n                #foogallery-gallery-1885.fg-justified .fg-item {\r\n                    margin-right: 2px;\r\n                    margin-bottom: 2px;\r\n                }\r\n\r\n                #foogallery-gallery-1885.fg-justified .fg-image {\r\n                    height: 250px;\r\n                }\r\n\t\t\t<\/style>\r\n\t\t\t<div class=\"foogallery foogallery-container foogallery-justified foogallery-lightbox-foogallery fg-justified fg-light fg-loading-trail fg-loaded-fade-in fg-caption-always fg-hover-fade fg-hover-zoom2 fg-ready\" id=\"foogallery-gallery-1885\" data-foogallery=\"{&quot;item&quot;:{&quot;showCaptionTitle&quot;:false,&quot;showCaptionDescription&quot;:true},&quot;lazy&quot;:true,&quot;template&quot;:{&quot;rowHeight&quot;:250,&quot;maxRowHeight&quot;:250,&quot;margins&quot;:2,&quot;align&quot;:&quot;center&quot;,&quot;lastRow&quot;:&quot;smart&quot;}}\" data-foogallery-lightbox=\"{&quot;thumbs&quot;:&quot;bottom&quot;,&quot;thumbsCaptions&quot;:false,&quot;thumbsBestFit&quot;:false,&quot;thumbsSmall&quot;:false,&quot;thumbsCaptionsAlign&quot;:&quot;default&quot;,&quot;info&quot;:&quot;bottom&quot;,&quot;infoVisible&quot;:true,&quot;infoOverlay&quot;:true,&quot;infoAlign&quot;:&quot;default&quot;,&quot;transition&quot;:&quot;fade&quot;,&quot;hoverButtons&quot;:false,&quot;fitMedia&quot;:false,&quot;noScrollbars&quot;:true,&quot;preserveButtonSpace&quot;:true,&quot;buttons&quot;:{&quot;fullscreen&quot;:true,&quot;info&quot;:true,&quot;thumbs&quot;:false},&quot;video&quot;:{&quot;autoPlay&quot;:true}}\" >\r\n\t<div class=\"fg-item fg-type-image fg-idle\"><figure class=\"fg-item-inner\"><a href=\"https:\/\/charlotteabicyclette.com\/wp-content\/uploads\/2023\/11\/IMG_2877.jpg\" data-caption-desc=\"Au bord du Rhin\" data-attachment-id=\"1879\" data-type=\"image\" class=\"fg-thumb\"><span class=\"fg-image-wrap\"><img decoding=\"async\" height=\"250\" width=\"375\" class=\"skip-lazy fg-image\" data-src-fg=\"https:\/\/charlotteabicyclette.com\/wp-content\/uploads\/cache\/2023\/11\/IMG_2877\/2117731802.jpg\" data-srcset-fg=\"https:\/\/charlotteabicyclette.com\/wp-content\/uploads\/cache\/2023\/11\/IMG_2877\/888502097.jpg 4x\" src=\"data:image\/svg+xml,%3Csvg%20xmlns%3D%22http%3A%2F%2Fwww.w3.org%2F2000%2Fsvg%22%20width%3D%22375%22%20height%3D%22250%22%20viewBox%3D%220%200%20375%20250%22%3E%3C%2Fsvg%3E\" loading=\"eager\"><\/span><span class=\"fg-image-overlay\"><\/span><\/a><figcaption class=\"fg-caption\"><div class=\"fg-caption-inner\"><div class=\"fg-caption-desc\">Au bord du Rhin<\/div><\/div><\/figcaption><\/figure><div class=\"fg-loader\"><\/div><\/div><div class=\"fg-item fg-type-image fg-idle\"><figure class=\"fg-item-inner\"><a href=\"https:\/\/charlotteabicyclette.com\/wp-content\/uploads\/2023\/11\/IMG_2876.jpg\" data-caption-desc=\"Le Rhin\" data-attachment-id=\"1881\" data-type=\"image\" class=\"fg-thumb\"><span class=\"fg-image-wrap\"><img decoding=\"async\" height=\"250\" width=\"375\" class=\"skip-lazy fg-image\" data-src-fg=\"https:\/\/charlotteabicyclette.com\/wp-content\/uploads\/cache\/2023\/11\/IMG_2876\/2159591989.jpg\" data-srcset-fg=\"https:\/\/charlotteabicyclette.com\/wp-content\/uploads\/cache\/2023\/11\/IMG_2876\/2757696172.jpg 4x\" src=\"data:image\/svg+xml,%3Csvg%20xmlns%3D%22http%3A%2F%2Fwww.w3.org%2F2000%2Fsvg%22%20width%3D%22375%22%20height%3D%22250%22%20viewBox%3D%220%200%20375%20250%22%3E%3C%2Fsvg%3E\" loading=\"eager\"><\/span><span class=\"fg-image-overlay\"><\/span><\/a><figcaption class=\"fg-caption\"><div class=\"fg-caption-inner\"><div class=\"fg-caption-desc\">Le Rhin<\/div><\/div><\/figcaption><\/figure><div class=\"fg-loader\"><\/div><\/div><div class=\"fg-item fg-type-image fg-idle\"><figure class=\"fg-item-inner\"><a href=\"https:\/\/charlotteabicyclette.com\/wp-content\/uploads\/2023\/11\/IMG_2879.jpg\" data-caption-desc=\"Au bord du Rhin\" data-attachment-id=\"1875\" data-type=\"image\" class=\"fg-thumb\"><span class=\"fg-image-wrap\"><img decoding=\"async\" height=\"250\" width=\"375\" class=\"skip-lazy fg-image\" data-src-fg=\"https:\/\/charlotteabicyclette.com\/wp-content\/uploads\/cache\/2023\/11\/IMG_2879\/1995319550.jpg\" data-srcset-fg=\"https:\/\/charlotteabicyclette.com\/wp-content\/uploads\/cache\/2023\/11\/IMG_2879\/1376383079.jpg 4x\" src=\"data:image\/svg+xml,%3Csvg%20xmlns%3D%22http%3A%2F%2Fwww.w3.org%2F2000%2Fsvg%22%20width%3D%22375%22%20height%3D%22250%22%20viewBox%3D%220%200%20375%20250%22%3E%3C%2Fsvg%3E\" loading=\"eager\"><\/span><span class=\"fg-image-overlay\"><\/span><\/a><figcaption class=\"fg-caption\"><div class=\"fg-caption-inner\"><div class=\"fg-caption-desc\">Au bord du Rhin<\/div><\/div><\/figcaption><\/figure><div class=\"fg-loader\"><\/div><\/div><div class=\"fg-item fg-type-image fg-idle\"><figure class=\"fg-item-inner\"><a href=\"https:\/\/charlotteabicyclette.com\/wp-content\/uploads\/2023\/11\/IMG_2881.jpg\" data-caption-desc=\"A B\u00e2le, les gens descendent le courant pour se d\u00e9placer\" data-attachment-id=\"1882\" data-type=\"image\" class=\"fg-thumb\"><span class=\"fg-image-wrap\"><img decoding=\"async\" height=\"250\" width=\"167\" class=\"skip-lazy fg-image\" data-src-fg=\"https:\/\/charlotteabicyclette.com\/wp-content\/uploads\/cache\/2023\/11\/IMG_2881\/3207268376.jpg\" data-srcset-fg=\"https:\/\/charlotteabicyclette.com\/wp-content\/uploads\/cache\/2023\/11\/IMG_2881\/3814734790.jpg 4x\" src=\"data:image\/svg+xml,%3Csvg%20xmlns%3D%22http%3A%2F%2Fwww.w3.org%2F2000%2Fsvg%22%20width%3D%22167%22%20height%3D%22250%22%20viewBox%3D%220%200%20167%20250%22%3E%3C%2Fsvg%3E\" loading=\"eager\"><\/span><span class=\"fg-image-overlay\"><\/span><\/a><figcaption class=\"fg-caption\"><div class=\"fg-caption-inner\"><div class=\"fg-caption-desc\">A B\u00e2le, les gens descendent le courant pour se d\u00e9placer<\/div><\/div><\/figcaption><\/figure><div class=\"fg-loader\"><\/div><\/div><div class=\"fg-item fg-type-image fg-idle\"><figure class=\"fg-item-inner\"><a href=\"https:\/\/charlotteabicyclette.com\/wp-content\/uploads\/2023\/11\/IMG_2880.jpg\" data-attachment-id=\"1880\" data-type=\"image\" class=\"fg-thumb\"><span class=\"fg-image-wrap\"><img decoding=\"async\" height=\"250\" width=\"375\" class=\"skip-lazy fg-image\" data-src-fg=\"https:\/\/charlotteabicyclette.com\/wp-content\/uploads\/cache\/2023\/11\/IMG_2880\/1981545983.jpg\" data-srcset-fg=\"https:\/\/charlotteabicyclette.com\/wp-content\/uploads\/cache\/2023\/11\/IMG_2880\/1392256358.jpg 4x\" src=\"data:image\/svg+xml,%3Csvg%20xmlns%3D%22http%3A%2F%2Fwww.w3.org%2F2000%2Fsvg%22%20width%3D%22375%22%20height%3D%22250%22%20viewBox%3D%220%200%20375%20250%22%3E%3C%2Fsvg%3E\" loading=\"eager\"><\/span><span class=\"fg-image-overlay\"><\/span><\/a><figcaption class=\"fg-caption\"><div class=\"fg-caption-inner\"><\/div><\/figcaption><\/figure><div class=\"fg-loader\"><\/div><\/div><div class=\"fg-item fg-type-image fg-idle\"><figure class=\"fg-item-inner\"><a href=\"https:\/\/charlotteabicyclette.com\/wp-content\/uploads\/2023\/11\/IMG_2885.jpg\" data-caption-desc=\"Sur la route des vignes de Bade\" data-attachment-id=\"1877\" data-type=\"image\" class=\"fg-thumb\"><span class=\"fg-image-wrap\"><img decoding=\"async\" height=\"250\" width=\"375\" class=\"skip-lazy fg-image\" data-src-fg=\"https:\/\/charlotteabicyclette.com\/wp-content\/uploads\/cache\/2023\/11\/IMG_2885\/4217505561.jpg\" data-srcset-fg=\"https:\/\/charlotteabicyclette.com\/wp-content\/uploads\/cache\/2023\/11\/IMG_2885\/3750092672.jpg 4x\" src=\"data:image\/svg+xml,%3Csvg%20xmlns%3D%22http%3A%2F%2Fwww.w3.org%2F2000%2Fsvg%22%20width%3D%22375%22%20height%3D%22250%22%20viewBox%3D%220%200%20375%20250%22%3E%3C%2Fsvg%3E\" loading=\"eager\"><\/span><span class=\"fg-image-overlay\"><\/span><\/a><figcaption class=\"fg-caption\"><div class=\"fg-caption-inner\"><div class=\"fg-caption-desc\">Sur la route des vignes de Bade<\/div><\/div><\/figcaption><\/figure><div class=\"fg-loader\"><\/div><\/div><div class=\"fg-item fg-type-image fg-idle\"><figure class=\"fg-item-inner\"><a href=\"https:\/\/charlotteabicyclette.com\/wp-content\/uploads\/2023\/11\/IMG_2883-scaled.jpg\" data-caption-desc=\"Camping complet : dodo dans le jardin d\u2019un h\u00f4tel\" data-attachment-id=\"1876\" data-type=\"image\" class=\"fg-thumb\"><span class=\"fg-image-wrap\"><img decoding=\"async\" height=\"250\" width=\"167\" class=\"skip-lazy fg-image\" data-src-fg=\"https:\/\/charlotteabicyclette.com\/wp-content\/uploads\/cache\/2023\/11\/IMG_2883-scaled\/683370989.jpg\" data-srcset-fg=\"https:\/\/charlotteabicyclette.com\/wp-content\/uploads\/cache\/2023\/11\/IMG_2883-scaled\/4283547060.jpg 4x\" src=\"data:image\/svg+xml,%3Csvg%20xmlns%3D%22http%3A%2F%2Fwww.w3.org%2F2000%2Fsvg%22%20width%3D%22167%22%20height%3D%22250%22%20viewBox%3D%220%200%20167%20250%22%3E%3C%2Fsvg%3E\" loading=\"eager\"><\/span><span class=\"fg-image-overlay\"><\/span><\/a><figcaption class=\"fg-caption\"><div class=\"fg-caption-inner\"><div class=\"fg-caption-desc\">Camping complet : dodo dans le jardin d\u2019un h\u00f4tel<\/div><\/div><\/figcaption><\/figure><div class=\"fg-loader\"><\/div><\/div><div class=\"fg-item fg-type-image fg-idle\"><figure class=\"fg-item-inner\"><a href=\"https:\/\/charlotteabicyclette.com\/wp-content\/uploads\/2023\/11\/IMG_2884.jpg\" data-caption-desc=\"Staufen\" data-attachment-id=\"1878\" data-type=\"image\" class=\"fg-thumb\"><span class=\"fg-image-wrap\"><img decoding=\"async\" height=\"250\" width=\"167\" class=\"skip-lazy fg-image\" data-src-fg=\"https:\/\/charlotteabicyclette.com\/wp-content\/uploads\/cache\/2023\/11\/IMG_2884\/3229168756.jpg\" data-srcset-fg=\"https:\/\/charlotteabicyclette.com\/wp-content\/uploads\/cache\/2023\/11\/IMG_2884\/2620524458.jpg 4x\" src=\"data:image\/svg+xml,%3Csvg%20xmlns%3D%22http%3A%2F%2Fwww.w3.org%2F2000%2Fsvg%22%20width%3D%22167%22%20height%3D%22250%22%20viewBox%3D%220%200%20167%20250%22%3E%3C%2Fsvg%3E\" loading=\"eager\"><\/span><span class=\"fg-image-overlay\"><\/span><\/a><figcaption class=\"fg-caption\"><div class=\"fg-caption-inner\"><div class=\"fg-caption-desc\">Staufen<\/div><\/div><\/figcaption><\/figure><div class=\"fg-loader\"><\/div><\/div><div class=\"fg-item fg-type-image fg-idle\"><figure class=\"fg-item-inner\"><a href=\"https:\/\/charlotteabicyclette.com\/wp-content\/uploads\/2023\/11\/IMG_2882.jpg\" data-caption-desc=\"Au milieu des vignes de Bade\" data-attachment-id=\"1883\" data-type=\"image\" class=\"fg-thumb\"><span class=\"fg-image-wrap\"><img decoding=\"async\" height=\"250\" width=\"375\" class=\"skip-lazy fg-image\" data-src-fg=\"https:\/\/charlotteabicyclette.com\/wp-content\/uploads\/cache\/2023\/11\/IMG_2882\/3738302055.jpg\" data-srcset-fg=\"https:\/\/charlotteabicyclette.com\/wp-content\/uploads\/cache\/2023\/11\/IMG_2882\/4197854974.jpg 4x\" src=\"data:image\/svg+xml,%3Csvg%20xmlns%3D%22http%3A%2F%2Fwww.w3.org%2F2000%2Fsvg%22%20width%3D%22375%22%20height%3D%22250%22%20viewBox%3D%220%200%20375%20250%22%3E%3C%2Fsvg%3E\" loading=\"eager\"><\/span><span class=\"fg-image-overlay\"><\/span><\/a><figcaption class=\"fg-caption\"><div class=\"fg-caption-inner\"><div class=\"fg-caption-desc\">Au milieu des vignes de Bade<\/div><\/div><\/figcaption><\/figure><div class=\"fg-loader\"><\/div><\/div><\/div>\r\n\n\n\n<div style=\"height:27px\" aria-hidden=\"true\" class=\"wp-block-spacer\"><\/div>\n\n\n\n<h3 class=\"wp-block-heading\">Incursion en France<\/h3>\n\n\n\n<p>Avec regret, nous quittons la radweg. Elle nous aura offert de superbes passages en for\u00eat, entour\u00e9s d\u2019arbres, sans voitures mais pas sans d\u00e9nivel\u00e9. Nous faisons ensuite 30km et traversons la fronti\u00e8re pour trouver un camping fran\u00e7ais plus \u00e0 notre go\u00fbt : moins cher, avec un grand emplacement par tente et pas de multiples services. En revanche, <strong><mark style=\"background-color:rgba(0, 0, 0, 0);color:#ffb126\" class=\"has-inline-color\">au revoir les pistes cyclables<\/mark><\/strong> \u00e0 l\u2019instant m\u00eame o\u00f9 nous passons la fronti\u00e8re. Le lendemain, en laissant la tente au camping, je fais l\u2019aller-retour \u00e0 Neuf-Brisach. C\u2019est une cit\u00e9 Vauban (bien fran\u00e7aise, la place principale touristique est un gigantesque parking, on est loin des mignons centre-ville allemands). Il y a \u00e9galement un <strong><mark style=\"background-color:rgba(0, 0, 0, 0);color:#ffb126\" class=\"has-inline-color\">mus\u00e9e de street art dans un ancien fort militaire<\/mark><\/strong> que je prends le temps de visiter.<\/p>\n\n\n\t\t\t<style>\r\n                #foogallery-gallery-1892.fg-justified .fg-item {\r\n                    margin-right: 2px;\r\n                    margin-bottom: 2px;\r\n                }\r\n\r\n                #foogallery-gallery-1892.fg-justified .fg-image {\r\n                    height: 250px;\r\n                }\r\n\t\t\t<\/style>\r\n\t\t\t<div class=\"foogallery foogallery-container foogallery-justified foogallery-lightbox-foogallery fg-justified fg-light fg-loading-trail fg-loaded-fade-in fg-caption-always fg-hover-fade fg-hover-zoom2 fg-ready\" id=\"foogallery-gallery-1892\" data-foogallery=\"{&quot;item&quot;:{&quot;showCaptionTitle&quot;:false,&quot;showCaptionDescription&quot;:true},&quot;lazy&quot;:true,&quot;template&quot;:{&quot;rowHeight&quot;:250,&quot;maxRowHeight&quot;:250,&quot;margins&quot;:2,&quot;align&quot;:&quot;center&quot;,&quot;lastRow&quot;:&quot;smart&quot;}}\" data-foogallery-lightbox=\"{&quot;thumbs&quot;:&quot;bottom&quot;,&quot;thumbsCaptions&quot;:false,&quot;thumbsBestFit&quot;:false,&quot;thumbsSmall&quot;:false,&quot;thumbsCaptionsAlign&quot;:&quot;default&quot;,&quot;info&quot;:&quot;bottom&quot;,&quot;infoVisible&quot;:true,&quot;infoOverlay&quot;:true,&quot;infoAlign&quot;:&quot;default&quot;,&quot;transition&quot;:&quot;fade&quot;,&quot;hoverButtons&quot;:false,&quot;fitMedia&quot;:false,&quot;noScrollbars&quot;:true,&quot;preserveButtonSpace&quot;:true,&quot;buttons&quot;:{&quot;fullscreen&quot;:true,&quot;info&quot;:true,&quot;thumbs&quot;:false},&quot;video&quot;:{&quot;autoPlay&quot;:true}}\" >\r\n\t<div class=\"fg-item fg-type-image fg-idle\"><figure class=\"fg-item-inner\"><a href=\"https:\/\/charlotteabicyclette.com\/wp-content\/uploads\/2023\/11\/IMG_2886.jpg\" data-caption-desc=\"Street art \u00e0 Neuf-Brisach\" data-attachment-id=\"1887\" data-type=\"image\" class=\"fg-thumb\"><span class=\"fg-image-wrap\"><img decoding=\"async\" height=\"250\" width=\"167\" class=\"skip-lazy fg-image\" data-src-fg=\"https:\/\/charlotteabicyclette.com\/wp-content\/uploads\/cache\/2023\/11\/IMG_2886\/779057768.jpg\" data-srcset-fg=\"https:\/\/charlotteabicyclette.com\/wp-content\/uploads\/cache\/2023\/11\/IMG_2886\/1914980790.jpg 4x\" src=\"data:image\/svg+xml,%3Csvg%20xmlns%3D%22http%3A%2F%2Fwww.w3.org%2F2000%2Fsvg%22%20width%3D%22167%22%20height%3D%22250%22%20viewBox%3D%220%200%20167%20250%22%3E%3C%2Fsvg%3E\" loading=\"eager\"><\/span><span class=\"fg-image-overlay\"><\/span><\/a><figcaption class=\"fg-caption\"><div class=\"fg-caption-inner\"><div class=\"fg-caption-desc\">Street art \u00e0 Neuf-Brisach<\/div><\/div><\/figcaption><\/figure><div class=\"fg-loader\"><\/div><\/div><div class=\"fg-item fg-type-image fg-idle\"><figure class=\"fg-item-inner\"><a href=\"https:\/\/charlotteabicyclette.com\/wp-content\/uploads\/2023\/11\/IMG_2887.jpg\" data-caption-desc=\"Jean-Paul\" data-attachment-id=\"1889\" data-type=\"image\" class=\"fg-thumb\"><span class=\"fg-image-wrap\"><img decoding=\"async\" height=\"250\" width=\"167\" class=\"skip-lazy fg-image\" data-src-fg=\"https:\/\/charlotteabicyclette.com\/wp-content\/uploads\/cache\/2023\/11\/IMG_2887\/4194414745.jpg\" data-srcset-fg=\"https:\/\/charlotteabicyclette.com\/wp-content\/uploads\/cache\/2023\/11\/IMG_2887\/2789901127.jpg 4x\" src=\"data:image\/svg+xml,%3Csvg%20xmlns%3D%22http%3A%2F%2Fwww.w3.org%2F2000%2Fsvg%22%20width%3D%22167%22%20height%3D%22250%22%20viewBox%3D%220%200%20167%20250%22%3E%3C%2Fsvg%3E\" loading=\"eager\"><\/span><span class=\"fg-image-overlay\"><\/span><\/a><figcaption class=\"fg-caption\"><div class=\"fg-caption-inner\"><div class=\"fg-caption-desc\">Jean-Paul<\/div><\/div><\/figcaption><\/figure><div class=\"fg-loader\"><\/div><\/div><div class=\"fg-item fg-type-image fg-idle\"><figure class=\"fg-item-inner\"><a href=\"https:\/\/charlotteabicyclette.com\/wp-content\/uploads\/2023\/11\/IMG_2888.jpg\" data-attachment-id=\"1888\" data-type=\"image\" class=\"fg-thumb\"><span class=\"fg-image-wrap\"><img decoding=\"async\" height=\"250\" width=\"375\" class=\"skip-lazy fg-image\" data-src-fg=\"https:\/\/charlotteabicyclette.com\/wp-content\/uploads\/cache\/2023\/11\/IMG_2888\/3428080553.jpg\" data-srcset-fg=\"https:\/\/charlotteabicyclette.com\/wp-content\/uploads\/cache\/2023\/11\/IMG_2888\/2258315554.jpg 4x\" src=\"data:image\/svg+xml,%3Csvg%20xmlns%3D%22http%3A%2F%2Fwww.w3.org%2F2000%2Fsvg%22%20width%3D%22375%22%20height%3D%22250%22%20viewBox%3D%220%200%20375%20250%22%3E%3C%2Fsvg%3E\" loading=\"eager\"><\/span><span class=\"fg-image-overlay\"><\/span><\/a><figcaption class=\"fg-caption\"><div class=\"fg-caption-inner\"><\/div><\/figcaption><\/figure><div class=\"fg-loader\"><\/div><\/div><\/div>\r\n\n\n\n<div style=\"height:22px\" aria-hidden=\"true\" class=\"wp-block-spacer\"><\/div>\n\n\n\n<h3 class=\"wp-block-heading\">Retour en Allemagne<\/h3>\n\n\n\n<p>Direction Breisach-am-Rhein (la ville allemande jumelle de Neuf-Brisach), o\u00f9 nous prenons le train pour le nord jusqu\u2019\u00e0 Lahr. Depuis Lahr, apr\u00e8s une petite dizaine de km, nous arrivons dans notre camping. Comme d\u2019habitude, les tentes sont cens\u00e9es se mettre dans un tout petit champ l\u2019une \u00e0 c\u00f4t\u00e9 des autres mais nous obtenons l\u2019autorisation de nous installer dans un grand champ \u00e0 l\u2019arri\u00e8re. Le camping dispose d\u2019un <strong><mark style=\"background-color:rgba(0, 0, 0, 0);color:#ffb126\" class=\"has-inline-color\">tr\u00e8s grand espace de sauna <\/mark><\/strong>inclus dans le prix de l\u2019emplacement. On ne se prive pas pour en profiter.<\/p>\n\n\n\n<p>Dernier jour des vacances : nous faisons le trajet retour pour Lahr o\u00f9 nous prenons un train pour Offenbourg, puis pour Strasbourg d\u2019o\u00f9 part notre TGV du retour.<\/p>\n\n\n\t\t\t<style>\r\n                #foogallery-gallery-1893.fg-justified .fg-item {\r\n                    margin-right: 2px;\r\n                    margin-bottom: 2px;\r\n                }\r\n\r\n                #foogallery-gallery-1893.fg-justified .fg-image {\r\n                    height: 250px;\r\n                }\r\n\t\t\t<\/style>\r\n\t\t\t<div class=\"foogallery foogallery-container foogallery-justified foogallery-lightbox-foogallery fg-justified fg-light fg-loading-trail fg-loaded-fade-in fg-caption-always fg-hover-fade fg-hover-zoom2 fg-ready\" id=\"foogallery-gallery-1893\" data-foogallery=\"{&quot;item&quot;:{&quot;showCaptionTitle&quot;:false,&quot;showCaptionDescription&quot;:true},&quot;lazy&quot;:true,&quot;template&quot;:{&quot;rowHeight&quot;:250,&quot;maxRowHeight&quot;:250,&quot;margins&quot;:2,&quot;align&quot;:&quot;center&quot;,&quot;lastRow&quot;:&quot;smart&quot;}}\" data-foogallery-lightbox=\"{&quot;thumbs&quot;:&quot;bottom&quot;,&quot;thumbsCaptions&quot;:false,&quot;thumbsBestFit&quot;:false,&quot;thumbsSmall&quot;:false,&quot;thumbsCaptionsAlign&quot;:&quot;default&quot;,&quot;info&quot;:&quot;bottom&quot;,&quot;infoVisible&quot;:true,&quot;infoOverlay&quot;:true,&quot;infoAlign&quot;:&quot;default&quot;,&quot;transition&quot;:&quot;fade&quot;,&quot;hoverButtons&quot;:false,&quot;fitMedia&quot;:false,&quot;noScrollbars&quot;:true,&quot;preserveButtonSpace&quot;:true,&quot;buttons&quot;:{&quot;fullscreen&quot;:true,&quot;info&quot;:true,&quot;thumbs&quot;:false},&quot;video&quot;:{&quot;autoPlay&quot;:true}}\" >\r\n\t<div class=\"fg-item fg-type-image fg-idle\"><figure class=\"fg-item-inner\"><a href=\"https:\/\/charlotteabicyclette.com\/wp-content\/uploads\/2023\/11\/IMG_2889.jpg\" data-caption-desc=\"Dernier camping, seule dans le champ\" data-attachment-id=\"1891\" data-type=\"image\" class=\"fg-thumb\"><span class=\"fg-image-wrap\"><img decoding=\"async\" height=\"250\" width=\"167\" class=\"skip-lazy fg-image\" data-src-fg=\"https:\/\/charlotteabicyclette.com\/wp-content\/uploads\/cache\/2023\/11\/IMG_2889\/4205062863.jpg\" data-srcset-fg=\"https:\/\/charlotteabicyclette.com\/wp-content\/uploads\/cache\/2023\/11\/IMG_2889\/2800687377.jpg 4x\" src=\"data:image\/svg+xml,%3Csvg%20xmlns%3D%22http%3A%2F%2Fwww.w3.org%2F2000%2Fsvg%22%20width%3D%22167%22%20height%3D%22250%22%20viewBox%3D%220%200%20167%20250%22%3E%3C%2Fsvg%3E\" loading=\"eager\"><\/span><span class=\"fg-image-overlay\"><\/span><\/a><figcaption class=\"fg-caption\"><div class=\"fg-caption-inner\"><div class=\"fg-caption-desc\">Dernier camping, seule dans le champ<\/div><\/div><\/figcaption><\/figure><div class=\"fg-loader\"><\/div><\/div><div class=\"fg-item fg-type-image fg-idle\"><figure class=\"fg-item-inner\"><a href=\"https:\/\/charlotteabicyclette.com\/wp-content\/uploads\/2023\/11\/IMG_2890.jpg\" data-caption-desc=\"Derni\u00e8re bratwurst\" data-attachment-id=\"1890\" data-type=\"image\" class=\"fg-thumb\"><span class=\"fg-image-wrap\"><img decoding=\"async\" height=\"250\" width=\"167\" class=\"skip-lazy fg-image\" data-src-fg=\"https:\/\/charlotteabicyclette.com\/wp-content\/uploads\/cache\/2023\/11\/IMG_2890\/501603387.jpg\" data-srcset-fg=\"https:\/\/charlotteabicyclette.com\/wp-content\/uploads\/cache\/2023\/11\/IMG_2890\/1101983717.jpg 4x\" src=\"data:image\/svg+xml,%3Csvg%20xmlns%3D%22http%3A%2F%2Fwww.w3.org%2F2000%2Fsvg%22%20width%3D%22167%22%20height%3D%22250%22%20viewBox%3D%220%200%20167%20250%22%3E%3C%2Fsvg%3E\" loading=\"eager\"><\/span><span class=\"fg-image-overlay\"><\/span><\/a><figcaption class=\"fg-caption\"><div class=\"fg-caption-inner\"><div class=\"fg-caption-desc\">Derni\u00e8re bratwurst<\/div><\/div><\/figcaption><\/figure><div class=\"fg-loader\"><\/div><\/div><\/div>\r\n\n\n\n<div style=\"height:30px\" aria-hidden=\"true\" class=\"wp-block-spacer\"><\/div>\n\n\n\n<h2 class=\"wp-block-heading has-text-color has-link-color wp-elements-ff141aefd13864fc41d3ffee49a34176\" style=\"color:#0092b3\">Conclusion<\/h2>\n\n\n\n<p>L\u2019Allemagne et la For\u00eat Noire, avec ses <strong><mark style=\"background-color:rgba(0, 0, 0, 0);color:#ffb126\" class=\"has-inline-color\">pistes cyclables 4 \u00e9toiles<\/mark><\/strong>, se pr\u00eate parfaitement aux vacances \u00e0 v\u00e9lo. La For\u00eat Noire offre tous les paysages qu\u2019on souhaite avoir en vacances \u00e0 v\u00e9lo, moyennant quelques d\u00e9nivel\u00e9s. Entre les pistes au milieu des arbres et les visites culturelles \u00e0 Fribourg, la For\u00eat Noire offre suffisamment de diversit\u00e9 pour un long s\u00e9jour. A v\u00e9lo, combin\u00e9 avec le train, on peut visiter pas mal de choses.<\/p>\n\n\n\t\t\t<style>\r\n                #foogallery-gallery-1896.fg-justified .fg-item {\r\n                    margin-right: 2px;\r\n                    margin-bottom: 2px;\r\n                }\r\n\r\n                #foogallery-gallery-1896.fg-justified .fg-image {\r\n                    height: 250px;\r\n                }\r\n\t\t\t<\/style>\r\n\t\t\t<div class=\"foogallery foogallery-container foogallery-justified foogallery-lightbox-foogallery fg-justified fg-light fg-loading-trail fg-loaded-fade-in fg-caption-always fg-hover-fade fg-hover-zoom2 fg-ready\" id=\"foogallery-gallery-1896\" data-foogallery=\"{&quot;item&quot;:{&quot;showCaptionTitle&quot;:false,&quot;showCaptionDescription&quot;:true},&quot;lazy&quot;:true,&quot;template&quot;:{&quot;rowHeight&quot;:250,&quot;maxRowHeight&quot;:250,&quot;margins&quot;:2,&quot;align&quot;:&quot;center&quot;,&quot;lastRow&quot;:&quot;smart&quot;}}\" data-foogallery-lightbox=\"{&quot;thumbs&quot;:&quot;bottom&quot;,&quot;thumbsCaptions&quot;:false,&quot;thumbsBestFit&quot;:false,&quot;thumbsSmall&quot;:false,&quot;thumbsCaptionsAlign&quot;:&quot;default&quot;,&quot;info&quot;:&quot;bottom&quot;,&quot;infoVisible&quot;:true,&quot;infoOverlay&quot;:true,&quot;infoAlign&quot;:&quot;default&quot;,&quot;transition&quot;:&quot;fade&quot;,&quot;hoverButtons&quot;:false,&quot;fitMedia&quot;:false,&quot;noScrollbars&quot;:true,&quot;preserveButtonSpace&quot;:true,&quot;buttons&quot;:{&quot;fullscreen&quot;:true,&quot;info&quot;:true,&quot;thumbs&quot;:false},&quot;video&quot;:{&quot;autoPlay&quot;:true}}\" >\r\n\t<div class=\"fg-item fg-type-image fg-idle\"><figure class=\"fg-item-inner\"><a href=\"https:\/\/charlotteabicyclette.com\/wp-content\/uploads\/2023\/11\/DJI_0327.jpg\" data-attachment-id=\"1895\" data-type=\"image\" class=\"fg-thumb\"><span class=\"fg-image-wrap\"><img decoding=\"async\" height=\"250\" width=\"333\" class=\"skip-lazy fg-image\" data-src-fg=\"https:\/\/charlotteabicyclette.com\/wp-content\/uploads\/cache\/2023\/11\/DJI_0327\/371714327.jpg\" data-srcset-fg=\"https:\/\/charlotteabicyclette.com\/wp-content\/uploads\/cache\/2023\/11\/DJI_0327\/1305650522.jpg 4x\" src=\"data:image\/svg+xml,%3Csvg%20xmlns%3D%22http%3A%2F%2Fwww.w3.org%2F2000%2Fsvg%22%20width%3D%22333%22%20height%3D%22250%22%20viewBox%3D%220%200%20333%20250%22%3E%3C%2Fsvg%3E\" loading=\"eager\"><\/span><span class=\"fg-image-overlay\"><\/span><\/a><figcaption class=\"fg-caption\"><div class=\"fg-caption-inner\"><\/div><\/figcaption><\/figure><div class=\"fg-loader\"><\/div><\/div><\/div>\r\n","protected":false},"excerpt":{"rendered":"<p>Pour l\u2019\u00e9t\u00e9 2023, j\u2019ai choisi de passer 2 semaines de vacances \u00e0 v\u00e9lo en For\u00eat Noire, en suivant plus ou moins des v\u00e9loroutes suivant les envies. La For\u00eat Noire n\u2019est pas particuli\u00e8rement plate. Donc j\u2019ai combin\u00e9 le v\u00e9lo avec le train sur de nombreuses portions de trajets pour \u00e9viter des mont\u00e9es ou des tron\u00e7ons sans [&hellip;]<\/p>\n","protected":false},"author":1,"featured_media":1821,"comment_status":"open","ping_status":"open","sticky":false,"template":"","format":"standard","meta":{"footnotes":""},"categories":[30],"tags":[82,90,91],"class_list":["post-1802","post","type-post","status-publish","format-standard","has-post-thumbnail","hentry","category-aventures-au-long-cours","tag-allemagne","tag-foret-noire-2","tag-sudschwarzwald-radweg"],"yoast_head":"<!-- This site is optimized with the Yoast SEO plugin v24.9 - https:\/\/yoast.com\/wordpress\/plugins\/seo\/ -->\n<title>2 semaines en vacances \u00e0 v\u00e9lo en For\u00eat Noire - CHARLOTTE A BICYCLETTE<\/title>\n<meta name=\"description\" content=\"Parcours et infos pratiques pour 2 semaines de vacances \u00e0 v\u00e9lo en For\u00eat Noire : S\u00fcdschwarzwald radweg, Fribourg, Kinzigtal radweg.\" \/>\n<meta name=\"robots\" content=\"index, follow, max-snippet:-1, max-image-preview:large, max-video-preview:-1\" \/>\n<link rel=\"canonical\" href=\"https:\/\/charlotteabicyclette.com\/index.php\/2023\/11\/07\/2-semaines-vacances-velo-foret-noire\/\" \/>\n<meta property=\"og:locale\" content=\"en_US\" \/>\n<meta property=\"og:type\" content=\"article\" \/>\n<meta property=\"og:title\" content=\"2 semaines en vacances \u00e0 v\u00e9lo en For\u00eat Noire - CHARLOTTE A BICYCLETTE\" \/>\n<meta property=\"og:description\" content=\"Parcours et infos pratiques pour 2 semaines de vacances \u00e0 v\u00e9lo en For\u00eat Noire : S\u00fcdschwarzwald radweg, Fribourg, Kinzigtal radweg.\" \/>\n<meta property=\"og:url\" content=\"https:\/\/charlotteabicyclette.com\/index.php\/2023\/11\/07\/2-semaines-vacances-velo-foret-noire\/\" \/>\n<meta property=\"og:site_name\" content=\"CHARLOTTE A BICYCLETTE\" \/>\n<meta property=\"article:publisher\" content=\"http:\/\/fb.me\/charlotteabicyclette\" \/>\n<meta property=\"article:published_time\" content=\"2023-11-07T22:20:24+00:00\" \/>\n<meta property=\"article:modified_time\" content=\"2023-11-07T22:20:26+00:00\" \/>\n<meta property=\"og:image\" content=\"https:\/\/charlotteabicyclette.com\/wp-content\/uploads\/2023\/11\/DJI_0322-scaled.jpg\" \/>\n\t<meta property=\"og:image:width\" content=\"2560\" \/>\n\t<meta property=\"og:image:height\" content=\"1706\" \/>\n\t<meta property=\"og:image:type\" content=\"image\/jpeg\" \/>\n<meta name=\"author\" content=\"Charlotte\" \/>\n<meta name=\"twitter:card\" content=\"summary_large_image\" \/>\n<meta name=\"twitter:label1\" content=\"Written by\" \/>\n\t<meta name=\"twitter:data1\" content=\"Charlotte\" \/>\n\t<meta name=\"twitter:label2\" content=\"Est. reading time\" \/>\n\t<meta name=\"twitter:data2\" content=\"8 minutes\" \/>\n<script type=\"application\/ld+json\" class=\"yoast-schema-graph\">{\"@context\":\"https:\/\/schema.org\",\"@graph\":[{\"@type\":\"Article\",\"@id\":\"https:\/\/charlotteabicyclette.com\/index.php\/2023\/11\/07\/2-semaines-vacances-velo-foret-noire\/#article\",\"isPartOf\":{\"@id\":\"https:\/\/charlotteabicyclette.com\/index.php\/2023\/11\/07\/2-semaines-vacances-velo-foret-noire\/\"},\"author\":{\"name\":\"Charlotte\",\"@id\":\"https:\/\/charlotteabicyclette.com\/#\/schema\/person\/43150260ccd3fa1831cfe26d9ce7b447\"},\"headline\":\"2 semaines en vacances \u00e0 v\u00e9lo en For\u00eat Noire\",\"datePublished\":\"2023-11-07T22:20:24+00:00\",\"dateModified\":\"2023-11-07T22:20:26+00:00\",\"mainEntityOfPage\":{\"@id\":\"https:\/\/charlotteabicyclette.com\/index.php\/2023\/11\/07\/2-semaines-vacances-velo-foret-noire\/\"},\"wordCount\":1794,\"commentCount\":0,\"publisher\":{\"@id\":\"https:\/\/charlotteabicyclette.com\/#organization\"},\"image\":{\"@id\":\"https:\/\/charlotteabicyclette.com\/index.php\/2023\/11\/07\/2-semaines-vacances-velo-foret-noire\/#primaryimage\"},\"thumbnailUrl\":\"https:\/\/charlotteabicyclette.com\/wp-content\/uploads\/2023\/11\/DJI_0322-scaled.jpg\",\"keywords\":[\"Allemagne\",\"For\u00eat noire\",\"S\u00fcdschwarzwald radweg\"],\"articleSection\":[\"Aventures au long cours\"],\"inLanguage\":\"en-US\",\"potentialAction\":[{\"@type\":\"CommentAction\",\"name\":\"Comment\",\"target\":[\"https:\/\/charlotteabicyclette.com\/index.php\/2023\/11\/07\/2-semaines-vacances-velo-foret-noire\/#respond\"]}]},{\"@type\":\"WebPage\",\"@id\":\"https:\/\/charlotteabicyclette.com\/index.php\/2023\/11\/07\/2-semaines-vacances-velo-foret-noire\/\",\"url\":\"https:\/\/charlotteabicyclette.com\/index.php\/2023\/11\/07\/2-semaines-vacances-velo-foret-noire\/\",\"name\":\"2 semaines en vacances \u00e0 v\u00e9lo en For\u00eat Noire - CHARLOTTE A BICYCLETTE\",\"isPartOf\":{\"@id\":\"https:\/\/charlotteabicyclette.com\/#website\"},\"primaryImageOfPage\":{\"@id\":\"https:\/\/charlotteabicyclette.com\/index.php\/2023\/11\/07\/2-semaines-vacances-velo-foret-noire\/#primaryimage\"},\"image\":{\"@id\":\"https:\/\/charlotteabicyclette.com\/index.php\/2023\/11\/07\/2-semaines-vacances-velo-foret-noire\/#primaryimage\"},\"thumbnailUrl\":\"https:\/\/charlotteabicyclette.com\/wp-content\/uploads\/2023\/11\/DJI_0322-scaled.jpg\",\"datePublished\":\"2023-11-07T22:20:24+00:00\",\"dateModified\":\"2023-11-07T22:20:26+00:00\",\"description\":\"Parcours et infos pratiques pour 2 semaines de vacances \u00e0 v\u00e9lo en For\u00eat Noire : S\u00fcdschwarzwald radweg, Fribourg, Kinzigtal radweg.\",\"breadcrumb\":{\"@id\":\"https:\/\/charlotteabicyclette.com\/index.php\/2023\/11\/07\/2-semaines-vacances-velo-foret-noire\/#breadcrumb\"},\"inLanguage\":\"en-US\",\"potentialAction\":[{\"@type\":\"ReadAction\",\"target\":[\"https:\/\/charlotteabicyclette.com\/index.php\/2023\/11\/07\/2-semaines-vacances-velo-foret-noire\/\"]}]},{\"@type\":\"ImageObject\",\"inLanguage\":\"en-US\",\"@id\":\"https:\/\/charlotteabicyclette.com\/index.php\/2023\/11\/07\/2-semaines-vacances-velo-foret-noire\/#primaryimage\",\"url\":\"https:\/\/charlotteabicyclette.com\/wp-content\/uploads\/2023\/11\/DJI_0322-scaled.jpg\",\"contentUrl\":\"https:\/\/charlotteabicyclette.com\/wp-content\/uploads\/2023\/11\/DJI_0322-scaled.jpg\",\"width\":2560,\"height\":1706},{\"@type\":\"BreadcrumbList\",\"@id\":\"https:\/\/charlotteabicyclette.com\/index.php\/2023\/11\/07\/2-semaines-vacances-velo-foret-noire\/#breadcrumb\",\"itemListElement\":[{\"@type\":\"ListItem\",\"position\":1,\"name\":\"Accueil\",\"item\":\"https:\/\/charlotteabicyclette.com\/\"},{\"@type\":\"ListItem\",\"position\":2,\"name\":\"2 semaines en vacances \u00e0 v\u00e9lo en For\u00eat Noire\"}]},{\"@type\":\"WebSite\",\"@id\":\"https:\/\/charlotteabicyclette.com\/#website\",\"url\":\"https:\/\/charlotteabicyclette.com\/\",\"name\":\"CHARLOTTE A BICYCLETTE\",\"description\":\"Aventures \u00e0 v\u00e9lo\",\"publisher\":{\"@id\":\"https:\/\/charlotteabicyclette.com\/#organization\"},\"potentialAction\":[{\"@type\":\"SearchAction\",\"target\":{\"@type\":\"EntryPoint\",\"urlTemplate\":\"https:\/\/charlotteabicyclette.com\/?s={search_term_string}\"},\"query-input\":{\"@type\":\"PropertyValueSpecification\",\"valueRequired\":true,\"valueName\":\"search_term_string\"}}],\"inLanguage\":\"en-US\"},{\"@type\":\"Organization\",\"@id\":\"https:\/\/charlotteabicyclette.com\/#organization\",\"name\":\"Charlotte \u00e0 bicyclette\",\"url\":\"https:\/\/charlotteabicyclette.com\/\",\"logo\":{\"@type\":\"ImageObject\",\"inLanguage\":\"en-US\",\"@id\":\"https:\/\/charlotteabicyclette.com\/#\/schema\/logo\/image\/\",\"url\":\"https:\/\/charlotteabicyclette.com\/wp-content\/uploads\/2020\/02\/Charlotte-\u00e0-bicyclette-logo-A4-1.png\",\"contentUrl\":\"https:\/\/charlotteabicyclette.com\/wp-content\/uploads\/2020\/02\/Charlotte-\u00e0-bicyclette-logo-A4-1.png\",\"width\":8334,\"height\":8335,\"caption\":\"Charlotte \u00e0 bicyclette\"},\"image\":{\"@id\":\"https:\/\/charlotteabicyclette.com\/#\/schema\/logo\/image\/\"},\"sameAs\":[\"http:\/\/fb.me\/charlotteabicyclette\",\"https:\/\/www.instagram.com\/charlotteabicyclette\/\"]},{\"@type\":\"Person\",\"@id\":\"https:\/\/charlotteabicyclette.com\/#\/schema\/person\/43150260ccd3fa1831cfe26d9ce7b447\",\"name\":\"Charlotte\",\"image\":{\"@type\":\"ImageObject\",\"inLanguage\":\"en-US\",\"@id\":\"https:\/\/charlotteabicyclette.com\/#\/schema\/person\/image\/\",\"url\":\"https:\/\/secure.gravatar.com\/avatar\/20fd74ff441eb3d0fd0a228c0f0c07db?s=96&d=mm&r=g\",\"contentUrl\":\"https:\/\/secure.gravatar.com\/avatar\/20fd74ff441eb3d0fd0a228c0f0c07db?s=96&d=mm&r=g\",\"caption\":\"Charlotte\"}}]}<\/script>\n<!-- \/ Yoast SEO plugin. -->","yoast_head_json":{"title":"2 semaines en vacances \u00e0 v\u00e9lo en For\u00eat Noire - CHARLOTTE A BICYCLETTE","description":"Parcours et infos pratiques pour 2 semaines de vacances \u00e0 v\u00e9lo en For\u00eat Noire : S\u00fcdschwarzwald radweg, Fribourg, Kinzigtal radweg.","robots":{"index":"index","follow":"follow","max-snippet":"max-snippet:-1","max-image-preview":"max-image-preview:large","max-video-preview":"max-video-preview:-1"},"canonical":"https:\/\/charlotteabicyclette.com\/index.php\/2023\/11\/07\/2-semaines-vacances-velo-foret-noire\/","og_locale":"en_US","og_type":"article","og_title":"2 semaines en vacances \u00e0 v\u00e9lo en For\u00eat Noire - CHARLOTTE A BICYCLETTE","og_description":"Parcours et infos pratiques pour 2 semaines de vacances \u00e0 v\u00e9lo en For\u00eat Noire : S\u00fcdschwarzwald radweg, Fribourg, Kinzigtal radweg.","og_url":"https:\/\/charlotteabicyclette.com\/index.php\/2023\/11\/07\/2-semaines-vacances-velo-foret-noire\/","og_site_name":"CHARLOTTE A BICYCLETTE","article_publisher":"http:\/\/fb.me\/charlotteabicyclette","article_published_time":"2023-11-07T22:20:24+00:00","article_modified_time":"2023-11-07T22:20:26+00:00","og_image":[{"width":2560,"height":1706,"url":"https:\/\/charlotteabicyclette.com\/wp-content\/uploads\/2023\/11\/DJI_0322-scaled.jpg","type":"image\/jpeg"}],"author":"Charlotte","twitter_card":"summary_large_image","twitter_misc":{"Written by":"Charlotte","Est. reading time":"8 minutes"},"schema":{"@context":"https:\/\/schema.org","@graph":[{"@type":"Article","@id":"https:\/\/charlotteabicyclette.com\/index.php\/2023\/11\/07\/2-semaines-vacances-velo-foret-noire\/#article","isPartOf":{"@id":"https:\/\/charlotteabicyclette.com\/index.php\/2023\/11\/07\/2-semaines-vacances-velo-foret-noire\/"},"author":{"name":"Charlotte","@id":"https:\/\/charlotteabicyclette.com\/#\/schema\/person\/43150260ccd3fa1831cfe26d9ce7b447"},"headline":"2 semaines en vacances \u00e0 v\u00e9lo en For\u00eat Noire","datePublished":"2023-11-07T22:20:24+00:00","dateModified":"2023-11-07T22:20:26+00:00","mainEntityOfPage":{"@id":"https:\/\/charlotteabicyclette.com\/index.php\/2023\/11\/07\/2-semaines-vacances-velo-foret-noire\/"},"wordCount":1794,"commentCount":0,"publisher":{"@id":"https:\/\/charlotteabicyclette.com\/#organization"},"image":{"@id":"https:\/\/charlotteabicyclette.com\/index.php\/2023\/11\/07\/2-semaines-vacances-velo-foret-noire\/#primaryimage"},"thumbnailUrl":"https:\/\/charlotteabicyclette.com\/wp-content\/uploads\/2023\/11\/DJI_0322-scaled.jpg","keywords":["Allemagne","For\u00eat noire","S\u00fcdschwarzwald radweg"],"articleSection":["Aventures au long cours"],"inLanguage":"en-US","potentialAction":[{"@type":"CommentAction","name":"Comment","target":["https:\/\/charlotteabicyclette.com\/index.php\/2023\/11\/07\/2-semaines-vacances-velo-foret-noire\/#respond"]}]},{"@type":"WebPage","@id":"https:\/\/charlotteabicyclette.com\/index.php\/2023\/11\/07\/2-semaines-vacances-velo-foret-noire\/","url":"https:\/\/charlotteabicyclette.com\/index.php\/2023\/11\/07\/2-semaines-vacances-velo-foret-noire\/","name":"2 semaines en vacances \u00e0 v\u00e9lo en For\u00eat Noire - CHARLOTTE A BICYCLETTE","isPartOf":{"@id":"https:\/\/charlotteabicyclette.com\/#website"},"primaryImageOfPage":{"@id":"https:\/\/charlotteabicyclette.com\/index.php\/2023\/11\/07\/2-semaines-vacances-velo-foret-noire\/#primaryimage"},"image":{"@id":"https:\/\/charlotteabicyclette.com\/index.php\/2023\/11\/07\/2-semaines-vacances-velo-foret-noire\/#primaryimage"},"thumbnailUrl":"https:\/\/charlotteabicyclette.com\/wp-content\/uploads\/2023\/11\/DJI_0322-scaled.jpg","datePublished":"2023-11-07T22:20:24+00:00","dateModified":"2023-11-07T22:20:26+00:00","description":"Parcours et infos pratiques pour 2 semaines de vacances \u00e0 v\u00e9lo en For\u00eat Noire : S\u00fcdschwarzwald radweg, Fribourg, Kinzigtal radweg.","breadcrumb":{"@id":"https:\/\/charlotteabicyclette.com\/index.php\/2023\/11\/07\/2-semaines-vacances-velo-foret-noire\/#breadcrumb"},"inLanguage":"en-US","potentialAction":[{"@type":"ReadAction","target":["https:\/\/charlotteabicyclette.com\/index.php\/2023\/11\/07\/2-semaines-vacances-velo-foret-noire\/"]}]},{"@type":"ImageObject","inLanguage":"en-US","@id":"https:\/\/charlotteabicyclette.com\/index.php\/2023\/11\/07\/2-semaines-vacances-velo-foret-noire\/#primaryimage","url":"https:\/\/charlotteabicyclette.com\/wp-content\/uploads\/2023\/11\/DJI_0322-scaled.jpg","contentUrl":"https:\/\/charlotteabicyclette.com\/wp-content\/uploads\/2023\/11\/DJI_0322-scaled.jpg","width":2560,"height":1706},{"@type":"BreadcrumbList","@id":"https:\/\/charlotteabicyclette.com\/index.php\/2023\/11\/07\/2-semaines-vacances-velo-foret-noire\/#breadcrumb","itemListElement":[{"@type":"ListItem","position":1,"name":"Accueil","item":"https:\/\/charlotteabicyclette.com\/"},{"@type":"ListItem","position":2,"name":"2 semaines en vacances \u00e0 v\u00e9lo en For\u00eat Noire"}]},{"@type":"WebSite","@id":"https:\/\/charlotteabicyclette.com\/#website","url":"https:\/\/charlotteabicyclette.com\/","name":"CHARLOTTE A BICYCLETTE","description":"Aventures \u00e0 v\u00e9lo","publisher":{"@id":"https:\/\/charlotteabicyclette.com\/#organization"},"potentialAction":[{"@type":"SearchAction","target":{"@type":"EntryPoint","urlTemplate":"https:\/\/charlotteabicyclette.com\/?s={search_term_string}"},"query-input":{"@type":"PropertyValueSpecification","valueRequired":true,"valueName":"search_term_string"}}],"inLanguage":"en-US"},{"@type":"Organization","@id":"https:\/\/charlotteabicyclette.com\/#organization","name":"Charlotte \u00e0 bicyclette","url":"https:\/\/charlotteabicyclette.com\/","logo":{"@type":"ImageObject","inLanguage":"en-US","@id":"https:\/\/charlotteabicyclette.com\/#\/schema\/logo\/image\/","url":"https:\/\/charlotteabicyclette.com\/wp-content\/uploads\/2020\/02\/Charlotte-\u00e0-bicyclette-logo-A4-1.png","contentUrl":"https:\/\/charlotteabicyclette.com\/wp-content\/uploads\/2020\/02\/Charlotte-\u00e0-bicyclette-logo-A4-1.png","width":8334,"height":8335,"caption":"Charlotte \u00e0 bicyclette"},"image":{"@id":"https:\/\/charlotteabicyclette.com\/#\/schema\/logo\/image\/"},"sameAs":["http:\/\/fb.me\/charlotteabicyclette","https:\/\/www.instagram.com\/charlotteabicyclette\/"]},{"@type":"Person","@id":"https:\/\/charlotteabicyclette.com\/#\/schema\/person\/43150260ccd3fa1831cfe26d9ce7b447","name":"Charlotte","image":{"@type":"ImageObject","inLanguage":"en-US","@id":"https:\/\/charlotteabicyclette.com\/#\/schema\/person\/image\/","url":"https:\/\/secure.gravatar.com\/avatar\/20fd74ff441eb3d0fd0a228c0f0c07db?s=96&d=mm&r=g","contentUrl":"https:\/\/secure.gravatar.com\/avatar\/20fd74ff441eb3d0fd0a228c0f0c07db?s=96&d=mm&r=g","caption":"Charlotte"}}]}},"_links":{"self":[{"href":"https:\/\/charlotteabicyclette.com\/index.php\/wp-json\/wp\/v2\/posts\/1802","targetHints":{"allow":["GET"]}}],"collection":[{"href":"https:\/\/charlotteabicyclette.com\/index.php\/wp-json\/wp\/v2\/posts"}],"about":[{"href":"https:\/\/charlotteabicyclette.com\/index.php\/wp-json\/wp\/v2\/types\/post"}],"author":[{"embeddable":true,"href":"https:\/\/charlotteabicyclette.com\/index.php\/wp-json\/wp\/v2\/users\/1"}],"replies":[{"embeddable":true,"href":"https:\/\/charlotteabicyclette.com\/index.php\/wp-json\/wp\/v2\/comments?post=1802"}],"version-history":[{"count":26,"href":"https:\/\/charlotteabicyclette.com\/index.php\/wp-json\/wp\/v2\/posts\/1802\/revisions"}],"predecessor-version":[{"id":1901,"href":"https:\/\/charlotteabicyclette.com\/index.php\/wp-json\/wp\/v2\/posts\/1802\/revisions\/1901"}],"wp:featuredmedia":[{"embeddable":true,"href":"https:\/\/charlotteabicyclette.com\/index.php\/wp-json\/wp\/v2\/media\/1821"}],"wp:attachment":[{"href":"https:\/\/charlotteabicyclette.com\/index.php\/wp-json\/wp\/v2\/media?parent=1802"}],"wp:term":[{"taxonomy":"category","embeddable":true,"href":"https:\/\/charlotteabicyclette.com\/index.php\/wp-json\/wp\/v2\/categories?post=1802"},{"taxonomy":"post_tag","embeddable":true,"href":"https:\/\/charlotteabicyclette.com\/index.php\/wp-json\/wp\/v2\/tags?post=1802"}],"curies":[{"name":"wp","href":"https:\/\/api.w.org\/{rel}","templated":true}]}}