{"id":818,"date":"2018-04-14T09:15:00","date_gmt":"2018-04-14T07:15:00","guid":{"rendered":"https:\/\/charlotteabicyclette.com\/?p=818"},"modified":"2021-04-14T09:23:57","modified_gmt":"2021-04-14T07:23:57","slug":"3j-velodyssee-la-rochelle-medoc","status":"publish","type":"post","link":"https:\/\/charlotteabicyclette.com\/index.php\/2018\/04\/14\/3j-velodyssee-la-rochelle-medoc\/","title":{"rendered":"3j \u00e0 v\u00e9lo sur la V\u00e9lodyss\u00e9e entre La Rochelle et le M\u00e9doc"},"content":{"rendered":"\n<p>Fin septembre 2018, pour profiter de la fin des beaux jours avant que la baisse des temp\u00e9ratures ne nous force \u00e0 hiberner, je convaincs l&#8217;un de mes amis de partir <strong><span style=\"color:#ffb126\" class=\"has-inline-color\">3 jours en microaventure \u00e0 v\u00e9lo sur la V\u00e9lodyss\u00e9e<\/span><\/strong> au d\u00e9part de La Rochelle puis dans les terres du M\u00e9doc pour p\u00e9daler au milieu des vignes (et d\u00e9guster du vin).<\/p>\n\n\n\n<figure class=\"wp-block-image size-large is-resized\"><img decoding=\"async\" data-src=\"https:\/\/charlotteabicyclette.com\/wp-content\/uploads\/2021\/04\/Capture-decran-.-2020-05-24-a-16.06.42-1024x1022.png\" alt=\"\" class=\"wp-image-1112 lazyload\" width=\"828\" height=\"826\" data-srcset=\"https:\/\/charlotteabicyclette.com\/wp-content\/uploads\/2021\/04\/Capture-decran-.-2020-05-24-a-16.06.42-1024x1022.png 1024w, https:\/\/charlotteabicyclette.com\/wp-content\/uploads\/2021\/04\/Capture-decran-.-2020-05-24-a-16.06.42-300x300.png 300w, https:\/\/charlotteabicyclette.com\/wp-content\/uploads\/2021\/04\/Capture-decran-.-2020-05-24-a-16.06.42-150x150.png 150w, https:\/\/charlotteabicyclette.com\/wp-content\/uploads\/2021\/04\/Capture-decran-.-2020-05-24-a-16.06.42-768x767.png 768w, https:\/\/charlotteabicyclette.com\/wp-content\/uploads\/2021\/04\/Capture-decran-.-2020-05-24-a-16.06.42-320x320.png 320w, https:\/\/charlotteabicyclette.com\/wp-content\/uploads\/2021\/04\/Capture-decran-.-2020-05-24-a-16.06.42-180x180.png 180w, https:\/\/charlotteabicyclette.com\/wp-content\/uploads\/2021\/04\/Capture-decran-.-2020-05-24-a-16.06.42-70x70.png 70w, https:\/\/charlotteabicyclette.com\/wp-content\/uploads\/2021\/04\/Capture-decran-.-2020-05-24-a-16.06.42.png 1290w\" data-sizes=\"(max-width: 828px) 100vw, 828px\" src=\"data:image\/gif;base64,R0lGODlhAQABAAAAACH5BAEKAAEALAAAAAABAAEAAAICTAEAOw==\" style=\"--smush-placeholder-width: 828px; --smush-placeholder-aspect-ratio: 828\/826;\" \/><\/figure>\n\n\n\n<p>Notre itin\u00e9raire part donc de La Rochelle. Nous suivons d\u2019abord la V\u00e9lodyss\u00e9e le long de la c\u00f4te Atlantique \u00e0 travers les villes de Rochefort, Marennes et ses hu\u00eetres puis Royan. Une fois pass\u00e9 l&#8217;estuaire de la Gironde, nous quittons l&#8217;itin\u00e9raire pour bifurquer dans les terres et rejoindre le M\u00e9doc et ses vignes.<\/p>\n\n\n\n<p>La <a rel=\"noreferrer noopener\" href=\"https:\/\/www.lavelodyssee.com\" target=\"_blank\">V\u00e9lodyss\u00e9e<\/a> est la portion fran\u00e7aise de l&#8217;eurov\u00e9lo 1. C&#8217;est un itin\u00e9raire \u00e0 v\u00e9lo qui parcourt tout la c\u00f4te Atlantique sur 1200 km entre Roscoff en Bretagne et Hendaye \u00e0 la fronti\u00e8re avec l&#8217;Espagne. Tout est bien balis\u00e9, il n&#8217;y a qu&#8217;\u00e0 suivre les panneaux et se laisser porter par les superbes paysages.<\/p>\n\n\n\n<figure class=\"wp-block-image size-large\"><img decoding=\"async\" width=\"1024\" height=\"1024\" data-src=\"https:\/\/charlotteabicyclette.com\/wp-content\/uploads\/2021\/04\/Capture-decran-.-2020-05-24-a-16.05.26-1024x1024.png\" alt=\"\" class=\"wp-image-1109 lazyload\" data-srcset=\"https:\/\/charlotteabicyclette.com\/wp-content\/uploads\/2021\/04\/Capture-decran-.-2020-05-24-a-16.05.26-1024x1024.png 1024w, https:\/\/charlotteabicyclette.com\/wp-content\/uploads\/2021\/04\/Capture-decran-.-2020-05-24-a-16.05.26-300x300.png 300w, https:\/\/charlotteabicyclette.com\/wp-content\/uploads\/2021\/04\/Capture-decran-.-2020-05-24-a-16.05.26-150x150.png 150w, https:\/\/charlotteabicyclette.com\/wp-content\/uploads\/2021\/04\/Capture-decran-.-2020-05-24-a-16.05.26-768x769.png 768w, https:\/\/charlotteabicyclette.com\/wp-content\/uploads\/2021\/04\/Capture-decran-.-2020-05-24-a-16.05.26-320x320.png 320w, https:\/\/charlotteabicyclette.com\/wp-content\/uploads\/2021\/04\/Capture-decran-.-2020-05-24-a-16.05.26-180x180.png 180w, https:\/\/charlotteabicyclette.com\/wp-content\/uploads\/2021\/04\/Capture-decran-.-2020-05-24-a-16.05.26-70x70.png 70w, https:\/\/charlotteabicyclette.com\/wp-content\/uploads\/2021\/04\/Capture-decran-.-2020-05-24-a-16.05.26.png 1286w\" data-sizes=\"(max-width: 1024px) 100vw, 1024px\" src=\"data:image\/gif;base64,R0lGODlhAQABAAAAACH5BAEKAAEALAAAAAABAAEAAAICTAEAOw==\" style=\"--smush-placeholder-width: 1024px; --smush-placeholder-aspect-ratio: 1024\/1024;\" \/><\/figure>\n\n\n\n<p>J&#8217;en avais d\u00e9j\u00e0 pris une petite portion de cet itin\u00e9raire entre Redon et Josselin lors de ma travers\u00e9e de la Bretagne.<\/p>\n\n\n\n<h2 class=\"wp-block-heading\"><span style=\"color:#0092b3\" class=\"has-inline-color\">Itin\u00e9raire d\u00e9taill\u00e9<\/span><\/h2>\n\n\n\n<p>La veille au soir, nous arrivons en train \u00e0 La Rochelle. Apr\u00e8s un petit passage technique de montage de tente au camping dans la nuit \u00e0 la lueur des frontales, nous profitons d&#8217;une bonne nuit reposante. Le lendemain, c&#8217;est parti pour 3 jours de v\u00e9lo.<\/p>\n\n\n\n<h3 class=\"wp-block-heading\">1er jour : La Rochelle &#8211; Marennes<\/h3>\n\n\n\n<p>Pour ce premier jour, nous suivons la V\u00e9lodyss\u00e9e vers le sud. Nous traversons la tr\u00e8s belle station de lagunage avant de voir le <strong><span style=\"color:#ffb126\" class=\"has-inline-color\">pont Transbordeur<\/span><\/strong> qui permet de traverser la Charente. Il ne fonctionne pas \u00e0 cette \u00e9poque de l\u2019ann\u00e9e. Heureusement, nous n\u2019avons pas besoin de l\u2019emprunter. Peu apr\u00e8s, nous arrivons \u00e0 <strong><span style=\"color:#ffb126\" class=\"has-inline-color\">Rochefort<\/span><\/strong>.<\/p>\n\n\n\n<figure class=\"wp-block-image size-large is-resized\"><img decoding=\"async\" data-src=\"https:\/\/charlotteabicyclette.com\/wp-content\/uploads\/2021\/04\/Capture-decran-.-2020-05-24-a-16.04.48-1024x1024.png\" alt=\"\" class=\"wp-image-1108 lazyload\" width=\"848\" height=\"848\" data-srcset=\"https:\/\/charlotteabicyclette.com\/wp-content\/uploads\/2021\/04\/Capture-decran-.-2020-05-24-a-16.04.48-1024x1024.png 1024w, https:\/\/charlotteabicyclette.com\/wp-content\/uploads\/2021\/04\/Capture-decran-.-2020-05-24-a-16.04.48-300x300.png 300w, https:\/\/charlotteabicyclette.com\/wp-content\/uploads\/2021\/04\/Capture-decran-.-2020-05-24-a-16.04.48-150x150.png 150w, https:\/\/charlotteabicyclette.com\/wp-content\/uploads\/2021\/04\/Capture-decran-.-2020-05-24-a-16.04.48-768x767.png 768w, https:\/\/charlotteabicyclette.com\/wp-content\/uploads\/2021\/04\/Capture-decran-.-2020-05-24-a-16.04.48-320x320.png 320w, https:\/\/charlotteabicyclette.com\/wp-content\/uploads\/2021\/04\/Capture-decran-.-2020-05-24-a-16.04.48-180x180.png 180w, https:\/\/charlotteabicyclette.com\/wp-content\/uploads\/2021\/04\/Capture-decran-.-2020-05-24-a-16.04.48-70x70.png 70w, https:\/\/charlotteabicyclette.com\/wp-content\/uploads\/2021\/04\/Capture-decran-.-2020-05-24-a-16.04.48.png 1288w\" data-sizes=\"(max-width: 848px) 100vw, 848px\" src=\"data:image\/gif;base64,R0lGODlhAQABAAAAACH5BAEKAAEALAAAAAABAAEAAAICTAEAOw==\" style=\"--smush-placeholder-width: 848px; --smush-placeholder-aspect-ratio: 848\/848;\" \/><figcaption>Le pont transbordeur de Rochefort et le nouveau pont<\/figcaption><\/figure>\n\n\n\n<p>Nous poursuivons notre route jusqu\u2019\u00e0 Marennes o\u00f9 nous nous arr\u00eatons au camping. <\/p>\n\n\n\n<p>Environ 80 km en compteur en fin de journ\u00e9e.<\/p>\n\n\n\n<h3 class=\"wp-block-heading\">2\u00e8me jour : Marennes &#8211; Soulac<\/h3>\n\n\n\n<p>La journ\u00e9e d\u00e9marre par la visite de la<strong><span style=\"color:#ffb126\" class=\"has-inline-color\"> <a href=\"https:\/\/cite-huitre.com\/\" target=\"_blank\" rel=\"noreferrer noopener\">Cit\u00e9 de l\u2019Hu\u00eetre<\/a><\/span><\/strong> \u00e0 Marennes, un super endroit pour tout apprendre sur l\u2019\u00e9levage des hu\u00eetres et en d\u00e9guster quelques unes.<\/p>\n\n\n\n<figure class=\"wp-block-image size-large\"><img decoding=\"async\" width=\"1024\" height=\"1022\" data-src=\"https:\/\/charlotteabicyclette.com\/wp-content\/uploads\/2021\/04\/Capture-decran-.-2020-05-24-a-16.07.04-1024x1022.png\" alt=\"\" class=\"wp-image-1113 lazyload\" data-srcset=\"https:\/\/charlotteabicyclette.com\/wp-content\/uploads\/2021\/04\/Capture-decran-.-2020-05-24-a-16.07.04-1024x1022.png 1024w, https:\/\/charlotteabicyclette.com\/wp-content\/uploads\/2021\/04\/Capture-decran-.-2020-05-24-a-16.07.04-300x300.png 300w, https:\/\/charlotteabicyclette.com\/wp-content\/uploads\/2021\/04\/Capture-decran-.-2020-05-24-a-16.07.04-150x150.png 150w, https:\/\/charlotteabicyclette.com\/wp-content\/uploads\/2021\/04\/Capture-decran-.-2020-05-24-a-16.07.04-768x767.png 768w, https:\/\/charlotteabicyclette.com\/wp-content\/uploads\/2021\/04\/Capture-decran-.-2020-05-24-a-16.07.04-320x320.png 320w, https:\/\/charlotteabicyclette.com\/wp-content\/uploads\/2021\/04\/Capture-decran-.-2020-05-24-a-16.07.04-180x180.png 180w, https:\/\/charlotteabicyclette.com\/wp-content\/uploads\/2021\/04\/Capture-decran-.-2020-05-24-a-16.07.04-70x70.png 70w, https:\/\/charlotteabicyclette.com\/wp-content\/uploads\/2021\/04\/Capture-decran-.-2020-05-24-a-16.07.04.png 1286w\" data-sizes=\"(max-width: 1024px) 100vw, 1024px\" src=\"data:image\/gif;base64,R0lGODlhAQABAAAAACH5BAEKAAEALAAAAAABAAEAAAICTAEAOw==\" style=\"--smush-placeholder-width: 1024px; --smush-placeholder-aspect-ratio: 1024\/1022;\" \/><\/figure>\n\n\n\n<p>Ensuite, nous voulions traverser l\u2019estuaire de la Seudre par un petit bac \u00e0 proximit\u00e9 de la cit\u00e9 de l\u2019hu\u00eetre. Rat\u00e9, il ne fonctionne pas hors saison. Demi-tour pour aller emprunter le pont le long de la c\u00f4te.<\/p>\n\n\n\n<figure class=\"wp-block-image size-large is-resized\"><img decoding=\"async\" data-src=\"https:\/\/charlotteabicyclette.com\/wp-content\/uploads\/2021\/04\/Capture-decran-.-2020-05-24-a-16.07.27-1021x1024.png\" alt=\"\" class=\"wp-image-1114 lazyload\" width=\"832\" height=\"834\" data-srcset=\"https:\/\/charlotteabicyclette.com\/wp-content\/uploads\/2021\/04\/Capture-decran-.-2020-05-24-a-16.07.27-1021x1024.png 1021w, https:\/\/charlotteabicyclette.com\/wp-content\/uploads\/2021\/04\/Capture-decran-.-2020-05-24-a-16.07.27-300x300.png 300w, https:\/\/charlotteabicyclette.com\/wp-content\/uploads\/2021\/04\/Capture-decran-.-2020-05-24-a-16.07.27-150x150.png 150w, https:\/\/charlotteabicyclette.com\/wp-content\/uploads\/2021\/04\/Capture-decran-.-2020-05-24-a-16.07.27-768x770.png 768w, https:\/\/charlotteabicyclette.com\/wp-content\/uploads\/2021\/04\/Capture-decran-.-2020-05-24-a-16.07.27-320x321.png 320w, https:\/\/charlotteabicyclette.com\/wp-content\/uploads\/2021\/04\/Capture-decran-.-2020-05-24-a-16.07.27-180x180.png 180w, https:\/\/charlotteabicyclette.com\/wp-content\/uploads\/2021\/04\/Capture-decran-.-2020-05-24-a-16.07.27-70x70.png 70w, https:\/\/charlotteabicyclette.com\/wp-content\/uploads\/2021\/04\/Capture-decran-.-2020-05-24-a-16.07.27.png 1283w\" data-sizes=\"(max-width: 832px) 100vw, 832px\" src=\"data:image\/gif;base64,R0lGODlhAQABAAAAACH5BAEKAAEALAAAAAABAAEAAAICTAEAOw==\" style=\"--smush-placeholder-width: 832px; --smush-placeholder-aspect-ratio: 832\/834;\" \/><\/figure>\n\n\n\n<p>Le parcours se poursuit dans la pin\u00e8de le long de l\u2019oc\u00e9an (tr\u00e8s belle portion) avant que nous arrivions \u00e0 Royan. L\u00e0, nous devons <strong><span style=\"color:#ffb126\" class=\"has-inline-color\">prendre le bac pour traverser l\u2019estuaire<\/span><\/strong> de la Gironde. Aucune difficult\u00e9 avec les v\u00e9los. Et nous rencontrons m\u00eame d\u2019autres voyageurs \u00e0 v\u00e9lo avec lesquels nous faisons le reste du parcours de la journ\u00e9e (toujours aussi beau) jusqu\u2019\u00e0 Soulac. Nous nous arr\u00eatons donc au camping avec nos nouveaux amis et un repas partag\u00e9 de mille anecdotes.<\/p>\n\n\n\n<p>Environ 60 km.<\/p>\n\n\n\n<h3 class=\"wp-block-heading\">3\u00e8me jour Soulac &#8211; Pauillac (M\u00e9doc)<\/h3>\n\n\n\n<figure class=\"wp-block-image size-large\"><img decoding=\"async\" width=\"1024\" height=\"1019\" data-src=\"https:\/\/charlotteabicyclette.com\/wp-content\/uploads\/2021\/04\/Capture-decran-.-2020-05-24-a-16.05.52-1024x1019.png\" alt=\"\" class=\"wp-image-1110 lazyload\" data-srcset=\"https:\/\/charlotteabicyclette.com\/wp-content\/uploads\/2021\/04\/Capture-decran-.-2020-05-24-a-16.05.52-1024x1019.png 1024w, https:\/\/charlotteabicyclette.com\/wp-content\/uploads\/2021\/04\/Capture-decran-.-2020-05-24-a-16.05.52-300x300.png 300w, https:\/\/charlotteabicyclette.com\/wp-content\/uploads\/2021\/04\/Capture-decran-.-2020-05-24-a-16.05.52-150x150.png 150w, https:\/\/charlotteabicyclette.com\/wp-content\/uploads\/2021\/04\/Capture-decran-.-2020-05-24-a-16.05.52-768x764.png 768w, https:\/\/charlotteabicyclette.com\/wp-content\/uploads\/2021\/04\/Capture-decran-.-2020-05-24-a-16.05.52-320x319.png 320w, https:\/\/charlotteabicyclette.com\/wp-content\/uploads\/2021\/04\/Capture-decran-.-2020-05-24-a-16.05.52-180x180.png 180w, https:\/\/charlotteabicyclette.com\/wp-content\/uploads\/2021\/04\/Capture-decran-.-2020-05-24-a-16.05.52-70x70.png 70w, https:\/\/charlotteabicyclette.com\/wp-content\/uploads\/2021\/04\/Capture-decran-.-2020-05-24-a-16.05.52.png 1293w\" data-sizes=\"(max-width: 1024px) 100vw, 1024px\" src=\"data:image\/gif;base64,R0lGODlhAQABAAAAACH5BAEKAAEALAAAAAABAAEAAAICTAEAOw==\" style=\"--smush-placeholder-width: 1024px; --smush-placeholder-aspect-ratio: 1024\/1019;\" \/><\/figure>\n\n\n\n<p>Pour ce 3\u00e8me jour, nous ne suivons la V\u00e9lodyss\u00e9e qu\u2019au d\u00e9but. Pass\u00e9 Montalivet, nous la quittons pour rentrer dans les terres et suivre l\u2019estuaire de la Gironde. Car c\u2019est l\u00e0 que sont <strong><span style=\"color:#ffb126\" class=\"has-inline-color\">les vignes du M\u00e9doc.<\/span><\/strong> Ca change des paysages de la c\u00f4te mais c\u2019est toujours aussi agr\u00e9able de p\u00e9daler au milieu des vignes. Et nous nous arr\u00eatons \u00e9videmment chez un producteur acheter une ou deux bouteilles de vin. Nous terminons le voyage \u00e0 Pauillac o\u00f9 nous reprenons le train pour Paris.<\/p>\n\n\n\n<p>Environ 70 km.<\/p>\n\n\n\n<h2 class=\"wp-block-heading\"><span style=\"color:#0092b3\" class=\"has-inline-color\">Rejoindre et quitter la microaventure<\/span><\/h2>\n\n\n\n<p>Il est possible depuis Paris de rejoindre La Rochelle en TGV en mettant son v\u00e9lo non d\u00e9mont\u00e9 dans le train. Attention, c\u2019est un train \u00e0 r\u00e9servation obligatoire. C&#8217;est donc avec un train direct et en 3h que nous rejoignons La Rochelle la veille de nos 3 jours.<\/p>\n\n\n\n<p>Pour le retour, il y a une gare \u00e0 Pauillac et un TER qui nous emm\u00e8ne jusqu&#8217;\u00e0 Bordeaux. De Bordeaux, les TGVs pour Paris ont quelques places v\u00e9los \u00e0 r\u00e9servation obligatoire. 2h30 plus tard, nous sommes de retour \u00e0 Paris.<\/p>\n\n\n\n<p>Pour trouver votre trajet en train + v\u00e9lo non d\u00e9mont\u00e9, j&#8217;ai expliqu\u00e9 pas \u00e0 pas ma m\u00e9thode <a href=\"https:\/\/charlotteabicyclette.com\/index.php\/2020\/05\/21\/comment-trouver-trajet-train-velo\/\" target=\"_blank\" rel=\"noreferrer noopener\">ici<\/a>.<\/p>\n\n\n\n<figure class=\"wp-block-image size-large\"><img decoding=\"async\" width=\"1024\" height=\"768\" data-src=\"https:\/\/charlotteabicyclette.com\/wp-content\/uploads\/2021\/04\/IMG_8331-1024x768.jpg\" alt=\"\" class=\"wp-image-1115 lazyload\" data-srcset=\"https:\/\/charlotteabicyclette.com\/wp-content\/uploads\/2021\/04\/IMG_8331-1024x768.jpg 1024w, https:\/\/charlotteabicyclette.com\/wp-content\/uploads\/2021\/04\/IMG_8331-300x225.jpg 300w, https:\/\/charlotteabicyclette.com\/wp-content\/uploads\/2021\/04\/IMG_8331-768x576.jpg 768w, https:\/\/charlotteabicyclette.com\/wp-content\/uploads\/2021\/04\/IMG_8331-1536x1152.jpg 1536w, https:\/\/charlotteabicyclette.com\/wp-content\/uploads\/2021\/04\/IMG_8331-2048x1536.jpg 2048w, https:\/\/charlotteabicyclette.com\/wp-content\/uploads\/2021\/04\/IMG_8331-320x240.jpg 320w\" data-sizes=\"(max-width: 1024px) 100vw, 1024px\" src=\"data:image\/gif;base64,R0lGODlhAQABAAAAACH5BAEKAAEALAAAAAABAAEAAAICTAEAOw==\" style=\"--smush-placeholder-width: 1024px; --smush-placeholder-aspect-ratio: 1024\/768;\" \/><\/figure>\n","protected":false},"excerpt":{"rendered":"<p>Fin septembre 2018, pour profiter de la fin des beaux jours avant que la baisse des temp\u00e9ratures ne nous force \u00e0 hiberner, je convaincs l&#8217;un de mes amis de partir 3 jours en microaventure \u00e0 v\u00e9lo sur la V\u00e9lodyss\u00e9e au d\u00e9part de La Rochelle puis dans les terres du M\u00e9doc pour p\u00e9daler au milieu des [&hellip;]<\/p>\n","protected":false},"author":1,"featured_media":1109,"comment_status":"open","ping_status":"open","sticky":false,"template":"","format":"standard","meta":{"footnotes":""},"categories":[2],"tags":[64,63,60],"class_list":["post-818","post","type-post","status-publish","format-standard","has-post-thumbnail","hentry","category-microaventures","tag-atlantique","tag-medoc","tag-velodyssee"],"yoast_head":"<!-- This site is optimized with the Yoast SEO plugin v24.9 - https:\/\/yoast.com\/wordpress\/plugins\/seo\/ -->\n<title>3j \u00e0 v\u00e9lo sur la V\u00e9lodyss\u00e9e entre La Rochelle et le M\u00e9doc - CHARLOTTE A BICYCLETTE<\/title>\n<meta name=\"description\" content=\"R\u00e9cit et parcours de 3 jours \u00e0 v\u00e9lo sur la V\u00e9lodyss\u00e9e puis dans le M\u00e9doc, au d\u00e9part de La Rochelle jusqu\u2019\u00e0 Pauillac.\" \/>\n<meta name=\"robots\" content=\"index, follow, max-snippet:-1, max-image-preview:large, max-video-preview:-1\" \/>\n<link rel=\"canonical\" href=\"https:\/\/charlotteabicyclette.com\/index.php\/2018\/04\/14\/3j-velodyssee-la-rochelle-medoc\/\" \/>\n<meta property=\"og:locale\" content=\"en_US\" \/>\n<meta property=\"og:type\" content=\"article\" \/>\n<meta property=\"og:title\" content=\"3j \u00e0 v\u00e9lo sur la V\u00e9lodyss\u00e9e entre La Rochelle et le M\u00e9doc - CHARLOTTE A BICYCLETTE\" \/>\n<meta property=\"og:description\" content=\"R\u00e9cit et parcours de 3 jours \u00e0 v\u00e9lo sur la V\u00e9lodyss\u00e9e puis dans le M\u00e9doc, au d\u00e9part de La Rochelle jusqu\u2019\u00e0 Pauillac.\" \/>\n<meta property=\"og:url\" content=\"https:\/\/charlotteabicyclette.com\/index.php\/2018\/04\/14\/3j-velodyssee-la-rochelle-medoc\/\" \/>\n<meta property=\"og:site_name\" content=\"CHARLOTTE A BICYCLETTE\" \/>\n<meta property=\"article:publisher\" content=\"http:\/\/fb.me\/charlotteabicyclette\" \/>\n<meta property=\"article:published_time\" content=\"2018-04-14T07:15:00+00:00\" \/>\n<meta property=\"article:modified_time\" content=\"2021-04-14T07:23:57+00:00\" \/>\n<meta property=\"og:image\" content=\"https:\/\/charlotteabicyclette.com\/wp-content\/uploads\/2021\/04\/Capture-decran-.-2020-05-24-a-16.05.26-1024x1024.png\" \/>\n\t<meta property=\"og:image:width\" content=\"1024\" \/>\n\t<meta property=\"og:image:height\" content=\"1024\" \/>\n\t<meta property=\"og:image:type\" content=\"image\/png\" \/>\n<meta name=\"author\" content=\"Charlotte\" \/>\n<meta name=\"twitter:card\" content=\"summary_large_image\" \/>\n<meta name=\"twitter:label1\" content=\"Written by\" \/>\n\t<meta name=\"twitter:data1\" content=\"Charlotte\" \/>\n\t<meta name=\"twitter:label2\" content=\"Est. reading time\" \/>\n\t<meta name=\"twitter:data2\" content=\"5 minutes\" \/>\n<script type=\"application\/ld+json\" class=\"yoast-schema-graph\">{\"@context\":\"https:\/\/schema.org\",\"@graph\":[{\"@type\":\"Article\",\"@id\":\"https:\/\/charlotteabicyclette.com\/index.php\/2018\/04\/14\/3j-velodyssee-la-rochelle-medoc\/#article\",\"isPartOf\":{\"@id\":\"https:\/\/charlotteabicyclette.com\/index.php\/2018\/04\/14\/3j-velodyssee-la-rochelle-medoc\/\"},\"author\":{\"name\":\"Charlotte\",\"@id\":\"https:\/\/charlotteabicyclette.com\/#\/schema\/person\/43150260ccd3fa1831cfe26d9ce7b447\"},\"headline\":\"3j \u00e0 v\u00e9lo sur la V\u00e9lodyss\u00e9e entre La Rochelle et le M\u00e9doc\",\"datePublished\":\"2018-04-14T07:15:00+00:00\",\"dateModified\":\"2021-04-14T07:23:57+00:00\",\"mainEntityOfPage\":{\"@id\":\"https:\/\/charlotteabicyclette.com\/index.php\/2018\/04\/14\/3j-velodyssee-la-rochelle-medoc\/\"},\"wordCount\":746,\"commentCount\":0,\"publisher\":{\"@id\":\"https:\/\/charlotteabicyclette.com\/#organization\"},\"image\":{\"@id\":\"https:\/\/charlotteabicyclette.com\/index.php\/2018\/04\/14\/3j-velodyssee-la-rochelle-medoc\/#primaryimage\"},\"thumbnailUrl\":\"https:\/\/charlotteabicyclette.com\/wp-content\/uploads\/2021\/04\/Capture-decran-.-2020-05-24-a-16.05.26.png\",\"keywords\":[\"Atlantique\",\"M\u00e9doc\",\"V\u00e9lodyss\u00e9e\"],\"articleSection\":[\"Microaventures\"],\"inLanguage\":\"en-US\",\"potentialAction\":[{\"@type\":\"CommentAction\",\"name\":\"Comment\",\"target\":[\"https:\/\/charlotteabicyclette.com\/index.php\/2018\/04\/14\/3j-velodyssee-la-rochelle-medoc\/#respond\"]}]},{\"@type\":\"WebPage\",\"@id\":\"https:\/\/charlotteabicyclette.com\/index.php\/2018\/04\/14\/3j-velodyssee-la-rochelle-medoc\/\",\"url\":\"https:\/\/charlotteabicyclette.com\/index.php\/2018\/04\/14\/3j-velodyssee-la-rochelle-medoc\/\",\"name\":\"3j \u00e0 v\u00e9lo sur la V\u00e9lodyss\u00e9e entre La Rochelle et le M\u00e9doc - CHARLOTTE A BICYCLETTE\",\"isPartOf\":{\"@id\":\"https:\/\/charlotteabicyclette.com\/#website\"},\"primaryImageOfPage\":{\"@id\":\"https:\/\/charlotteabicyclette.com\/index.php\/2018\/04\/14\/3j-velodyssee-la-rochelle-medoc\/#primaryimage\"},\"image\":{\"@id\":\"https:\/\/charlotteabicyclette.com\/index.php\/2018\/04\/14\/3j-velodyssee-la-rochelle-medoc\/#primaryimage\"},\"thumbnailUrl\":\"https:\/\/charlotteabicyclette.com\/wp-content\/uploads\/2021\/04\/Capture-decran-.-2020-05-24-a-16.05.26.png\",\"datePublished\":\"2018-04-14T07:15:00+00:00\",\"dateModified\":\"2021-04-14T07:23:57+00:00\",\"description\":\"R\u00e9cit et parcours de 3 jours \u00e0 v\u00e9lo sur la V\u00e9lodyss\u00e9e puis dans le M\u00e9doc, au d\u00e9part de La Rochelle jusqu\u2019\u00e0 Pauillac.\",\"breadcrumb\":{\"@id\":\"https:\/\/charlotteabicyclette.com\/index.php\/2018\/04\/14\/3j-velodyssee-la-rochelle-medoc\/#breadcrumb\"},\"inLanguage\":\"en-US\",\"potentialAction\":[{\"@type\":\"ReadAction\",\"target\":[\"https:\/\/charlotteabicyclette.com\/index.php\/2018\/04\/14\/3j-velodyssee-la-rochelle-medoc\/\"]}]},{\"@type\":\"ImageObject\",\"inLanguage\":\"en-US\",\"@id\":\"https:\/\/charlotteabicyclette.com\/index.php\/2018\/04\/14\/3j-velodyssee-la-rochelle-medoc\/#primaryimage\",\"url\":\"https:\/\/charlotteabicyclette.com\/wp-content\/uploads\/2021\/04\/Capture-decran-.-2020-05-24-a-16.05.26.png\",\"contentUrl\":\"https:\/\/charlotteabicyclette.com\/wp-content\/uploads\/2021\/04\/Capture-decran-.-2020-05-24-a-16.05.26.png\",\"width\":1286,\"height\":1287},{\"@type\":\"BreadcrumbList\",\"@id\":\"https:\/\/charlotteabicyclette.com\/index.php\/2018\/04\/14\/3j-velodyssee-la-rochelle-medoc\/#breadcrumb\",\"itemListElement\":[{\"@type\":\"ListItem\",\"position\":1,\"name\":\"Accueil\",\"item\":\"https:\/\/charlotteabicyclette.com\/\"},{\"@type\":\"ListItem\",\"position\":2,\"name\":\"3j \u00e0 v\u00e9lo sur la V\u00e9lodyss\u00e9e entre La Rochelle et le M\u00e9doc\"}]},{\"@type\":\"WebSite\",\"@id\":\"https:\/\/charlotteabicyclette.com\/#website\",\"url\":\"https:\/\/charlotteabicyclette.com\/\",\"name\":\"CHARLOTTE A BICYCLETTE\",\"description\":\"Aventures \u00e0 v\u00e9lo\",\"publisher\":{\"@id\":\"https:\/\/charlotteabicyclette.com\/#organization\"},\"potentialAction\":[{\"@type\":\"SearchAction\",\"target\":{\"@type\":\"EntryPoint\",\"urlTemplate\":\"https:\/\/charlotteabicyclette.com\/?s={search_term_string}\"},\"query-input\":{\"@type\":\"PropertyValueSpecification\",\"valueRequired\":true,\"valueName\":\"search_term_string\"}}],\"inLanguage\":\"en-US\"},{\"@type\":\"Organization\",\"@id\":\"https:\/\/charlotteabicyclette.com\/#organization\",\"name\":\"Charlotte \u00e0 bicyclette\",\"url\":\"https:\/\/charlotteabicyclette.com\/\",\"logo\":{\"@type\":\"ImageObject\",\"inLanguage\":\"en-US\",\"@id\":\"https:\/\/charlotteabicyclette.com\/#\/schema\/logo\/image\/\",\"url\":\"https:\/\/charlotteabicyclette.com\/wp-content\/uploads\/2020\/02\/Charlotte-\u00e0-bicyclette-logo-A4-1.png\",\"contentUrl\":\"https:\/\/charlotteabicyclette.com\/wp-content\/uploads\/2020\/02\/Charlotte-\u00e0-bicyclette-logo-A4-1.png\",\"width\":8334,\"height\":8335,\"caption\":\"Charlotte \u00e0 bicyclette\"},\"image\":{\"@id\":\"https:\/\/charlotteabicyclette.com\/#\/schema\/logo\/image\/\"},\"sameAs\":[\"http:\/\/fb.me\/charlotteabicyclette\",\"https:\/\/www.instagram.com\/charlotteabicyclette\/\"]},{\"@type\":\"Person\",\"@id\":\"https:\/\/charlotteabicyclette.com\/#\/schema\/person\/43150260ccd3fa1831cfe26d9ce7b447\",\"name\":\"Charlotte\",\"image\":{\"@type\":\"ImageObject\",\"inLanguage\":\"en-US\",\"@id\":\"https:\/\/charlotteabicyclette.com\/#\/schema\/person\/image\/\",\"url\":\"https:\/\/secure.gravatar.com\/avatar\/20fd74ff441eb3d0fd0a228c0f0c07db?s=96&d=mm&r=g\",\"contentUrl\":\"https:\/\/secure.gravatar.com\/avatar\/20fd74ff441eb3d0fd0a228c0f0c07db?s=96&d=mm&r=g\",\"caption\":\"Charlotte\"}}]}<\/script>\n<!-- \/ Yoast SEO plugin. -->","yoast_head_json":{"title":"3j \u00e0 v\u00e9lo sur la V\u00e9lodyss\u00e9e entre La Rochelle et le M\u00e9doc - CHARLOTTE A BICYCLETTE","description":"R\u00e9cit et parcours de 3 jours \u00e0 v\u00e9lo sur la V\u00e9lodyss\u00e9e puis dans le M\u00e9doc, au d\u00e9part de La Rochelle jusqu\u2019\u00e0 Pauillac.","robots":{"index":"index","follow":"follow","max-snippet":"max-snippet:-1","max-image-preview":"max-image-preview:large","max-video-preview":"max-video-preview:-1"},"canonical":"https:\/\/charlotteabicyclette.com\/index.php\/2018\/04\/14\/3j-velodyssee-la-rochelle-medoc\/","og_locale":"en_US","og_type":"article","og_title":"3j \u00e0 v\u00e9lo sur la V\u00e9lodyss\u00e9e entre La Rochelle et le M\u00e9doc - CHARLOTTE A BICYCLETTE","og_description":"R\u00e9cit et parcours de 3 jours \u00e0 v\u00e9lo sur la V\u00e9lodyss\u00e9e puis dans le M\u00e9doc, au d\u00e9part de La Rochelle jusqu\u2019\u00e0 Pauillac.","og_url":"https:\/\/charlotteabicyclette.com\/index.php\/2018\/04\/14\/3j-velodyssee-la-rochelle-medoc\/","og_site_name":"CHARLOTTE A BICYCLETTE","article_publisher":"http:\/\/fb.me\/charlotteabicyclette","article_published_time":"2018-04-14T07:15:00+00:00","article_modified_time":"2021-04-14T07:23:57+00:00","og_image":[{"width":1024,"height":1024,"url":"https:\/\/charlotteabicyclette.com\/wp-content\/uploads\/2021\/04\/Capture-decran-.-2020-05-24-a-16.05.26-1024x1024.png","type":"image\/png"}],"author":"Charlotte","twitter_card":"summary_large_image","twitter_misc":{"Written by":"Charlotte","Est. reading time":"5 minutes"},"schema":{"@context":"https:\/\/schema.org","@graph":[{"@type":"Article","@id":"https:\/\/charlotteabicyclette.com\/index.php\/2018\/04\/14\/3j-velodyssee-la-rochelle-medoc\/#article","isPartOf":{"@id":"https:\/\/charlotteabicyclette.com\/index.php\/2018\/04\/14\/3j-velodyssee-la-rochelle-medoc\/"},"author":{"name":"Charlotte","@id":"https:\/\/charlotteabicyclette.com\/#\/schema\/person\/43150260ccd3fa1831cfe26d9ce7b447"},"headline":"3j \u00e0 v\u00e9lo sur la V\u00e9lodyss\u00e9e entre La Rochelle et le M\u00e9doc","datePublished":"2018-04-14T07:15:00+00:00","dateModified":"2021-04-14T07:23:57+00:00","mainEntityOfPage":{"@id":"https:\/\/charlotteabicyclette.com\/index.php\/2018\/04\/14\/3j-velodyssee-la-rochelle-medoc\/"},"wordCount":746,"commentCount":0,"publisher":{"@id":"https:\/\/charlotteabicyclette.com\/#organization"},"image":{"@id":"https:\/\/charlotteabicyclette.com\/index.php\/2018\/04\/14\/3j-velodyssee-la-rochelle-medoc\/#primaryimage"},"thumbnailUrl":"https:\/\/charlotteabicyclette.com\/wp-content\/uploads\/2021\/04\/Capture-decran-.-2020-05-24-a-16.05.26.png","keywords":["Atlantique","M\u00e9doc","V\u00e9lodyss\u00e9e"],"articleSection":["Microaventures"],"inLanguage":"en-US","potentialAction":[{"@type":"CommentAction","name":"Comment","target":["https:\/\/charlotteabicyclette.com\/index.php\/2018\/04\/14\/3j-velodyssee-la-rochelle-medoc\/#respond"]}]},{"@type":"WebPage","@id":"https:\/\/charlotteabicyclette.com\/index.php\/2018\/04\/14\/3j-velodyssee-la-rochelle-medoc\/","url":"https:\/\/charlotteabicyclette.com\/index.php\/2018\/04\/14\/3j-velodyssee-la-rochelle-medoc\/","name":"3j \u00e0 v\u00e9lo sur la V\u00e9lodyss\u00e9e entre La Rochelle et le M\u00e9doc - CHARLOTTE A BICYCLETTE","isPartOf":{"@id":"https:\/\/charlotteabicyclette.com\/#website"},"primaryImageOfPage":{"@id":"https:\/\/charlotteabicyclette.com\/index.php\/2018\/04\/14\/3j-velodyssee-la-rochelle-medoc\/#primaryimage"},"image":{"@id":"https:\/\/charlotteabicyclette.com\/index.php\/2018\/04\/14\/3j-velodyssee-la-rochelle-medoc\/#primaryimage"},"thumbnailUrl":"https:\/\/charlotteabicyclette.com\/wp-content\/uploads\/2021\/04\/Capture-decran-.-2020-05-24-a-16.05.26.png","datePublished":"2018-04-14T07:15:00+00:00","dateModified":"2021-04-14T07:23:57+00:00","description":"R\u00e9cit et parcours de 3 jours \u00e0 v\u00e9lo sur la V\u00e9lodyss\u00e9e puis dans le M\u00e9doc, au d\u00e9part de La Rochelle jusqu\u2019\u00e0 Pauillac.","breadcrumb":{"@id":"https:\/\/charlotteabicyclette.com\/index.php\/2018\/04\/14\/3j-velodyssee-la-rochelle-medoc\/#breadcrumb"},"inLanguage":"en-US","potentialAction":[{"@type":"ReadAction","target":["https:\/\/charlotteabicyclette.com\/index.php\/2018\/04\/14\/3j-velodyssee-la-rochelle-medoc\/"]}]},{"@type":"ImageObject","inLanguage":"en-US","@id":"https:\/\/charlotteabicyclette.com\/index.php\/2018\/04\/14\/3j-velodyssee-la-rochelle-medoc\/#primaryimage","url":"https:\/\/charlotteabicyclette.com\/wp-content\/uploads\/2021\/04\/Capture-decran-.-2020-05-24-a-16.05.26.png","contentUrl":"https:\/\/charlotteabicyclette.com\/wp-content\/uploads\/2021\/04\/Capture-decran-.-2020-05-24-a-16.05.26.png","width":1286,"height":1287},{"@type":"BreadcrumbList","@id":"https:\/\/charlotteabicyclette.com\/index.php\/2018\/04\/14\/3j-velodyssee-la-rochelle-medoc\/#breadcrumb","itemListElement":[{"@type":"ListItem","position":1,"name":"Accueil","item":"https:\/\/charlotteabicyclette.com\/"},{"@type":"ListItem","position":2,"name":"3j \u00e0 v\u00e9lo sur la V\u00e9lodyss\u00e9e entre La Rochelle et le M\u00e9doc"}]},{"@type":"WebSite","@id":"https:\/\/charlotteabicyclette.com\/#website","url":"https:\/\/charlotteabicyclette.com\/","name":"CHARLOTTE A BICYCLETTE","description":"Aventures \u00e0 v\u00e9lo","publisher":{"@id":"https:\/\/charlotteabicyclette.com\/#organization"},"potentialAction":[{"@type":"SearchAction","target":{"@type":"EntryPoint","urlTemplate":"https:\/\/charlotteabicyclette.com\/?s={search_term_string}"},"query-input":{"@type":"PropertyValueSpecification","valueRequired":true,"valueName":"search_term_string"}}],"inLanguage":"en-US"},{"@type":"Organization","@id":"https:\/\/charlotteabicyclette.com\/#organization","name":"Charlotte \u00e0 bicyclette","url":"https:\/\/charlotteabicyclette.com\/","logo":{"@type":"ImageObject","inLanguage":"en-US","@id":"https:\/\/charlotteabicyclette.com\/#\/schema\/logo\/image\/","url":"https:\/\/charlotteabicyclette.com\/wp-content\/uploads\/2020\/02\/Charlotte-\u00e0-bicyclette-logo-A4-1.png","contentUrl":"https:\/\/charlotteabicyclette.com\/wp-content\/uploads\/2020\/02\/Charlotte-\u00e0-bicyclette-logo-A4-1.png","width":8334,"height":8335,"caption":"Charlotte \u00e0 bicyclette"},"image":{"@id":"https:\/\/charlotteabicyclette.com\/#\/schema\/logo\/image\/"},"sameAs":["http:\/\/fb.me\/charlotteabicyclette","https:\/\/www.instagram.com\/charlotteabicyclette\/"]},{"@type":"Person","@id":"https:\/\/charlotteabicyclette.com\/#\/schema\/person\/43150260ccd3fa1831cfe26d9ce7b447","name":"Charlotte","image":{"@type":"ImageObject","inLanguage":"en-US","@id":"https:\/\/charlotteabicyclette.com\/#\/schema\/person\/image\/","url":"https:\/\/secure.gravatar.com\/avatar\/20fd74ff441eb3d0fd0a228c0f0c07db?s=96&d=mm&r=g","contentUrl":"https:\/\/secure.gravatar.com\/avatar\/20fd74ff441eb3d0fd0a228c0f0c07db?s=96&d=mm&r=g","caption":"Charlotte"}}]}},"_links":{"self":[{"href":"https:\/\/charlotteabicyclette.com\/index.php\/wp-json\/wp\/v2\/posts\/818","targetHints":{"allow":["GET"]}}],"collection":[{"href":"https:\/\/charlotteabicyclette.com\/index.php\/wp-json\/wp\/v2\/posts"}],"about":[{"href":"https:\/\/charlotteabicyclette.com\/index.php\/wp-json\/wp\/v2\/types\/post"}],"author":[{"embeddable":true,"href":"https:\/\/charlotteabicyclette.com\/index.php\/wp-json\/wp\/v2\/users\/1"}],"replies":[{"embeddable":true,"href":"https:\/\/charlotteabicyclette.com\/index.php\/wp-json\/wp\/v2\/comments?post=818"}],"version-history":[{"count":8,"href":"https:\/\/charlotteabicyclette.com\/index.php\/wp-json\/wp\/v2\/posts\/818\/revisions"}],"predecessor-version":[{"id":1118,"href":"https:\/\/charlotteabicyclette.com\/index.php\/wp-json\/wp\/v2\/posts\/818\/revisions\/1118"}],"wp:featuredmedia":[{"embeddable":true,"href":"https:\/\/charlotteabicyclette.com\/index.php\/wp-json\/wp\/v2\/media\/1109"}],"wp:attachment":[{"href":"https:\/\/charlotteabicyclette.com\/index.php\/wp-json\/wp\/v2\/media?parent=818"}],"wp:term":[{"taxonomy":"category","embeddable":true,"href":"https:\/\/charlotteabicyclette.com\/index.php\/wp-json\/wp\/v2\/categories?post=818"},{"taxonomy":"post_tag","embeddable":true,"href":"https:\/\/charlotteabicyclette.com\/index.php\/wp-json\/wp\/v2\/tags?post=818"}],"curies":[{"name":"wp","href":"https:\/\/api.w.org\/{rel}","templated":true}]}}