{"id":999,"date":"2021-02-13T14:55:58","date_gmt":"2021-02-13T13:55:58","guid":{"rendered":"https:\/\/charlotteabicyclette.com\/?p=999"},"modified":"2021-04-15T15:55:17","modified_gmt":"2021-04-15T13:55:17","slug":"microaventure-velo-boucles-seine-normandie","status":"publish","type":"post","link":"https:\/\/charlotteabicyclette.com\/index.php\/2021\/02\/13\/microaventure-velo-boucles-seine-normandie\/","title":{"rendered":"Microaventure \u00e0 v\u00e9lo sur les boucles de la Seine en Normandie"},"content":{"rendered":"\n<p>En pleine pand\u00e9mie de Covid, entre confinements et couvres-feu, j\u2019ai eu tr\u00e8s envie de partir de Paris un week-end pour me changer les id\u00e9es. Avec mon v\u00e9lo, bien entendu. Pour une microaventure facile depuis Paris, direction Rouen en Normandie avec mon v\u00e9lo dans le train.<\/p>\n\n\n\t\t\t<style>\r\n                #foogallery-gallery-1214.fg-justified .fg-item {\r\n                    margin-right: 2px;\r\n                    margin-bottom: 2px;\r\n                }\r\n\r\n                #foogallery-gallery-1214.fg-justified .fg-image {\r\n                    height: 250px;\r\n                }\r\n\t\t\t<\/style>\r\n\t\t\t<div class=\"foogallery foogallery-container foogallery-justified foogallery-lightbox-foobox fg-justified fg-light fg-loading-trail fg-loaded-fade-in fg-caption-always fg-hover-fade fg-ready\" id=\"foogallery-gallery-1214\" data-foogallery=\"{&quot;item&quot;:{&quot;showCaptionTitle&quot;:false,&quot;showCaptionDescription&quot;:true},&quot;lazy&quot;:true,&quot;template&quot;:{&quot;rowHeight&quot;:250,&quot;maxRowHeight&quot;:375,&quot;margins&quot;:2,&quot;align&quot;:&quot;center&quot;,&quot;lastRow&quot;:&quot;smart&quot;}}\" >\r\n\t<div class=\"fg-item fg-type-image fg-idle\"><figure class=\"fg-item-inner\"><a href=\"https:\/\/charlotteabicyclette.com\/wp-content\/uploads\/2021\/01\/DSCF0102-scaled.jpg\" data-attachment-id=\"1016\" data-type=\"image\" class=\"fg-thumb\"><span class=\"fg-image-wrap\"><img fetchpriority=\"high\" decoding=\"async\" height=\"375\" width=\"562\" class=\"skip-lazy fg-image\" data-src-fg=\"https:\/\/charlotteabicyclette.com\/wp-content\/uploads\/cache\/2021\/01\/DSCF0102-scaled\/3621232392.jpg\" data-srcset-fg=\"https:\/\/charlotteabicyclette.com\/wp-content\/uploads\/cache\/2021\/01\/DSCF0102-scaled\/2243282411.jpg 4x\" src=\"data:image\/svg+xml,%3Csvg%20xmlns%3D%22http%3A%2F%2Fwww.w3.org%2F2000%2Fsvg%22%20width%3D%22562%22%20height%3D%22375%22%20viewBox%3D%220%200%20562%20375%22%3E%3C%2Fsvg%3E\" loading=\"eager\"><\/span><span class=\"fg-image-overlay\"><\/span><\/a><figcaption class=\"fg-caption\"><div class=\"fg-caption-inner\"><\/div><\/figcaption><\/figure><div class=\"fg-loader\"><\/div><\/div><\/div>\r\n\n\n\n<div style=\"height:20px\" aria-hidden=\"true\" class=\"wp-block-spacer\"><\/div>\n\n\n\n<p>Pour trouver votre trajet en train avec votre v\u00e9lo non d\u00e9mont\u00e9, retrouvez <a href=\"https:\/\/charlotteabicyclette.com\/index.php\/2020\/05\/21\/comment-trouver-trajet-train-velo\/\" target=\"_blank\" rel=\"noreferrer noopener\">mon article<\/a> qui vous explique tout pas \u00e0 pas.<\/p>\n\n\n\n<p>Je suis donc partie le vendredi matin. Apr\u00e8s un tour devant la cath\u00e9drale de Rouen et un arr\u00eat au march\u00e9 (pour acheter andouille de Vire et cr\u00e8me normande), je suis partie en direction de la v\u00e9loroute <a href=\"https:\/\/www.laseineavelo.fr\/\" target=\"_blank\" rel=\"noreferrer noopener\">La Seine \u00e0 v\u00e9lo<\/a>. C\u2019est un nouvel itin\u00e9raire \u00e0 v\u00e9lo ouvert l\u2019ann\u00e9e derni\u00e8re. Il fait 400km en suivant la Seine entre Paris et la mer. Pour cette microaventure \u00e0 v\u00e9lo, je n\u2019en ferai qu\u2019une petite portion en Normandie.<\/p>\n\n\n\t\t\t<style>\r\n                #foogallery-gallery-1027.fg-justified .fg-item {\r\n                    margin-right: 2px;\r\n                    margin-bottom: 2px;\r\n                }\r\n\r\n                #foogallery-gallery-1027.fg-justified .fg-image {\r\n                    height: 250px;\r\n                }\r\n\t\t\t<\/style>\r\n\t\t\t<div class=\"foogallery foogallery-container foogallery-justified foogallery-lightbox-foobox fg-justified fg-light fg-loading-trail fg-loaded-fade-in fg-caption-always fg-hover-fade fg-ready\" id=\"foogallery-gallery-1027\" data-foogallery=\"{&quot;item&quot;:{&quot;showCaptionTitle&quot;:false,&quot;showCaptionDescription&quot;:true},&quot;lazy&quot;:true,&quot;template&quot;:{&quot;rowHeight&quot;:250,&quot;maxRowHeight&quot;:750,&quot;margins&quot;:2,&quot;align&quot;:&quot;center&quot;,&quot;lastRow&quot;:&quot;smart&quot;}}\" >\r\n\t<div class=\"fg-item fg-type-image fg-idle\"><figure class=\"fg-item-inner\"><a href=\"https:\/\/charlotteabicyclette.com\/wp-content\/uploads\/2021\/01\/DSCF0006-scaled.jpg\" data-caption-desc=\"Tour de l\u2019Horloge \u00e0 Rouen\" data-attachment-id=\"1005\" data-type=\"image\" class=\"fg-thumb\"><span class=\"fg-image-wrap\"><img decoding=\"async\" height=\"750\" width=\"500\" class=\"skip-lazy fg-image\" data-src-fg=\"https:\/\/charlotteabicyclette.com\/wp-content\/uploads\/cache\/2021\/01\/DSCF0006-scaled\/2046284299.jpg\" src=\"data:image\/svg+xml,%3Csvg%20xmlns%3D%22http%3A%2F%2Fwww.w3.org%2F2000%2Fsvg%22%20width%3D%22500%22%20height%3D%22750%22%20viewBox%3D%220%200%20500%20750%22%3E%3C%2Fsvg%3E\" loading=\"eager\"><\/span><span class=\"fg-image-overlay\"><\/span><\/a><figcaption class=\"fg-caption\"><div class=\"fg-caption-inner\"><div class=\"fg-caption-desc\">Tour de l\u2019Horloge \u00e0 Rouen<\/div><\/div><\/figcaption><\/figure><div class=\"fg-loader\"><\/div><\/div><div class=\"fg-item fg-type-image fg-idle\"><figure class=\"fg-item-inner\"><a href=\"https:\/\/charlotteabicyclette.com\/wp-content\/uploads\/2021\/01\/DSCF0018-scaled.jpg\" data-caption-desc=\"La cath\u00e9drale de Rouen\" data-attachment-id=\"1006\" data-type=\"image\" class=\"fg-thumb\"><span class=\"fg-image-wrap\"><img decoding=\"async\" height=\"750\" width=\"500\" class=\"skip-lazy fg-image\" data-src-fg=\"https:\/\/charlotteabicyclette.com\/wp-content\/uploads\/cache\/2021\/01\/DSCF0018-scaled\/267445110.jpg\" src=\"data:image\/svg+xml,%3Csvg%20xmlns%3D%22http%3A%2F%2Fwww.w3.org%2F2000%2Fsvg%22%20width%3D%22500%22%20height%3D%22750%22%20viewBox%3D%220%200%20500%20750%22%3E%3C%2Fsvg%3E\" loading=\"eager\"><\/span><span class=\"fg-image-overlay\"><\/span><\/a><figcaption class=\"fg-caption\"><div class=\"fg-caption-inner\"><div class=\"fg-caption-desc\">La cath\u00e9drale de Rouen<\/div><\/div><\/figcaption><\/figure><div class=\"fg-loader\"><\/div><\/div><div class=\"fg-item fg-type-image fg-idle\"><figure class=\"fg-item-inner\"><a href=\"https:\/\/charlotteabicyclette.com\/wp-content\/uploads\/2021\/01\/DSCF0027-scaled.jpg\" data-caption-desc=\"\u00c9glise Sainte-Jeanne d\u2019Arc \u00e0 Rouen\" data-attachment-id=\"1007\" data-type=\"image\" class=\"fg-thumb\"><span class=\"fg-image-wrap\"><img decoding=\"async\" height=\"750\" width=\"500\" class=\"skip-lazy fg-image\" data-src-fg=\"https:\/\/charlotteabicyclette.com\/wp-content\/uploads\/cache\/2021\/01\/DSCF0027-scaled\/3614178897.jpg\" src=\"data:image\/svg+xml,%3Csvg%20xmlns%3D%22http%3A%2F%2Fwww.w3.org%2F2000%2Fsvg%22%20width%3D%22500%22%20height%3D%22750%22%20viewBox%3D%220%200%20500%20750%22%3E%3C%2Fsvg%3E\" loading=\"eager\"><\/span><span class=\"fg-image-overlay\"><\/span><\/a><figcaption class=\"fg-caption\"><div class=\"fg-caption-inner\"><div class=\"fg-caption-desc\">\u00c9glise Sainte-Jeanne d\u2019Arc \u00e0 Rouen<\/div><\/div><\/figcaption><\/figure><div class=\"fg-loader\"><\/div><\/div><\/div>\r\n\n\n\n<div style=\"height:48px\" aria-hidden=\"true\" class=\"wp-block-spacer\"><\/div>\n\n\n\n<h2 class=\"wp-block-heading\"><span style=\"color:#0092b3\" class=\"has-inline-color\">Le parcours<\/span><\/h2>\n\n\n\n<p>L\u2019objectif de la journ\u00e9e est de <strong><span style=\"color:#ffb126\" class=\"has-inline-color\">suivre 2 boucles de la Seine<\/span><\/strong> avant de rejoindre le airbnb o\u00f9 je passe la nuit. Au d\u00e9part de Rouen, on se retrouve dans les paysages industriels du port de Rouen, premier port c\u00e9r\u00e9alier d\u2019Europe de l\u2019ouest. <strong><span style=\"color:#ffb126\" class=\"has-inline-color\">Des grues, des portes-containers et des silos<\/span><\/strong> rythment mon avanc\u00e9e.<\/p>\n\n\n\t\t\t<style>\r\n                #foogallery-gallery-1028.fg-justified .fg-item {\r\n                    margin-right: 2px;\r\n                    margin-bottom: 2px;\r\n                }\r\n\r\n                #foogallery-gallery-1028.fg-justified .fg-image {\r\n                    height: 250px;\r\n                }\r\n\t\t\t<\/style>\r\n\t\t\t<div class=\"foogallery foogallery-container foogallery-justified foogallery-lightbox-foobox fg-justified fg-light fg-loading-trail fg-loaded-fade-in fg-caption-always fg-hover-fade fg-ready\" id=\"foogallery-gallery-1028\" data-foogallery=\"{&quot;item&quot;:{&quot;showCaptionTitle&quot;:false,&quot;showCaptionDescription&quot;:true},&quot;lazy&quot;:true,&quot;template&quot;:{&quot;rowHeight&quot;:250,&quot;maxRowHeight&quot;:375,&quot;margins&quot;:2,&quot;align&quot;:&quot;center&quot;,&quot;lastRow&quot;:&quot;smart&quot;}}\" >\r\n\t<div class=\"fg-item fg-type-image fg-idle\"><figure class=\"fg-item-inner\"><a href=\"https:\/\/charlotteabicyclette.com\/wp-content\/uploads\/2021\/01\/DSCF0044-scaled.jpg\" data-attachment-id=\"1008\" data-type=\"image\" class=\"fg-thumb\"><span class=\"fg-image-wrap\"><img decoding=\"async\" height=\"375\" width=\"562\" class=\"skip-lazy fg-image\" data-src-fg=\"https:\/\/charlotteabicyclette.com\/wp-content\/uploads\/cache\/2021\/01\/DSCF0044-scaled\/1674967916.jpg\" data-srcset-fg=\"https:\/\/charlotteabicyclette.com\/wp-content\/uploads\/cache\/2021\/01\/DSCF0044-scaled\/834118031.jpg 4x\" src=\"data:image\/svg+xml,%3Csvg%20xmlns%3D%22http%3A%2F%2Fwww.w3.org%2F2000%2Fsvg%22%20width%3D%22562%22%20height%3D%22375%22%20viewBox%3D%220%200%20562%20375%22%3E%3C%2Fsvg%3E\" loading=\"eager\"><\/span><span class=\"fg-image-overlay\"><\/span><\/a><figcaption class=\"fg-caption\"><div class=\"fg-caption-inner\"><\/div><\/figcaption><\/figure><div class=\"fg-loader\"><\/div><\/div><div class=\"fg-item fg-type-image fg-idle\"><figure class=\"fg-item-inner\"><a href=\"https:\/\/charlotteabicyclette.com\/wp-content\/uploads\/2021\/01\/DSCF0047-scaled.jpg\" data-attachment-id=\"1009\" data-type=\"image\" class=\"fg-thumb\"><span class=\"fg-image-wrap\"><img decoding=\"async\" height=\"375\" width=\"562\" class=\"skip-lazy fg-image\" data-src-fg=\"https:\/\/charlotteabicyclette.com\/wp-content\/uploads\/cache\/2021\/01\/DSCF0047-scaled\/3614702429.jpg\" data-srcset-fg=\"https:\/\/charlotteabicyclette.com\/wp-content\/uploads\/cache\/2021\/01\/DSCF0047-scaled\/2232525246.jpg 4x\" src=\"data:image\/svg+xml,%3Csvg%20xmlns%3D%22http%3A%2F%2Fwww.w3.org%2F2000%2Fsvg%22%20width%3D%22562%22%20height%3D%22375%22%20viewBox%3D%220%200%20562%20375%22%3E%3C%2Fsvg%3E\" loading=\"eager\"><\/span><span class=\"fg-image-overlay\"><\/span><\/a><figcaption class=\"fg-caption\"><div class=\"fg-caption-inner\"><\/div><\/figcaption><\/figure><div class=\"fg-loader\"><\/div><\/div><div class=\"fg-item fg-type-image fg-idle\"><figure class=\"fg-item-inner\"><a href=\"https:\/\/charlotteabicyclette.com\/wp-content\/uploads\/2021\/01\/DSCF0061-scaled.jpg\" data-attachment-id=\"1010\" data-type=\"image\" class=\"fg-thumb\"><span class=\"fg-image-wrap\"><img decoding=\"async\" height=\"375\" width=\"562\" class=\"skip-lazy fg-image\" data-src-fg=\"https:\/\/charlotteabicyclette.com\/wp-content\/uploads\/cache\/2021\/01\/DSCF0061-scaled\/2178692043.jpg\" data-srcset-fg=\"https:\/\/charlotteabicyclette.com\/wp-content\/uploads\/cache\/2021\/01\/DSCF0061-scaled\/3552471336.jpg 4x\" src=\"data:image\/svg+xml,%3Csvg%20xmlns%3D%22http%3A%2F%2Fwww.w3.org%2F2000%2Fsvg%22%20width%3D%22562%22%20height%3D%22375%22%20viewBox%3D%220%200%20562%20375%22%3E%3C%2Fsvg%3E\" loading=\"eager\"><\/span><span class=\"fg-image-overlay\"><\/span><\/a><figcaption class=\"fg-caption\"><div class=\"fg-caption-inner\"><\/div><\/figcaption><\/figure><div class=\"fg-loader\"><\/div><\/div><div class=\"fg-item fg-type-image fg-idle\"><figure class=\"fg-item-inner\"><a href=\"https:\/\/charlotteabicyclette.com\/wp-content\/uploads\/2021\/01\/DSCF0079-scaled.jpg\" data-attachment-id=\"1011\" data-type=\"image\" class=\"fg-thumb\"><span class=\"fg-image-wrap\"><img decoding=\"async\" height=\"375\" width=\"562\" class=\"skip-lazy fg-image\" data-src-fg=\"https:\/\/charlotteabicyclette.com\/wp-content\/uploads\/cache\/2021\/01\/DSCF0079-scaled\/1172702357.jpg\" data-srcset-fg=\"https:\/\/charlotteabicyclette.com\/wp-content\/uploads\/cache\/2021\/01\/DSCF0079-scaled\/394550902.jpg 4x\" src=\"data:image\/svg+xml,%3Csvg%20xmlns%3D%22http%3A%2F%2Fwww.w3.org%2F2000%2Fsvg%22%20width%3D%22562%22%20height%3D%22375%22%20viewBox%3D%220%200%20562%20375%22%3E%3C%2Fsvg%3E\" loading=\"eager\"><\/span><span class=\"fg-image-overlay\"><\/span><\/a><figcaption class=\"fg-caption\"><div class=\"fg-caption-inner\"><\/div><\/figcaption><\/figure><div class=\"fg-loader\"><\/div><\/div><\/div>\r\n\n\n\n<div style=\"height:51px\" aria-hidden=\"true\" class=\"wp-block-spacer\"><\/div>\n\n\n\n<p>Petit \u00e0 petit, le port laisse place \u00e0 un paysage plus bucolique o\u00f9 on retrouve des villages en bord de Seine, des champs o\u00f9 paissent <strong><span style=\"color:#ffb126\" class=\"has-inline-color\">les vaches ou les moutons et de multiples vergers de pommiers et poiriers<\/span><\/strong>. Pas de doute, on est bien en Normandie. C\u2019est que je suis entr\u00e9e dans le <a href=\"https:\/\/www.laseineavelo.fr\/\" target=\"_blank\" rel=\"noreferrer noopener\">parc naturel r\u00e9gional des Boucles de la Seine Normande<\/a>.<\/p>\n\n\n\n<p>Le parcours est vraiment tr\u00e8s joli. Il est compl\u00e8tement plat tant qu\u2019on suit la Seine. En revanche, \u00e7a monte un peu lorsqu\u2019il faut s\u2019\u00e9loigner un peu des berges, ce que pr\u00e9voit l\u2019itin\u00e9raire \u00e0 partir de Bardouville. Une fois mont\u00e9, on profite des belles vues sur la Seine, toujours au milieu des vergers et des vaches.<\/p>\n\n\n\t\t\t<style>\r\n                #foogallery-gallery-1030.fg-justified .fg-item {\r\n                    margin-right: 2px;\r\n                    margin-bottom: 2px;\r\n                }\r\n\r\n                #foogallery-gallery-1030.fg-justified .fg-image {\r\n                    height: 250px;\r\n                }\r\n\t\t\t<\/style>\r\n\t\t\t<div class=\"foogallery foogallery-container foogallery-justified foogallery-lightbox-foobox fg-justified fg-light fg-loading-trail fg-loaded-fade-in fg-caption-always fg-hover-fade fg-ready\" id=\"foogallery-gallery-1030\" data-foogallery=\"{&quot;item&quot;:{&quot;showCaptionTitle&quot;:false,&quot;showCaptionDescription&quot;:true},&quot;lazy&quot;:true,&quot;template&quot;:{&quot;rowHeight&quot;:250,&quot;maxRowHeight&quot;:375,&quot;margins&quot;:2,&quot;align&quot;:&quot;center&quot;,&quot;lastRow&quot;:&quot;smart&quot;}}\" >\r\n\t<div class=\"fg-item fg-type-image fg-idle\"><figure class=\"fg-item-inner\"><a href=\"https:\/\/charlotteabicyclette.com\/wp-content\/uploads\/2021\/01\/DSCF0086-scaled.jpg\" data-attachment-id=\"1012\" data-type=\"image\" class=\"fg-thumb\"><span class=\"fg-image-wrap\"><img decoding=\"async\" height=\"375\" width=\"562\" class=\"skip-lazy fg-image\" data-src-fg=\"https:\/\/charlotteabicyclette.com\/wp-content\/uploads\/cache\/2021\/01\/DSCF0086-scaled\/2103195460.jpg\" data-srcset-fg=\"https:\/\/charlotteabicyclette.com\/wp-content\/uploads\/cache\/2021\/01\/DSCF0086-scaled\/792620455.jpg 4x\" src=\"data:image\/svg+xml,%3Csvg%20xmlns%3D%22http%3A%2F%2Fwww.w3.org%2F2000%2Fsvg%22%20width%3D%22562%22%20height%3D%22375%22%20viewBox%3D%220%200%20562%20375%22%3E%3C%2Fsvg%3E\" loading=\"eager\"><\/span><span class=\"fg-image-overlay\"><\/span><\/a><figcaption class=\"fg-caption\"><div class=\"fg-caption-inner\"><\/div><\/figcaption><\/figure><div class=\"fg-loader\"><\/div><\/div><div class=\"fg-item fg-type-image fg-idle\"><figure class=\"fg-item-inner\"><a href=\"https:\/\/charlotteabicyclette.com\/wp-content\/uploads\/2021\/01\/DSCF0103-scaled.jpg\" data-attachment-id=\"1017\" data-type=\"image\" class=\"fg-thumb\"><span class=\"fg-image-wrap\"><img decoding=\"async\" height=\"375\" width=\"562\" class=\"skip-lazy fg-image\" data-src-fg=\"https:\/\/charlotteabicyclette.com\/wp-content\/uploads\/cache\/2021\/01\/DSCF0103-scaled\/4090062516.jpg\" data-srcset-fg=\"https:\/\/charlotteabicyclette.com\/wp-content\/uploads\/cache\/2021\/01\/DSCF0103-scaled\/2712353879.jpg 4x\" src=\"data:image\/svg+xml,%3Csvg%20xmlns%3D%22http%3A%2F%2Fwww.w3.org%2F2000%2Fsvg%22%20width%3D%22562%22%20height%3D%22375%22%20viewBox%3D%220%200%20562%20375%22%3E%3C%2Fsvg%3E\" loading=\"eager\"><\/span><span class=\"fg-image-overlay\"><\/span><\/a><figcaption class=\"fg-caption\"><div class=\"fg-caption-inner\"><\/div><\/figcaption><\/figure><div class=\"fg-loader\"><\/div><\/div><div class=\"fg-item fg-type-image fg-idle\"><figure class=\"fg-item-inner\"><a href=\"https:\/\/charlotteabicyclette.com\/wp-content\/uploads\/2021\/01\/DSCF0109-scaled.jpg\" data-attachment-id=\"1018\" data-type=\"image\" class=\"fg-thumb\"><span class=\"fg-image-wrap\"><img decoding=\"async\" height=\"375\" width=\"562\" class=\"skip-lazy fg-image\" data-src-fg=\"https:\/\/charlotteabicyclette.com\/wp-content\/uploads\/cache\/2021\/01\/DSCF0109-scaled\/1973961055.jpg\" data-srcset-fg=\"https:\/\/charlotteabicyclette.com\/wp-content\/uploads\/cache\/2021\/01\/DSCF0109-scaled\/667556796.jpg 4x\" src=\"data:image\/svg+xml,%3Csvg%20xmlns%3D%22http%3A%2F%2Fwww.w3.org%2F2000%2Fsvg%22%20width%3D%22562%22%20height%3D%22375%22%20viewBox%3D%220%200%20562%20375%22%3E%3C%2Fsvg%3E\" loading=\"eager\"><\/span><span class=\"fg-image-overlay\"><\/span><\/a><figcaption class=\"fg-caption\"><div class=\"fg-caption-inner\"><\/div><\/figcaption><\/figure><div class=\"fg-loader\"><\/div><\/div><div class=\"fg-item fg-type-image fg-idle\"><figure class=\"fg-item-inner\"><a href=\"https:\/\/charlotteabicyclette.com\/wp-content\/uploads\/2021\/01\/DSCF0117-scaled.jpg\" data-attachment-id=\"1019\" data-type=\"image\" class=\"fg-thumb\"><span class=\"fg-image-wrap\"><img decoding=\"async\" height=\"375\" width=\"562\" class=\"skip-lazy fg-image\" data-src-fg=\"https:\/\/charlotteabicyclette.com\/wp-content\/uploads\/cache\/2021\/01\/DSCF0117-scaled\/2473108211.jpg\" data-srcset-fg=\"https:\/\/charlotteabicyclette.com\/wp-content\/uploads\/cache\/2021\/01\/DSCF0117-scaled\/3238721552.jpg 4x\" src=\"data:image\/svg+xml,%3Csvg%20xmlns%3D%22http%3A%2F%2Fwww.w3.org%2F2000%2Fsvg%22%20width%3D%22562%22%20height%3D%22375%22%20viewBox%3D%220%200%20562%20375%22%3E%3C%2Fsvg%3E\" loading=\"eager\"><\/span><span class=\"fg-image-overlay\"><\/span><\/a><figcaption class=\"fg-caption\"><div class=\"fg-caption-inner\"><\/div><\/figcaption><\/figure><div class=\"fg-loader\"><\/div><\/div><div class=\"fg-item fg-type-image fg-idle\"><figure class=\"fg-item-inner\"><a href=\"https:\/\/charlotteabicyclette.com\/wp-content\/uploads\/2021\/01\/DSCF0147-scaled.jpg\" data-caption-desc=\"Abbaye de Jumi\u00e8ges\" data-attachment-id=\"1021\" data-type=\"image\" class=\"fg-thumb\"><span class=\"fg-image-wrap\"><img decoding=\"async\" height=\"375\" width=\"562\" class=\"skip-lazy fg-image\" data-src-fg=\"https:\/\/charlotteabicyclette.com\/wp-content\/uploads\/cache\/2021\/01\/DSCF0147-scaled\/1314588986.jpg\" data-srcset-fg=\"https:\/\/charlotteabicyclette.com\/wp-content\/uploads\/cache\/2021\/01\/DSCF0147-scaled\/473519065.jpg 4x\" src=\"data:image\/svg+xml,%3Csvg%20xmlns%3D%22http%3A%2F%2Fwww.w3.org%2F2000%2Fsvg%22%20width%3D%22562%22%20height%3D%22375%22%20viewBox%3D%220%200%20562%20375%22%3E%3C%2Fsvg%3E\" loading=\"eager\"><\/span><span class=\"fg-image-overlay\"><\/span><\/a><figcaption class=\"fg-caption\"><div class=\"fg-caption-inner\"><div class=\"fg-caption-desc\">Abbaye de Jumi\u00e8ges<\/div><\/div><\/figcaption><\/figure><div class=\"fg-loader\"><\/div><\/div><\/div>\r\n\n\n\n<div style=\"height:57px\" aria-hidden=\"true\" class=\"wp-block-spacer\"><\/div>\n\n\n\n<p>A la fin de la journ\u00e9e, j\u2019arrive \u00e0 <strong><span style=\"color:#ffb126\" class=\"has-inline-color\">l\u2019abbaye de Jumi\u00e8ges<\/span><\/strong>, une ancienne abbaye en ruine dont la construction d\u00e9buta en 654. Malheureusement elle est ferm\u00e9e \u00e0 cause du covid. Il ne reste plus qu\u2019\u00e0 faire les derniers kilom\u00e8tres jusqu\u2019\u00e0 la petite maison lou\u00e9e sur airbnb pour finir cette bonne journ\u00e9e, apr\u00e8s 65 km au compteur.<\/p>\n\n\n\n<p>Le samedi, il neige puis il pleut, je reste bien \u00e0 l\u2019abri de la petite maison, entour\u00e9e des poules.<\/p>\n\n\n\n<p>Le dimanche, il refait un tr\u00e8s beau temps. J\u2019ai choisi de repartir vers Yvetot pour y prendre le train du retour. Petit \u00e9chec quand je souhaite prendre le bac pour traverser la Seine qui malheureusement ne fonctionne pas le dimanche. Il faudra passer par le pont sur la grosse d\u00e9partementale qui fait peur.<\/p>\n\n\n\t\t\t<style>\r\n                #foogallery-gallery-1031.fg-justified .fg-item {\r\n                    margin-right: 2px;\r\n                    margin-bottom: 2px;\r\n                }\r\n\r\n                #foogallery-gallery-1031.fg-justified .fg-image {\r\n                    height: 250px;\r\n                }\r\n\t\t\t<\/style>\r\n\t\t\t<div class=\"foogallery foogallery-container foogallery-justified foogallery-lightbox-foobox fg-justified fg-light fg-loading-trail fg-loaded-fade-in fg-caption-always fg-hover-fade fg-ready\" id=\"foogallery-gallery-1031\" data-foogallery=\"{&quot;item&quot;:{&quot;showCaptionTitle&quot;:false,&quot;showCaptionDescription&quot;:true},&quot;lazy&quot;:true,&quot;template&quot;:{&quot;rowHeight&quot;:250,&quot;maxRowHeight&quot;:375,&quot;margins&quot;:2,&quot;align&quot;:&quot;center&quot;,&quot;lastRow&quot;:&quot;smart&quot;}}\" >\r\n\t<div class=\"fg-item fg-type-image fg-idle\"><figure class=\"fg-item-inner\"><a href=\"https:\/\/charlotteabicyclette.com\/wp-content\/uploads\/2021\/01\/DSCF0168-scaled.jpg\" data-attachment-id=\"1022\" data-type=\"image\" class=\"fg-thumb\"><span class=\"fg-image-wrap\"><img decoding=\"async\" height=\"375\" width=\"562\" class=\"skip-lazy fg-image\" data-src-fg=\"https:\/\/charlotteabicyclette.com\/wp-content\/uploads\/cache\/2021\/01\/DSCF0168-scaled\/1460528425.jpg\" data-srcset-fg=\"https:\/\/charlotteabicyclette.com\/wp-content\/uploads\/cache\/2021\/01\/DSCF0168-scaled\/91209674.jpg 4x\" src=\"data:image\/svg+xml,%3Csvg%20xmlns%3D%22http%3A%2F%2Fwww.w3.org%2F2000%2Fsvg%22%20width%3D%22562%22%20height%3D%22375%22%20viewBox%3D%220%200%20562%20375%22%3E%3C%2Fsvg%3E\" loading=\"eager\"><\/span><span class=\"fg-image-overlay\"><\/span><\/a><figcaption class=\"fg-caption\"><div class=\"fg-caption-inner\"><\/div><\/figcaption><\/figure><div class=\"fg-loader\"><\/div><\/div><div class=\"fg-item fg-type-image fg-idle\"><figure class=\"fg-item-inner\"><a href=\"https:\/\/charlotteabicyclette.com\/wp-content\/uploads\/2021\/01\/DSCF0177-scaled.jpg\" data-attachment-id=\"1023\" data-type=\"image\" class=\"fg-thumb\"><span class=\"fg-image-wrap\"><img decoding=\"async\" height=\"375\" width=\"562\" class=\"skip-lazy fg-image\" data-src-fg=\"https:\/\/charlotteabicyclette.com\/wp-content\/uploads\/cache\/2021\/01\/DSCF0177-scaled\/137813357.jpg\" data-srcset-fg=\"https:\/\/charlotteabicyclette.com\/wp-content\/uploads\/cache\/2021\/01\/DSCF0177-scaled\/1515489166.jpg 4x\" src=\"data:image\/svg+xml,%3Csvg%20xmlns%3D%22http%3A%2F%2Fwww.w3.org%2F2000%2Fsvg%22%20width%3D%22562%22%20height%3D%22375%22%20viewBox%3D%220%200%20562%20375%22%3E%3C%2Fsvg%3E\" loading=\"eager\"><\/span><span class=\"fg-image-overlay\"><\/span><\/a><figcaption class=\"fg-caption\"><div class=\"fg-caption-inner\"><\/div><\/figcaption><\/figure><div class=\"fg-loader\"><\/div><\/div><div class=\"fg-item fg-type-image fg-idle\"><figure class=\"fg-item-inner\"><a href=\"https:\/\/charlotteabicyclette.com\/wp-content\/uploads\/2021\/01\/DSCF0184-scaled.jpg\" data-attachment-id=\"1024\" data-type=\"image\" class=\"fg-thumb\"><span class=\"fg-image-wrap\"><img decoding=\"async\" height=\"375\" width=\"562\" class=\"skip-lazy fg-image\" data-src-fg=\"https:\/\/charlotteabicyclette.com\/wp-content\/uploads\/cache\/2021\/01\/DSCF0184-scaled\/1480837972.jpg\" data-srcset-fg=\"https:\/\/charlotteabicyclette.com\/wp-content\/uploads\/cache\/2021\/01\/DSCF0184-scaled\/169972151.jpg 4x\" src=\"data:image\/svg+xml,%3Csvg%20xmlns%3D%22http%3A%2F%2Fwww.w3.org%2F2000%2Fsvg%22%20width%3D%22562%22%20height%3D%22375%22%20viewBox%3D%220%200%20562%20375%22%3E%3C%2Fsvg%3E\" loading=\"eager\"><\/span><span class=\"fg-image-overlay\"><\/span><\/a><figcaption class=\"fg-caption\"><div class=\"fg-caption-inner\"><\/div><\/figcaption><\/figure><div class=\"fg-loader\"><\/div><\/div><div class=\"fg-item fg-type-image fg-idle\"><figure class=\"fg-item-inner\"><a href=\"https:\/\/charlotteabicyclette.com\/wp-content\/uploads\/2021\/01\/DSCF0211-scaled.jpg\" data-attachment-id=\"1025\" data-type=\"image\" class=\"fg-thumb\"><span class=\"fg-image-wrap\"><img decoding=\"async\" height=\"375\" width=\"562\" class=\"skip-lazy fg-image\" data-src-fg=\"https:\/\/charlotteabicyclette.com\/wp-content\/uploads\/cache\/2021\/01\/DSCF0211-scaled\/1090407117.jpg\" data-srcset-fg=\"https:\/\/charlotteabicyclette.com\/wp-content\/uploads\/cache\/2021\/01\/DSCF0211-scaled\/312217646.jpg 4x\" src=\"data:image\/svg+xml,%3Csvg%20xmlns%3D%22http%3A%2F%2Fwww.w3.org%2F2000%2Fsvg%22%20width%3D%22562%22%20height%3D%22375%22%20viewBox%3D%220%200%20562%20375%22%3E%3C%2Fsvg%3E\" loading=\"eager\"><\/span><span class=\"fg-image-overlay\"><\/span><\/a><figcaption class=\"fg-caption\"><div class=\"fg-caption-inner\"><\/div><\/figcaption><\/figure><div class=\"fg-loader\"><\/div><\/div><\/div>\r\n\n\n\n<div style=\"height:31px\" aria-hidden=\"true\" class=\"wp-block-spacer\"><\/div>\n\n\n\n<p>Finalement, le pont est relativement bien am\u00e9nag\u00e9 pour les v\u00e9los. La mont\u00e9e se fait tranquillement jusqu\u2019en haut o\u00f9 je peux profiter de la vue sur la vall\u00e9e de la Seine. Je m\u2019arr\u00eate ensuite devant l\u2019abbaye de Saint-Wandrille (ferm\u00e9e). Cette abbaye fonctionne toujours, on peut m\u00eame acheter de la bi\u00e8re fabriqu\u00e9e par les moines. La suite de la route est une mont\u00e9e tranquille sur les 8 derniers km <strong><span style=\"color:#ffb126\" class=\"has-inline-color\">dans une superbe vall\u00e9e<\/span><\/strong>. J\u2019arrive finalement \u00e0 Yvetot, la t\u00eate bien vid\u00e9e par cette microaventure en Normandie, avec mon v\u00e9lo.<\/p>\n\n\n\n<h2 class=\"wp-block-heading\"><span style=\"color:#0092b3\" class=\"has-inline-color\">Traverser la Seine \u00e0 v\u00e9lo sur des bacs<\/span><\/h2>\n\n\n\t\t\t<style>\r\n                #foogallery-gallery-1032.fg-justified .fg-item {\r\n                    margin-right: 2px;\r\n                    margin-bottom: 2px;\r\n                }\r\n\r\n                #foogallery-gallery-1032.fg-justified .fg-image {\r\n                    height: 250px;\r\n                }\r\n\t\t\t<\/style>\r\n\t\t\t<div class=\"foogallery foogallery-container foogallery-justified foogallery-lightbox-foobox fg-justified fg-light fg-loading-trail fg-loaded-fade-in fg-caption-always fg-hover-fade fg-ready\" id=\"foogallery-gallery-1032\" data-foogallery=\"{&quot;item&quot;:{&quot;showCaptionTitle&quot;:false,&quot;showCaptionDescription&quot;:true},&quot;lazy&quot;:true,&quot;template&quot;:{&quot;rowHeight&quot;:250,&quot;maxRowHeight&quot;:375,&quot;margins&quot;:2,&quot;align&quot;:&quot;center&quot;,&quot;lastRow&quot;:&quot;smart&quot;}}\" >\r\n\t<div class=\"fg-item fg-type-image fg-idle\"><figure class=\"fg-item-inner\"><a href=\"https:\/\/charlotteabicyclette.com\/wp-content\/uploads\/2021\/01\/DSCF0087-scaled.jpg\" data-caption-desc=\"Le bac pour traverser la Seine\" data-attachment-id=\"1013\" data-type=\"image\" class=\"fg-thumb\"><span class=\"fg-image-wrap\"><img decoding=\"async\" height=\"375\" width=\"562\" class=\"skip-lazy fg-image\" data-src-fg=\"https:\/\/charlotteabicyclette.com\/wp-content\/uploads\/cache\/2021\/01\/DSCF0087-scaled\/1380619921.jpg\" data-srcset-fg=\"https:\/\/charlotteabicyclette.com\/wp-content\/uploads\/cache\/2021\/01\/DSCF0087-scaled\/2673778.jpg 4x\" src=\"data:image\/svg+xml,%3Csvg%20xmlns%3D%22http%3A%2F%2Fwww.w3.org%2F2000%2Fsvg%22%20width%3D%22562%22%20height%3D%22375%22%20viewBox%3D%220%200%20562%20375%22%3E%3C%2Fsvg%3E\" loading=\"eager\"><\/span><span class=\"fg-image-overlay\"><\/span><\/a><figcaption class=\"fg-caption\"><div class=\"fg-caption-inner\"><div class=\"fg-caption-desc\">Le bac pour traverser la Seine<\/div><\/div><\/figcaption><\/figure><div class=\"fg-loader\"><\/div><\/div><div class=\"fg-item fg-type-image fg-idle\"><figure class=\"fg-item-inner\"><a href=\"https:\/\/charlotteabicyclette.com\/wp-content\/uploads\/2021\/01\/DSCF0093-scaled.jpg\" data-caption-desc=\"En attendant le bac\" data-attachment-id=\"1014\" data-type=\"image\" class=\"fg-thumb\"><span class=\"fg-image-wrap\"><img decoding=\"async\" height=\"375\" width=\"562\" class=\"skip-lazy fg-image\" data-src-fg=\"https:\/\/charlotteabicyclette.com\/wp-content\/uploads\/cache\/2021\/01\/DSCF0093-scaled\/3116136729.jpg\" data-srcset-fg=\"https:\/\/charlotteabicyclette.com\/wp-content\/uploads\/cache\/2021\/01\/DSCF0093-scaled\/3957203962.jpg 4x\" src=\"data:image\/svg+xml,%3Csvg%20xmlns%3D%22http%3A%2F%2Fwww.w3.org%2F2000%2Fsvg%22%20width%3D%22562%22%20height%3D%22375%22%20viewBox%3D%220%200%20562%20375%22%3E%3C%2Fsvg%3E\" loading=\"eager\"><\/span><span class=\"fg-image-overlay\"><\/span><\/a><figcaption class=\"fg-caption\"><div class=\"fg-caption-inner\"><div class=\"fg-caption-desc\">En attendant le bac<\/div><\/div><\/figcaption><\/figure><div class=\"fg-loader\"><\/div><\/div><div class=\"fg-item fg-type-image fg-idle\"><figure class=\"fg-item-inner\"><a href=\"https:\/\/charlotteabicyclette.com\/wp-content\/uploads\/2021\/01\/DSCF0099-scaled.jpg\" data-attachment-id=\"1015\" data-type=\"image\" class=\"fg-thumb\"><span class=\"fg-image-wrap\"><img decoding=\"async\" height=\"375\" width=\"562\" class=\"skip-lazy fg-image\" data-src-fg=\"https:\/\/charlotteabicyclette.com\/wp-content\/uploads\/cache\/2021\/01\/DSCF0099-scaled\/2070441543.jpg\" data-srcset-fg=\"https:\/\/charlotteabicyclette.com\/wp-content\/uploads\/cache\/2021\/01\/DSCF0099-scaled\/688534692.jpg 4x\" src=\"data:image\/svg+xml,%3Csvg%20xmlns%3D%22http%3A%2F%2Fwww.w3.org%2F2000%2Fsvg%22%20width%3D%22562%22%20height%3D%22375%22%20viewBox%3D%220%200%20562%20375%22%3E%3C%2Fsvg%3E\" loading=\"eager\"><\/span><span class=\"fg-image-overlay\"><\/span><\/a><figcaption class=\"fg-caption\"><div class=\"fg-caption-inner\"><\/div><\/figcaption><\/figure><div class=\"fg-loader\"><\/div><\/div><\/div>\r\n\n\n\n<div style=\"height:31px\" aria-hidden=\"true\" class=\"wp-block-spacer\"><\/div>\n\n\n\n<p>Un des gros avantages du parcours est qu\u2019il fait <strong><span style=\"color:#ffb126\" class=\"has-inline-color\">traverser la Seine par des bacs.<\/span><\/strong> C\u2019est gratuit et il est tr\u00e8s simple d\u2019y monter avec son v\u00e9lo. Pour \u00eatre tenu au courant des horaires des bacs, il existe une application du d\u00e9partement de la Seine Maritime. On peut s\u2019y abonner aux alertes sur chaque bac. Le vendredi, petite inqui\u00e9tude car le bac que je devais prendre \u00e9tait indiqu\u00e9 ferm\u00e9. J\u2019ai pu appel\u00e9 directement les services du d\u00e9partement : ouf, les travaux terminent \u00e0 midi, bien avant mon arriv\u00e9e au bac.<\/p>\n\n\n\n<h2 class=\"wp-block-heading\"><span style=\"color:#0092b3\" class=\"has-inline-color\">Faire du v\u00e9lo en hiver pendant la pand\u00e9mie<\/span><\/h2>\n\n\n\t\t\t<style>\r\n                #foogallery-gallery-1215.fg-justified .fg-item {\r\n                    margin-right: 2px;\r\n                    margin-bottom: 2px;\r\n                }\r\n\r\n                #foogallery-gallery-1215.fg-justified .fg-image {\r\n                    height: 250px;\r\n                }\r\n\t\t\t<\/style>\r\n\t\t\t<div class=\"foogallery foogallery-container foogallery-justified foogallery-lightbox-foobox fg-justified fg-light fg-loading-trail fg-loaded-fade-in fg-caption-always fg-hover-fade fg-ready\" id=\"foogallery-gallery-1215\" data-foogallery=\"{&quot;item&quot;:{&quot;showCaptionTitle&quot;:false,&quot;showCaptionDescription&quot;:true},&quot;lazy&quot;:true,&quot;template&quot;:{&quot;rowHeight&quot;:250,&quot;maxRowHeight&quot;:375,&quot;margins&quot;:2,&quot;align&quot;:&quot;center&quot;,&quot;lastRow&quot;:&quot;smart&quot;}}\" >\r\n\t<div class=\"fg-item fg-type-image fg-idle\"><figure class=\"fg-item-inner\"><a href=\"https:\/\/charlotteabicyclette.com\/wp-content\/uploads\/2021\/01\/DJI_0002-scaled.jpg\" data-attachment-id=\"1026\" data-type=\"image\" class=\"fg-thumb\"><span class=\"fg-image-wrap\"><img decoding=\"async\" height=\"375\" width=\"500\" class=\"skip-lazy fg-image\" data-src-fg=\"https:\/\/charlotteabicyclette.com\/wp-content\/uploads\/cache\/2021\/01\/DJI_0002-scaled\/1294815114.jpg\" data-srcset-fg=\"https:\/\/charlotteabicyclette.com\/wp-content\/uploads\/cache\/2021\/01\/DJI_0002-scaled\/3563818790.jpg 4x\" src=\"data:image\/svg+xml,%3Csvg%20xmlns%3D%22http%3A%2F%2Fwww.w3.org%2F2000%2Fsvg%22%20width%3D%22500%22%20height%3D%22375%22%20viewBox%3D%220%200%20500%20375%22%3E%3C%2Fsvg%3E\" loading=\"eager\"><\/span><span class=\"fg-image-overlay\"><\/span><\/a><figcaption class=\"fg-caption\"><div class=\"fg-caption-inner\"><\/div><\/figcaption><\/figure><div class=\"fg-loader\"><\/div><\/div><\/div>\r\n\n\n\n<div style=\"height:24px\" aria-hidden=\"true\" class=\"wp-block-spacer\"><\/div>\n\n\n\n<p>Il n\u2019y a pas de difficult\u00e9 \u00e0 faire du v\u00e9lo par rapport au covid. En revanche, la temp\u00e9rature fra\u00eeche peut \u00eatre un probl\u00e8me. Il faisait beau (ouf) mais il faisait 3 degr\u00e9. Ce qui est assez froid au bout de plusieurs heures dehors. Malheureusement, tous les bars et restaurants \u00e9tant ferm\u00e9s, <strong><span style=\"color:#ffb126\" class=\"has-inline-color\">impossible de se r\u00e9chauffer en buvant un caf\u00e9 au comptoir<\/span><\/strong> d\u2019un PMU. Ce qui est l\u2019un des grands plaisirs du voyage \u00e0 v\u00e9lo. Il faut donc bien penser \u00e0 se couvrir, voire \u00e0 emporter un thermos de boisson chaude.<\/p>\n","protected":false},"excerpt":{"rendered":"<p>En pleine pand\u00e9mie de Covid, entre confinements et couvres-feu, j\u2019ai eu tr\u00e8s envie de partir de Paris un week-end pour me changer les id\u00e9es. Avec mon v\u00e9lo, bien entendu. Pour une microaventure facile depuis Paris, direction Rouen en Normandie avec mon v\u00e9lo dans le train. Pour trouver votre trajet en train avec votre v\u00e9lo non [&hellip;]<\/p>\n","protected":false},"author":1,"featured_media":1012,"comment_status":"open","ping_status":"open","sticky":false,"template":"","format":"standard","meta":{"footnotes":""},"categories":[2],"tags":[61,62],"class_list":["post-999","post","type-post","status-publish","format-standard","has-post-thumbnail","hentry","category-microaventures","tag-normandie","tag-seine-a-velo"],"yoast_head":"<!-- This site is optimized with the Yoast SEO plugin v24.9 - https:\/\/yoast.com\/wordpress\/plugins\/seo\/ -->\n<title>Microaventure \u00e0 v\u00e9lo sur les boucles de la Seine en Normandie - CHARLOTTE A BICYCLETTE<\/title>\n<meta name=\"description\" content=\"R\u00e9cit et parcours d\u2019une microaventure \u00e0 v\u00e9lo en Normandie, au d\u00e9part de Rouen, en suivant la v\u00e9loroute la Seine \u00e0 V\u00e9lo le long des boucles de la Seine.\" \/>\n<meta name=\"robots\" content=\"index, follow, max-snippet:-1, max-image-preview:large, max-video-preview:-1\" \/>\n<link rel=\"canonical\" href=\"https:\/\/charlotteabicyclette.com\/index.php\/2021\/02\/13\/microaventure-velo-boucles-seine-normandie\/\" \/>\n<meta property=\"og:locale\" content=\"en_US\" \/>\n<meta property=\"og:type\" content=\"article\" \/>\n<meta property=\"og:title\" content=\"Microaventure \u00e0 v\u00e9lo sur les boucles de la Seine en Normandie - CHARLOTTE A BICYCLETTE\" \/>\n<meta property=\"og:description\" content=\"R\u00e9cit et parcours d\u2019une microaventure \u00e0 v\u00e9lo en Normandie, au d\u00e9part de Rouen, en suivant la v\u00e9loroute la Seine \u00e0 V\u00e9lo le long des boucles de la Seine.\" \/>\n<meta property=\"og:url\" content=\"https:\/\/charlotteabicyclette.com\/index.php\/2021\/02\/13\/microaventure-velo-boucles-seine-normandie\/\" \/>\n<meta property=\"og:site_name\" content=\"CHARLOTTE A BICYCLETTE\" \/>\n<meta property=\"article:publisher\" content=\"http:\/\/fb.me\/charlotteabicyclette\" \/>\n<meta property=\"article:published_time\" content=\"2021-02-13T13:55:58+00:00\" \/>\n<meta property=\"article:modified_time\" content=\"2021-04-15T13:55:17+00:00\" \/>\n<meta property=\"og:image\" content=\"https:\/\/charlotteabicyclette.com\/wp-content\/uploads\/2021\/01\/DSCF0086-scaled.jpg\" \/>\n\t<meta property=\"og:image:width\" content=\"2560\" \/>\n\t<meta property=\"og:image:height\" content=\"1707\" \/>\n\t<meta property=\"og:image:type\" content=\"image\/jpeg\" \/>\n<meta name=\"author\" content=\"Charlotte\" \/>\n<meta name=\"twitter:card\" content=\"summary_large_image\" \/>\n<meta name=\"twitter:label1\" content=\"Written by\" \/>\n\t<meta name=\"twitter:data1\" content=\"Charlotte\" \/>\n\t<meta name=\"twitter:label2\" content=\"Est. reading time\" \/>\n\t<meta name=\"twitter:data2\" content=\"4 minutes\" \/>\n<script type=\"application\/ld+json\" class=\"yoast-schema-graph\">{\"@context\":\"https:\/\/schema.org\",\"@graph\":[{\"@type\":\"Article\",\"@id\":\"https:\/\/charlotteabicyclette.com\/index.php\/2021\/02\/13\/microaventure-velo-boucles-seine-normandie\/#article\",\"isPartOf\":{\"@id\":\"https:\/\/charlotteabicyclette.com\/index.php\/2021\/02\/13\/microaventure-velo-boucles-seine-normandie\/\"},\"author\":{\"name\":\"Charlotte\",\"@id\":\"https:\/\/charlotteabicyclette.com\/#\/schema\/person\/43150260ccd3fa1831cfe26d9ce7b447\"},\"headline\":\"Microaventure \u00e0 v\u00e9lo sur les boucles de la Seine en Normandie\",\"datePublished\":\"2021-02-13T13:55:58+00:00\",\"dateModified\":\"2021-04-15T13:55:17+00:00\",\"mainEntityOfPage\":{\"@id\":\"https:\/\/charlotteabicyclette.com\/index.php\/2021\/02\/13\/microaventure-velo-boucles-seine-normandie\/\"},\"wordCount\":810,\"commentCount\":0,\"publisher\":{\"@id\":\"https:\/\/charlotteabicyclette.com\/#organization\"},\"image\":{\"@id\":\"https:\/\/charlotteabicyclette.com\/index.php\/2021\/02\/13\/microaventure-velo-boucles-seine-normandie\/#primaryimage\"},\"thumbnailUrl\":\"https:\/\/charlotteabicyclette.com\/wp-content\/uploads\/2021\/01\/DSCF0086-scaled.jpg\",\"keywords\":[\"Normandie\",\"Seine \u00e0 v\u00e9lo\"],\"articleSection\":[\"Microaventures\"],\"inLanguage\":\"en-US\",\"potentialAction\":[{\"@type\":\"CommentAction\",\"name\":\"Comment\",\"target\":[\"https:\/\/charlotteabicyclette.com\/index.php\/2021\/02\/13\/microaventure-velo-boucles-seine-normandie\/#respond\"]}]},{\"@type\":\"WebPage\",\"@id\":\"https:\/\/charlotteabicyclette.com\/index.php\/2021\/02\/13\/microaventure-velo-boucles-seine-normandie\/\",\"url\":\"https:\/\/charlotteabicyclette.com\/index.php\/2021\/02\/13\/microaventure-velo-boucles-seine-normandie\/\",\"name\":\"Microaventure \u00e0 v\u00e9lo sur les boucles de la Seine en Normandie - CHARLOTTE A BICYCLETTE\",\"isPartOf\":{\"@id\":\"https:\/\/charlotteabicyclette.com\/#website\"},\"primaryImageOfPage\":{\"@id\":\"https:\/\/charlotteabicyclette.com\/index.php\/2021\/02\/13\/microaventure-velo-boucles-seine-normandie\/#primaryimage\"},\"image\":{\"@id\":\"https:\/\/charlotteabicyclette.com\/index.php\/2021\/02\/13\/microaventure-velo-boucles-seine-normandie\/#primaryimage\"},\"thumbnailUrl\":\"https:\/\/charlotteabicyclette.com\/wp-content\/uploads\/2021\/01\/DSCF0086-scaled.jpg\",\"datePublished\":\"2021-02-13T13:55:58+00:00\",\"dateModified\":\"2021-04-15T13:55:17+00:00\",\"description\":\"R\u00e9cit et parcours d\u2019une microaventure \u00e0 v\u00e9lo en Normandie, au d\u00e9part de Rouen, en suivant la v\u00e9loroute la Seine \u00e0 V\u00e9lo le long des boucles de la Seine.\",\"breadcrumb\":{\"@id\":\"https:\/\/charlotteabicyclette.com\/index.php\/2021\/02\/13\/microaventure-velo-boucles-seine-normandie\/#breadcrumb\"},\"inLanguage\":\"en-US\",\"potentialAction\":[{\"@type\":\"ReadAction\",\"target\":[\"https:\/\/charlotteabicyclette.com\/index.php\/2021\/02\/13\/microaventure-velo-boucles-seine-normandie\/\"]}]},{\"@type\":\"ImageObject\",\"inLanguage\":\"en-US\",\"@id\":\"https:\/\/charlotteabicyclette.com\/index.php\/2021\/02\/13\/microaventure-velo-boucles-seine-normandie\/#primaryimage\",\"url\":\"https:\/\/charlotteabicyclette.com\/wp-content\/uploads\/2021\/01\/DSCF0086-scaled.jpg\",\"contentUrl\":\"https:\/\/charlotteabicyclette.com\/wp-content\/uploads\/2021\/01\/DSCF0086-scaled.jpg\",\"width\":2560,\"height\":1707},{\"@type\":\"BreadcrumbList\",\"@id\":\"https:\/\/charlotteabicyclette.com\/index.php\/2021\/02\/13\/microaventure-velo-boucles-seine-normandie\/#breadcrumb\",\"itemListElement\":[{\"@type\":\"ListItem\",\"position\":1,\"name\":\"Accueil\",\"item\":\"https:\/\/charlotteabicyclette.com\/\"},{\"@type\":\"ListItem\",\"position\":2,\"name\":\"Microaventure \u00e0 v\u00e9lo sur les boucles de la Seine en Normandie\"}]},{\"@type\":\"WebSite\",\"@id\":\"https:\/\/charlotteabicyclette.com\/#website\",\"url\":\"https:\/\/charlotteabicyclette.com\/\",\"name\":\"CHARLOTTE A BICYCLETTE\",\"description\":\"Aventures \u00e0 v\u00e9lo\",\"publisher\":{\"@id\":\"https:\/\/charlotteabicyclette.com\/#organization\"},\"potentialAction\":[{\"@type\":\"SearchAction\",\"target\":{\"@type\":\"EntryPoint\",\"urlTemplate\":\"https:\/\/charlotteabicyclette.com\/?s={search_term_string}\"},\"query-input\":{\"@type\":\"PropertyValueSpecification\",\"valueRequired\":true,\"valueName\":\"search_term_string\"}}],\"inLanguage\":\"en-US\"},{\"@type\":\"Organization\",\"@id\":\"https:\/\/charlotteabicyclette.com\/#organization\",\"name\":\"Charlotte \u00e0 bicyclette\",\"url\":\"https:\/\/charlotteabicyclette.com\/\",\"logo\":{\"@type\":\"ImageObject\",\"inLanguage\":\"en-US\",\"@id\":\"https:\/\/charlotteabicyclette.com\/#\/schema\/logo\/image\/\",\"url\":\"https:\/\/charlotteabicyclette.com\/wp-content\/uploads\/2020\/02\/Charlotte-\u00e0-bicyclette-logo-A4-1.png\",\"contentUrl\":\"https:\/\/charlotteabicyclette.com\/wp-content\/uploads\/2020\/02\/Charlotte-\u00e0-bicyclette-logo-A4-1.png\",\"width\":8334,\"height\":8335,\"caption\":\"Charlotte \u00e0 bicyclette\"},\"image\":{\"@id\":\"https:\/\/charlotteabicyclette.com\/#\/schema\/logo\/image\/\"},\"sameAs\":[\"http:\/\/fb.me\/charlotteabicyclette\",\"https:\/\/www.instagram.com\/charlotteabicyclette\/\"]},{\"@type\":\"Person\",\"@id\":\"https:\/\/charlotteabicyclette.com\/#\/schema\/person\/43150260ccd3fa1831cfe26d9ce7b447\",\"name\":\"Charlotte\",\"image\":{\"@type\":\"ImageObject\",\"inLanguage\":\"en-US\",\"@id\":\"https:\/\/charlotteabicyclette.com\/#\/schema\/person\/image\/\",\"url\":\"https:\/\/secure.gravatar.com\/avatar\/20fd74ff441eb3d0fd0a228c0f0c07db?s=96&d=mm&r=g\",\"contentUrl\":\"https:\/\/secure.gravatar.com\/avatar\/20fd74ff441eb3d0fd0a228c0f0c07db?s=96&d=mm&r=g\",\"caption\":\"Charlotte\"}}]}<\/script>\n<!-- \/ Yoast SEO plugin. -->","yoast_head_json":{"title":"Microaventure \u00e0 v\u00e9lo sur les boucles de la Seine en Normandie - CHARLOTTE A BICYCLETTE","description":"R\u00e9cit et parcours d\u2019une microaventure \u00e0 v\u00e9lo en Normandie, au d\u00e9part de Rouen, en suivant la v\u00e9loroute la Seine \u00e0 V\u00e9lo le long des boucles de la Seine.","robots":{"index":"index","follow":"follow","max-snippet":"max-snippet:-1","max-image-preview":"max-image-preview:large","max-video-preview":"max-video-preview:-1"},"canonical":"https:\/\/charlotteabicyclette.com\/index.php\/2021\/02\/13\/microaventure-velo-boucles-seine-normandie\/","og_locale":"en_US","og_type":"article","og_title":"Microaventure \u00e0 v\u00e9lo sur les boucles de la Seine en Normandie - CHARLOTTE A BICYCLETTE","og_description":"R\u00e9cit et parcours d\u2019une microaventure \u00e0 v\u00e9lo en Normandie, au d\u00e9part de Rouen, en suivant la v\u00e9loroute la Seine \u00e0 V\u00e9lo le long des boucles de la Seine.","og_url":"https:\/\/charlotteabicyclette.com\/index.php\/2021\/02\/13\/microaventure-velo-boucles-seine-normandie\/","og_site_name":"CHARLOTTE A BICYCLETTE","article_publisher":"http:\/\/fb.me\/charlotteabicyclette","article_published_time":"2021-02-13T13:55:58+00:00","article_modified_time":"2021-04-15T13:55:17+00:00","og_image":[{"width":2560,"height":1707,"url":"https:\/\/charlotteabicyclette.com\/wp-content\/uploads\/2021\/01\/DSCF0086-scaled.jpg","type":"image\/jpeg"}],"author":"Charlotte","twitter_card":"summary_large_image","twitter_misc":{"Written by":"Charlotte","Est. reading time":"4 minutes"},"schema":{"@context":"https:\/\/schema.org","@graph":[{"@type":"Article","@id":"https:\/\/charlotteabicyclette.com\/index.php\/2021\/02\/13\/microaventure-velo-boucles-seine-normandie\/#article","isPartOf":{"@id":"https:\/\/charlotteabicyclette.com\/index.php\/2021\/02\/13\/microaventure-velo-boucles-seine-normandie\/"},"author":{"name":"Charlotte","@id":"https:\/\/charlotteabicyclette.com\/#\/schema\/person\/43150260ccd3fa1831cfe26d9ce7b447"},"headline":"Microaventure \u00e0 v\u00e9lo sur les boucles de la Seine en Normandie","datePublished":"2021-02-13T13:55:58+00:00","dateModified":"2021-04-15T13:55:17+00:00","mainEntityOfPage":{"@id":"https:\/\/charlotteabicyclette.com\/index.php\/2021\/02\/13\/microaventure-velo-boucles-seine-normandie\/"},"wordCount":810,"commentCount":0,"publisher":{"@id":"https:\/\/charlotteabicyclette.com\/#organization"},"image":{"@id":"https:\/\/charlotteabicyclette.com\/index.php\/2021\/02\/13\/microaventure-velo-boucles-seine-normandie\/#primaryimage"},"thumbnailUrl":"https:\/\/charlotteabicyclette.com\/wp-content\/uploads\/2021\/01\/DSCF0086-scaled.jpg","keywords":["Normandie","Seine \u00e0 v\u00e9lo"],"articleSection":["Microaventures"],"inLanguage":"en-US","potentialAction":[{"@type":"CommentAction","name":"Comment","target":["https:\/\/charlotteabicyclette.com\/index.php\/2021\/02\/13\/microaventure-velo-boucles-seine-normandie\/#respond"]}]},{"@type":"WebPage","@id":"https:\/\/charlotteabicyclette.com\/index.php\/2021\/02\/13\/microaventure-velo-boucles-seine-normandie\/","url":"https:\/\/charlotteabicyclette.com\/index.php\/2021\/02\/13\/microaventure-velo-boucles-seine-normandie\/","name":"Microaventure \u00e0 v\u00e9lo sur les boucles de la Seine en Normandie - CHARLOTTE A BICYCLETTE","isPartOf":{"@id":"https:\/\/charlotteabicyclette.com\/#website"},"primaryImageOfPage":{"@id":"https:\/\/charlotteabicyclette.com\/index.php\/2021\/02\/13\/microaventure-velo-boucles-seine-normandie\/#primaryimage"},"image":{"@id":"https:\/\/charlotteabicyclette.com\/index.php\/2021\/02\/13\/microaventure-velo-boucles-seine-normandie\/#primaryimage"},"thumbnailUrl":"https:\/\/charlotteabicyclette.com\/wp-content\/uploads\/2021\/01\/DSCF0086-scaled.jpg","datePublished":"2021-02-13T13:55:58+00:00","dateModified":"2021-04-15T13:55:17+00:00","description":"R\u00e9cit et parcours d\u2019une microaventure \u00e0 v\u00e9lo en Normandie, au d\u00e9part de Rouen, en suivant la v\u00e9loroute la Seine \u00e0 V\u00e9lo le long des boucles de la Seine.","breadcrumb":{"@id":"https:\/\/charlotteabicyclette.com\/index.php\/2021\/02\/13\/microaventure-velo-boucles-seine-normandie\/#breadcrumb"},"inLanguage":"en-US","potentialAction":[{"@type":"ReadAction","target":["https:\/\/charlotteabicyclette.com\/index.php\/2021\/02\/13\/microaventure-velo-boucles-seine-normandie\/"]}]},{"@type":"ImageObject","inLanguage":"en-US","@id":"https:\/\/charlotteabicyclette.com\/index.php\/2021\/02\/13\/microaventure-velo-boucles-seine-normandie\/#primaryimage","url":"https:\/\/charlotteabicyclette.com\/wp-content\/uploads\/2021\/01\/DSCF0086-scaled.jpg","contentUrl":"https:\/\/charlotteabicyclette.com\/wp-content\/uploads\/2021\/01\/DSCF0086-scaled.jpg","width":2560,"height":1707},{"@type":"BreadcrumbList","@id":"https:\/\/charlotteabicyclette.com\/index.php\/2021\/02\/13\/microaventure-velo-boucles-seine-normandie\/#breadcrumb","itemListElement":[{"@type":"ListItem","position":1,"name":"Accueil","item":"https:\/\/charlotteabicyclette.com\/"},{"@type":"ListItem","position":2,"name":"Microaventure \u00e0 v\u00e9lo sur les boucles de la Seine en Normandie"}]},{"@type":"WebSite","@id":"https:\/\/charlotteabicyclette.com\/#website","url":"https:\/\/charlotteabicyclette.com\/","name":"CHARLOTTE A BICYCLETTE","description":"Aventures \u00e0 v\u00e9lo","publisher":{"@id":"https:\/\/charlotteabicyclette.com\/#organization"},"potentialAction":[{"@type":"SearchAction","target":{"@type":"EntryPoint","urlTemplate":"https:\/\/charlotteabicyclette.com\/?s={search_term_string}"},"query-input":{"@type":"PropertyValueSpecification","valueRequired":true,"valueName":"search_term_string"}}],"inLanguage":"en-US"},{"@type":"Organization","@id":"https:\/\/charlotteabicyclette.com\/#organization","name":"Charlotte \u00e0 bicyclette","url":"https:\/\/charlotteabicyclette.com\/","logo":{"@type":"ImageObject","inLanguage":"en-US","@id":"https:\/\/charlotteabicyclette.com\/#\/schema\/logo\/image\/","url":"https:\/\/charlotteabicyclette.com\/wp-content\/uploads\/2020\/02\/Charlotte-\u00e0-bicyclette-logo-A4-1.png","contentUrl":"https:\/\/charlotteabicyclette.com\/wp-content\/uploads\/2020\/02\/Charlotte-\u00e0-bicyclette-logo-A4-1.png","width":8334,"height":8335,"caption":"Charlotte \u00e0 bicyclette"},"image":{"@id":"https:\/\/charlotteabicyclette.com\/#\/schema\/logo\/image\/"},"sameAs":["http:\/\/fb.me\/charlotteabicyclette","https:\/\/www.instagram.com\/charlotteabicyclette\/"]},{"@type":"Person","@id":"https:\/\/charlotteabicyclette.com\/#\/schema\/person\/43150260ccd3fa1831cfe26d9ce7b447","name":"Charlotte","image":{"@type":"ImageObject","inLanguage":"en-US","@id":"https:\/\/charlotteabicyclette.com\/#\/schema\/person\/image\/","url":"https:\/\/secure.gravatar.com\/avatar\/20fd74ff441eb3d0fd0a228c0f0c07db?s=96&d=mm&r=g","contentUrl":"https:\/\/secure.gravatar.com\/avatar\/20fd74ff441eb3d0fd0a228c0f0c07db?s=96&d=mm&r=g","caption":"Charlotte"}}]}},"_links":{"self":[{"href":"https:\/\/charlotteabicyclette.com\/index.php\/wp-json\/wp\/v2\/posts\/999","targetHints":{"allow":["GET"]}}],"collection":[{"href":"https:\/\/charlotteabicyclette.com\/index.php\/wp-json\/wp\/v2\/posts"}],"about":[{"href":"https:\/\/charlotteabicyclette.com\/index.php\/wp-json\/wp\/v2\/types\/post"}],"author":[{"embeddable":true,"href":"https:\/\/charlotteabicyclette.com\/index.php\/wp-json\/wp\/v2\/users\/1"}],"replies":[{"embeddable":true,"href":"https:\/\/charlotteabicyclette.com\/index.php\/wp-json\/wp\/v2\/comments?post=999"}],"version-history":[{"count":13,"href":"https:\/\/charlotteabicyclette.com\/index.php\/wp-json\/wp\/v2\/posts\/999\/revisions"}],"predecessor-version":[{"id":1257,"href":"https:\/\/charlotteabicyclette.com\/index.php\/wp-json\/wp\/v2\/posts\/999\/revisions\/1257"}],"wp:featuredmedia":[{"embeddable":true,"href":"https:\/\/charlotteabicyclette.com\/index.php\/wp-json\/wp\/v2\/media\/1012"}],"wp:attachment":[{"href":"https:\/\/charlotteabicyclette.com\/index.php\/wp-json\/wp\/v2\/media?parent=999"}],"wp:term":[{"taxonomy":"category","embeddable":true,"href":"https:\/\/charlotteabicyclette.com\/index.php\/wp-json\/wp\/v2\/categories?post=999"},{"taxonomy":"post_tag","embeddable":true,"href":"https:\/\/charlotteabicyclette.com\/index.php\/wp-json\/wp\/v2\/tags?post=999"}],"curies":[{"name":"wp","href":"https:\/\/api.w.org\/{rel}","templated":true}]}}